{"id":1148,"date":"2013-02-15T10:22:01","date_gmt":"2013-02-15T15:22:01","guid":{"rendered":"http:\/\/www.uqac.ca\/biblio_actu\/?p=1148"},"modified":"2013-02-15T10:22:01","modified_gmt":"2013-02-15T15:22:01","slug":"fermeture-temporaire-de-la-bibliotheque-samedi-16-fevrier-2013","status":"publish","type":"post","link":"https:\/\/www.uqac.ca\/biblio_actu\/information\/fermeture-temporaire-de-la-bibliotheque-samedi-16-fevrier-2013\/","title":{"rendered":"Fermeture temporaire de la biblioth\u00e8que samedi 16 f\u00e9vrier 2013"},"content":{"rendered":"<p>La biblioth\u00e8que Paul-\u00c9mile-Boulet sera exceptionnellement ferm\u00e9e le  samedi 16 f\u00e9vrier en raison de l\u0092arr\u00eat \u00e9lectrique majeur pr\u00e9vu au  Pavillon principal. Les activit\u00e9s reprendront normalement d\u00e8s le  lendemain, soit le dimanche 17 f\u00e9vrier.<\/p>\n<p><strong>Renseignements :<br \/>\n<\/strong>Nadia Villeneuve, conseill\u00e8re en information documentaire<br \/>\nBiblioth\u00e8que Paul-\u00c9mile Boulet<br \/>\nUniversit\u00e9 du Qu\u00e9bec \u00e0 Chicoutimi<br \/>\n418 545-5011, poste 2305  ?  <a href=\"mailto:nadia1_villeneuve@uqac.ca\">nadia1_villeneuve@uqac.ca<\/a><\/p>\n","protected":false},"excerpt":{"rendered":"<p>La biblioth\u00e8que Paul-\u00c9mile-Boulet sera exceptionnellement ferm\u00e9e le samedi 16 f\u00e9vrier en raison de l\u0092arr\u00eat \u00e9lectrique majeur pr\u00e9vu au Pavillon principal. Les activit\u00e9s reprendront normalement d\u00e8s le lendemain, soit le dimanche 17 f\u00e9vrier. Renseignements : Nadia Villeneuve, conseill\u00e8re en information documentaire Biblioth\u00e8que Paul-\u00c9mile Boulet Universit\u00e9 du Qu\u00e9bec \u00e0 Chicoutimi 418 545-5011, poste 2305 ? nadia1_villeneuve@uqac.ca<\/p>\n","protected":false},"author":2,"featured_media":0,"comment_status":"closed","ping_status":"open","sticky":false,"template":"","format":"standard","meta":{"footnotes":""},"categories":[12],"tags":[],"_links":{"self":[{"href":"https:\/\/www.uqac.ca\/biblio_actu\/wp-json\/wp\/v2\/posts\/1148"}],"collection":[{"href":"https:\/\/www.uqac.ca\/biblio_actu\/wp-json\/wp\/v2\/posts"}],"about":[{"href":"https:\/\/www.uqac.ca\/biblio_actu\/wp-json\/wp\/v2\/types\/post"}],"author":[{"embeddable":true,"href":"https:\/\/www.uqac.ca\/biblio_actu\/wp-json\/wp\/v2\/users\/2"}],"replies":[{"embeddable":true,"href":"https:\/\/www.uqac.ca\/biblio_actu\/wp-json\/wp\/v2\/comments?post=1148"}],"version-history":[{"count":2,"href":"https:\/\/www.uqac.ca\/biblio_actu\/wp-json\/wp\/v2\/posts\/1148\/revisions"}],"predecessor-version":[{"id":1150,"href":"https:\/\/www.uqac.ca\/biblio_actu\/wp-json\/wp\/v2\/posts\/1148\/revisions\/1150"}],"wp:attachment":[{"href":"https:\/\/www.uqac.ca\/biblio_actu\/wp-json\/wp\/v2\/media?parent=1148"}],"wp:term":[{"taxonomy":"category","embeddable":true,"href":"https:\/\/www.uqac.ca\/biblio_actu\/wp-json\/wp\/v2\/categories?post=1148"},{"taxonomy":"post_tag","embeddable":true,"href":"https:\/\/www.uqac.ca\/biblio_actu\/wp-json\/wp\/v2\/tags?post=1148"}],"curies":[{"name":"wp","href":"https:\/\/api.w.org\/{rel}","templated":true}]}}