{"id":1598,"date":"2015-02-13T14:56:10","date_gmt":"2015-02-13T19:56:10","guid":{"rendered":"http:\/\/www.uqac.ca\/biblio_actu\/?p=1598"},"modified":"2015-10-13T10:46:09","modified_gmt":"2015-10-13T14:46:09","slug":"formation-endnote-le-16-fevrier-de-10h-a-12h-au-local-p2-8170","status":"publish","type":"post","link":"https:\/\/www.uqac.ca\/biblio_actu\/generalites\/formation-endnote-le-16-fevrier-de-10h-a-12h-au-local-p2-8170\/","title":{"rendered":"Formation EndNote pour Mac le 20 f\u00e9vrier de 10h \u00e0 12h au local P2-8170"},"content":{"rendered":"<p>La biblioth\u00e8que propose la formation Logiciel bibliographique EndNote pour Mac.<\/p>\n<p>D\u2019une dur\u00e9e de 2 heures, cette formation s\u2019adresse \u00e0 toute personne d\u00e9sireuse d&rsquo;int\u00e9grer EndNote \u00e0 son processus de r\u00e9daction de texte et d\u00e9sireuse de ma\u00eetriser davantage les fonctionnalit\u00e9s de base EndNote.<\/p>\n<p><strong>Description :<\/strong><\/p>\n<ul>\n<li>Introduction au logiciel<\/li>\n<li>Ajout de r\u00e9f\u00e9rences et de texte int\u00e9gral dans EndNote<\/li>\n<li>EndNote et Word<\/li>\n<li>Styles bibliographiques, groupes<\/li>\n<li>Bibliographies ind\u00e9pendantes et sauvegarde de biblioth\u00e8ques EndNote<\/li>\n<li>Offerte le 16 f\u00e9vrier 2015 de 10h \u00e0 12h au local P2-8170.<\/li>\n<\/ul>\n<p>Inscrivez-vous en ligne <a href=\"http:\/\/bibvir2.uqac.ca\/ateliers\/inscription.php?id=22\">http:\/\/bibvir2.uqac.ca\/ateliers\/inscription.php?id=22<\/a><\/p>\n","protected":false},"excerpt":{"rendered":"<p>La biblioth\u00e8que propose la formation Logiciel bibliographique EndNote pour Mac. D\u2019une dur\u00e9e de 2 heures, cette formation s\u2019adresse \u00e0 toute personne d\u00e9sireuse d&rsquo;int\u00e9grer EndNote \u00e0 son processus de r\u00e9daction de texte et d\u00e9sireuse de ma\u00eetriser davantage les fonctionnalit\u00e9s de base EndNote. Description : Introduction au logiciel Ajout de r\u00e9f\u00e9rences et de texte int\u00e9gral dans EndNote &hellip; <a href=\"https:\/\/www.uqac.ca\/biblio_actu\/generalites\/formation-endnote-le-16-fevrier-de-10h-a-12h-au-local-p2-8170\/\" class=\"more-link\">Continuer la lecture de <span class=\"screen-reader-text\">Formation EndNote pour Mac le 20 f\u00e9vrier de 10h \u00e0 12h au local P2-8170<\/span>  <span class=\"meta-nav\">&rarr;<\/span><\/a><\/p>\n","protected":false},"author":1001007,"featured_media":0,"comment_status":"closed","ping_status":"open","sticky":false,"template":"","format":"standard","meta":{"footnotes":""},"categories":[3],"tags":[],"_links":{"self":[{"href":"https:\/\/www.uqac.ca\/biblio_actu\/wp-json\/wp\/v2\/posts\/1598"}],"collection":[{"href":"https:\/\/www.uqac.ca\/biblio_actu\/wp-json\/wp\/v2\/posts"}],"about":[{"href":"https:\/\/www.uqac.ca\/biblio_actu\/wp-json\/wp\/v2\/types\/post"}],"author":[{"embeddable":true,"href":"https:\/\/www.uqac.ca\/biblio_actu\/wp-json\/wp\/v2\/users\/1001007"}],"replies":[{"embeddable":true,"href":"https:\/\/www.uqac.ca\/biblio_actu\/wp-json\/wp\/v2\/comments?post=1598"}],"version-history":[{"count":4,"href":"https:\/\/www.uqac.ca\/biblio_actu\/wp-json\/wp\/v2\/posts\/1598\/revisions"}],"predecessor-version":[{"id":1605,"href":"https:\/\/www.uqac.ca\/biblio_actu\/wp-json\/wp\/v2\/posts\/1598\/revisions\/1605"}],"wp:attachment":[{"href":"https:\/\/www.uqac.ca\/biblio_actu\/wp-json\/wp\/v2\/media?parent=1598"}],"wp:term":[{"taxonomy":"category","embeddable":true,"href":"https:\/\/www.uqac.ca\/biblio_actu\/wp-json\/wp\/v2\/categories?post=1598"},{"taxonomy":"post_tag","embeddable":true,"href":"https:\/\/www.uqac.ca\/biblio_actu\/wp-json\/wp\/v2\/tags?post=1598"}],"curies":[{"name":"wp","href":"https:\/\/api.w.org\/{rel}","templated":true}]}}