{"id":1786,"date":"2016-01-19T15:41:18","date_gmt":"2016-01-19T20:41:18","guid":{"rendered":"http:\/\/www.uqac.ca\/biblio_actu\/?p=1786"},"modified":"2016-01-19T15:41:18","modified_gmt":"2016-01-19T20:41:18","slug":"entente-entre-le-mernbci-sur-linformation-geographique-gouvernementale","status":"publish","type":"post","link":"https:\/\/www.uqac.ca\/biblio_actu\/ressources-electroniques\/entente-entre-le-mernbci-sur-linformation-geographique-gouvernementale\/","title":{"rendered":"Entente entre le MERN\/BCI sur l&rsquo;information g\u00e9ographique gouvernementale"},"content":{"rendered":"<p>Le service de la cartoth\u00e8que de la Biblioth\u00e8que Paul-\u00c9mile-Boulet est fier d\u2019annoncer l\u2019entente entre le Bureau de coop\u00e9ration interuniversitaire (BCI) et le minist\u00e8re de l\u2019\u00c9nergie et des Ressources naturelles (MERN) sur les donn\u00e9es g\u00e9ospatiales gouvernementales.<\/p>\n<p>Par cette entente, les institutions universitaires pourront utiliser les Donn\u00e9es \u00e0 des fins de recherche et d\u2019enseignement sous une licence non exclusive et non transf\u00e9rable. Les types de donn\u00e9es incluses dans cette entente sont les suivants\u00a0:<\/p>\n<ul>\n<li>Produits d\u2019Adresses Qu\u00e9bec<\/li>\n<li>Base de donn\u00e9es topographique \u00e0 l&rsquo;\u00e9chelle de 1\/20 000<\/li>\n<li>Base de donn\u00e9es topographique \u00e0 l&rsquo;\u00e9chelle de 1\/100 000<\/li>\n<li>Carte des zones \u00e0 risque d&rsquo;inondation \u00e0 l&rsquo;\u00e9chelle de 1\/2 000<\/li>\n<li>Zones expos\u00e9es aux glissements de terrain \u00e0 l&rsquo;\u00e9chelle de 1\/5 000 (cartes de contraintes)<\/li>\n<li>Couche des d\u00e9coupages administratifs \u00e0 l&rsquo;\u00e9chelle de 1\/20 000<\/li>\n<li>Couche des d\u00e9coupages administratifs \u00e0 l&rsquo;\u00e9chelle de 1\/100 000<\/li>\n<li>Couche hypsom\u00e9trique \u00e0 l&rsquo;\u00e9chelle de 1\/20 000<\/li>\n<li>Couche des d\u00e9coupages socio-\u00e9conomiques \u00e0 l&rsquo;\u00e9chelle de 1\/20 000<\/li>\n<li>Couche des baux de vill\u00e9giature<\/li>\n<li>Couche des zones \u00e0 risque d&rsquo;inondation \u00e0 l&rsquo;\u00e9chelle de 1\/2 000<\/li>\n<li>Couche des composantes d&rsquo;utilisation g\u00e9ographique r\u00e9gionale<\/li>\n<li>Couche des habitats fauniques \u00e0 l\u2019\u00e9chelle de 1\/20 000<\/li>\n<li>Orthophotographies (\u00e9chelles vari\u00e9es, ann\u00e9es 2014 et pr\u00e9c\u00e9dentes)<\/li>\n<li>Mosa\u00efques orthophotographiques (\u00e9chelles vari\u00e9es, ann\u00e9es 2014 et pr\u00e9c\u00e9dentes)<\/li>\n<li>Carte \u00e9coforesti\u00e8re (couverture provinciale)<\/li>\n<li>Couche de classes de pente num\u00e9rique<\/li>\n<li>Cartes des d\u00e9p\u00f4ts de surface<\/li>\n<li>Couche de la v\u00e9g\u00e9tation du Nord qu\u00e9b\u00e9cois<\/li>\n<li>Inventaire \u00e9coforestier du Qu\u00e9bec m\u00e9ridional<\/li>\n<li>Couches\u00a0 annuelles de mises \u00e0 jour des for\u00eats<\/li>\n<li>D\u00e9p\u00f4ts de surface du nord + anaglyphes<\/li>\n<li>Banque de placettes-\u00e9chantillons (permanentes et temporaires)<\/li>\n<li>Cartes topographiques des villages autochtones du nord \u00e0 l&rsquo;\u00e9chelle de 1\/2 000<\/li>\n<li>Mod\u00e8les num\u00e9riques d&rsquo;altitude des villages autochtones du nord \u00e0 l&rsquo;\u00e9chelle 1\/2 000<\/li>\n<li>Donn\u00e9es LiDar des secteurs hydriques<\/li>\n<li>Donn\u00e9es LiDar de la Basse-C\u00f4te-Nord<\/li>\n<li>Mod\u00e8les num\u00e9riques d&rsquo;altitude \u00e0 l\u2019\u00e9chelle de 1\/20 000<\/li>\n<li>Couche des points g\u00e9od\u00e9siques<\/li>\n<li>Syst\u00e8me de gestion des informations g\u00e9od\u00e9siques (G\u00e9odeq III)<\/li>\n<li>Donn\u00e9es GNSS des stations de r\u00e9f\u00e9rence permanente<\/li>\n<li>La compilation cadastrale \u00e0 l\u2019\u00e9chelle de 1\/20\u00a0000 (couche cadastrale seulement)<\/li>\n<li>Les donn\u00e9es du plan du cadastre du Qu\u00e9bec (cadastre r\u00e9nov\u00e9)<\/li>\n<li>Le service en ligne Infolot<\/li>\n<li>Donn\u00e9es du Registre du domaine de l\u2019\u00c9tat<\/li>\n<\/ul>\n<p>&nbsp;<\/p>\n<p>Pour acc\u00e9der aux documents ci-dessus, les utilisateurs devront communiquer avec les coordonnateurs de donn\u00e9es, <a href=\"mailto:nadia1_villeneuve@uqac.ca\">Nadia Villeneuve<\/a> ou <a href=\"mailto:real_beauregard@uqac.ca\">R\u00e9al Beauregard<\/a>.<\/p>\n<p>Pour conna\u00eetre le num\u00e9ro du produit d\u00e9sir\u00e9, consultez <a href=\"http:\/\/geoboutique.mern.gouv.qc.ca\/edel\/pages\/recherche\/critereRechercheEdel.faces\">G\u00e9oboutique Qu\u00e9bec<\/a>.<\/p>\n<p>Pour assurer un respect de l\u2019entente, chaque utilisateur devra accepter les termes de l\u2019utilisation des donn\u00e9es.<\/p>\n","protected":false},"excerpt":{"rendered":"<p>Le service de la cartoth\u00e8que de la Biblioth\u00e8que Paul-\u00c9mile-Boulet est fier d\u2019annoncer l\u2019entente entre le Bureau de coop\u00e9ration interuniversitaire (BCI) et le minist\u00e8re de l\u2019\u00c9nergie et des Ressources naturelles (MERN) sur les donn\u00e9es g\u00e9ospatiales gouvernementales. Par cette entente, les institutions universitaires pourront utiliser les Donn\u00e9es \u00e0 des fins de recherche et d\u2019enseignement sous une licence &hellip; <a href=\"https:\/\/www.uqac.ca\/biblio_actu\/ressources-electroniques\/entente-entre-le-mernbci-sur-linformation-geographique-gouvernementale\/\" class=\"more-link\">Continuer la lecture de <span class=\"screen-reader-text\">Entente entre le MERN\/BCI sur l&rsquo;information g\u00e9ographique gouvernementale<\/span>  <span class=\"meta-nav\">&rarr;<\/span><\/a><\/p>\n","protected":false},"author":1001007,"featured_media":0,"comment_status":"closed","ping_status":"open","sticky":false,"template":"","format":"standard","meta":{"footnotes":""},"categories":[22,23,8,5],"tags":[],"_links":{"self":[{"href":"https:\/\/www.uqac.ca\/biblio_actu\/wp-json\/wp\/v2\/posts\/1786"}],"collection":[{"href":"https:\/\/www.uqac.ca\/biblio_actu\/wp-json\/wp\/v2\/posts"}],"about":[{"href":"https:\/\/www.uqac.ca\/biblio_actu\/wp-json\/wp\/v2\/types\/post"}],"author":[{"embeddable":true,"href":"https:\/\/www.uqac.ca\/biblio_actu\/wp-json\/wp\/v2\/users\/1001007"}],"replies":[{"embeddable":true,"href":"https:\/\/www.uqac.ca\/biblio_actu\/wp-json\/wp\/v2\/comments?post=1786"}],"version-history":[{"count":1,"href":"https:\/\/www.uqac.ca\/biblio_actu\/wp-json\/wp\/v2\/posts\/1786\/revisions"}],"predecessor-version":[{"id":1787,"href":"https:\/\/www.uqac.ca\/biblio_actu\/wp-json\/wp\/v2\/posts\/1786\/revisions\/1787"}],"wp:attachment":[{"href":"https:\/\/www.uqac.ca\/biblio_actu\/wp-json\/wp\/v2\/media?parent=1786"}],"wp:term":[{"taxonomy":"category","embeddable":true,"href":"https:\/\/www.uqac.ca\/biblio_actu\/wp-json\/wp\/v2\/categories?post=1786"},{"taxonomy":"post_tag","embeddable":true,"href":"https:\/\/www.uqac.ca\/biblio_actu\/wp-json\/wp\/v2\/tags?post=1786"}],"curies":[{"name":"wp","href":"https:\/\/api.w.org\/{rel}","templated":true}]}}