{"id":1968,"date":"2017-01-19T08:55:29","date_gmt":"2017-01-19T13:55:29","guid":{"rendered":"http:\/\/www.uqac.ca\/biblio_actu\/?p=1968"},"modified":"2017-02-06T09:03:49","modified_gmt":"2017-02-06T14:03:49","slug":"gerer-vos-references-bibliographiques-atelier-sur-endnote-le-24-janvier","status":"publish","type":"post","link":"https:\/\/www.uqac.ca\/biblio_actu\/ressources-electroniques\/gerer-vos-references-bibliographiques-atelier-sur-endnote-le-24-janvier\/","title":{"rendered":"G\u00e9rer vos r\u00e9f\u00e9rences bibliographiques &#8211; Atelier sur EndNote le 8 f\u00e9vrier (Sp\u00e9cial Mac)"},"content":{"rendered":"<p>Apprenez \u00e0 g\u00e9rer vos r\u00e9f\u00e9rences bibliographiques avec le logiciel EndNote.<\/p>\n<p><span style=\"font-weight: bold;\">Description :<\/span><\/p>\n<ul>\n<li>Ajout de r\u00e9f\u00e9rences et importation de texte int\u00e9gral (pdf)<\/li>\n<li>Insertion de citations et bibliographies dans des logiciels de traitement de textes<\/li>\n<li>Partage de r\u00e9f\u00e9rences ou de bibliographies<\/li>\n<li>Gestion des r\u00e9r\u00e9rences avec les groupes<\/li>\n<\/ul>\n<p>Dates disponibles pour la session :<\/p>\n<p>8 f\u00e9vrier (sp\u00e9cial Mac)\u00a0de 14h \u00e0 16h au local P2-8170<span class=\"text_exposed_show\"><br \/>\n20 f\u00e9vrier de 14h \u00e0 16h au local P2-8170<\/span><\/p>\n<div class=\"text_exposed_show\">\n<p>Pour inscription : <a href=\"http:\/\/bibliotheque.uqac.ca\/formations\/\" target=\"_blank\" rel=\"nofollow\">http:\/\/bibliotheque.uqac.ca\/formations\/<\/a><\/p>\n<\/div>\n","protected":false},"excerpt":{"rendered":"<p>Apprenez \u00e0 g\u00e9rer vos r\u00e9f\u00e9rences bibliographiques avec le logiciel EndNote. Description : Ajout de r\u00e9f\u00e9rences et importation de texte int\u00e9gral (pdf) Insertion de citations et bibliographies dans des logiciels de traitement de textes Partage de r\u00e9f\u00e9rences ou de bibliographies Gestion des r\u00e9r\u00e9rences avec les groupes Dates disponibles pour la session : 8 f\u00e9vrier (sp\u00e9cial Mac)\u00a0de &hellip; <a href=\"https:\/\/www.uqac.ca\/biblio_actu\/ressources-electroniques\/gerer-vos-references-bibliographiques-atelier-sur-endnote-le-24-janvier\/\" class=\"more-link\">Continuer la lecture de <span class=\"screen-reader-text\">G\u00e9rer vos r\u00e9f\u00e9rences bibliographiques &#8211; Atelier sur EndNote le 8 f\u00e9vrier (Sp\u00e9cial Mac)<\/span>  <span class=\"meta-nav\">&rarr;<\/span><\/a><\/p>\n","protected":false},"author":1001007,"featured_media":0,"comment_status":"closed","ping_status":"open","sticky":false,"template":"","format":"standard","meta":{"footnotes":""},"categories":[13,5],"tags":[18],"_links":{"self":[{"href":"https:\/\/www.uqac.ca\/biblio_actu\/wp-json\/wp\/v2\/posts\/1968"}],"collection":[{"href":"https:\/\/www.uqac.ca\/biblio_actu\/wp-json\/wp\/v2\/posts"}],"about":[{"href":"https:\/\/www.uqac.ca\/biblio_actu\/wp-json\/wp\/v2\/types\/post"}],"author":[{"embeddable":true,"href":"https:\/\/www.uqac.ca\/biblio_actu\/wp-json\/wp\/v2\/users\/1001007"}],"replies":[{"embeddable":true,"href":"https:\/\/www.uqac.ca\/biblio_actu\/wp-json\/wp\/v2\/comments?post=1968"}],"version-history":[{"count":3,"href":"https:\/\/www.uqac.ca\/biblio_actu\/wp-json\/wp\/v2\/posts\/1968\/revisions"}],"predecessor-version":[{"id":1973,"href":"https:\/\/www.uqac.ca\/biblio_actu\/wp-json\/wp\/v2\/posts\/1968\/revisions\/1973"}],"wp:attachment":[{"href":"https:\/\/www.uqac.ca\/biblio_actu\/wp-json\/wp\/v2\/media?parent=1968"}],"wp:term":[{"taxonomy":"category","embeddable":true,"href":"https:\/\/www.uqac.ca\/biblio_actu\/wp-json\/wp\/v2\/categories?post=1968"},{"taxonomy":"post_tag","embeddable":true,"href":"https:\/\/www.uqac.ca\/biblio_actu\/wp-json\/wp\/v2\/tags?post=1968"}],"curies":[{"name":"wp","href":"https:\/\/api.w.org\/{rel}","templated":true}]}}