{"id":1983,"date":"2017-03-13T12:27:41","date_gmt":"2017-03-13T16:27:41","guid":{"rendered":"http:\/\/www.uqac.ca\/biblio_actu\/?p=1983"},"modified":"2017-03-14T11:31:58","modified_gmt":"2017-03-14T15:31:58","slug":"campagne-ma-bibliotheque-jy-vais-ne-manquez-pas-les-declarations-des-ambassadeurs-de-luqac","status":"publish","type":"post","link":"https:\/\/www.uqac.ca\/biblio_actu\/generalites\/campagne-ma-bibliotheque-jy-vais-ne-manquez-pas-les-declarations-des-ambassadeurs-de-luqac\/","title":{"rendered":"Campagne Ma biblioth\u00e8que j&rsquo;y vais! Ne manquez pas les d\u00e9clarations des ambassadeurs de l&rsquo;UQAC"},"content":{"rendered":"<p>Du 6 au 24 mars, vous pourrez apercevoir la campagne <em>Ma biblioth\u00e8que j&rsquo;y vais<\/em> un peu partout dans les m\u00e9dias de l&rsquo;UQAC\u00a0ainsi que\u00a0dans le journal Le Quotidien.<\/p>\n<p>Cette campagne est issue de la <em>D\u00e9claration des biblioth\u00e8ques qu\u00e9b\u00e9coises<\/em> propos\u00e9e par la Table permanente de concertation des biblioth\u00e8ques qu\u00e9b\u00e9coises, sous la pr\u00e9sidence de Biblioth\u00e8que et Archives nationales du Qu\u00e9bec. Une campagne nationale a d\u00e9j\u00e0 \u00e9t\u00e9 amorc\u00e9e \u00e0 travers le Qu\u00e9bec depuis novembre dernier.<\/p>\n<p>Le but de cette campagne est de d\u00e9montrer que les biblioth\u00e8ques sont au c\u0153ur des d\u00e9veloppements culturels, sociaux et \u00e9conomiques de la soci\u00e9t\u00e9.<\/p>\n<p>Des \u00e9tudiants, des professeurs et des dipl\u00f4m\u00e9s de l&rsquo;UQAC ont accept\u00e9 d&rsquo;agir en tant qu&rsquo;ambassadeur et de t\u00e9moigner sur ce que repr\u00e9sente pour eux\u00a0la biblioth\u00e8que Paul-\u00c9mile-Boulet.<\/p>\n<p>Pour consulter les d\u00e9clarations des ambassadeurs de l&rsquo;UQAC et pour en savoir plus sur la campagne <em>Ma biblioth\u00e8que j&rsquo;y vais, <\/em><a href=\"http:\/\/bibliotheque.uqac.ca\/declaration\/\">cliquez ici<\/a>.<\/p>\n","protected":false},"excerpt":{"rendered":"<p>Du 6 au 24 mars, vous pourrez apercevoir la campagne Ma biblioth\u00e8que j&rsquo;y vais un peu partout dans les m\u00e9dias de l&rsquo;UQAC\u00a0ainsi que\u00a0dans le journal Le Quotidien. Cette campagne est issue de la D\u00e9claration des biblioth\u00e8ques qu\u00e9b\u00e9coises propos\u00e9e par la Table permanente de concertation des biblioth\u00e8ques qu\u00e9b\u00e9coises, sous la pr\u00e9sidence de Biblioth\u00e8que et Archives nationales &hellip; <a href=\"https:\/\/www.uqac.ca\/biblio_actu\/generalites\/campagne-ma-bibliotheque-jy-vais-ne-manquez-pas-les-declarations-des-ambassadeurs-de-luqac\/\" class=\"more-link\">Continuer la lecture de <span class=\"screen-reader-text\">Campagne Ma biblioth\u00e8que j&rsquo;y vais! Ne manquez pas les d\u00e9clarations des ambassadeurs de l&rsquo;UQAC<\/span>  <span class=\"meta-nav\">&rarr;<\/span><\/a><\/p>\n","protected":false},"author":1001007,"featured_media":0,"comment_status":"closed","ping_status":"open","sticky":false,"template":"","format":"standard","meta":{"footnotes":""},"categories":[3],"tags":[],"_links":{"self":[{"href":"https:\/\/www.uqac.ca\/biblio_actu\/wp-json\/wp\/v2\/posts\/1983"}],"collection":[{"href":"https:\/\/www.uqac.ca\/biblio_actu\/wp-json\/wp\/v2\/posts"}],"about":[{"href":"https:\/\/www.uqac.ca\/biblio_actu\/wp-json\/wp\/v2\/types\/post"}],"author":[{"embeddable":true,"href":"https:\/\/www.uqac.ca\/biblio_actu\/wp-json\/wp\/v2\/users\/1001007"}],"replies":[{"embeddable":true,"href":"https:\/\/www.uqac.ca\/biblio_actu\/wp-json\/wp\/v2\/comments?post=1983"}],"version-history":[{"count":1,"href":"https:\/\/www.uqac.ca\/biblio_actu\/wp-json\/wp\/v2\/posts\/1983\/revisions"}],"predecessor-version":[{"id":1984,"href":"https:\/\/www.uqac.ca\/biblio_actu\/wp-json\/wp\/v2\/posts\/1983\/revisions\/1984"}],"wp:attachment":[{"href":"https:\/\/www.uqac.ca\/biblio_actu\/wp-json\/wp\/v2\/media?parent=1983"}],"wp:term":[{"taxonomy":"category","embeddable":true,"href":"https:\/\/www.uqac.ca\/biblio_actu\/wp-json\/wp\/v2\/categories?post=1983"},{"taxonomy":"post_tag","embeddable":true,"href":"https:\/\/www.uqac.ca\/biblio_actu\/wp-json\/wp\/v2\/tags?post=1983"}],"curies":[{"name":"wp","href":"https:\/\/api.w.org\/{rel}","templated":true}]}}