{"id":2181,"date":"2018-02-02T14:40:05","date_gmt":"2018-02-02T19:40:05","guid":{"rendered":"http:\/\/www.uqac.ca\/biblio_actu\/?p=2181"},"modified":"2018-01-31T15:03:58","modified_gmt":"2018-01-31T20:03:58","slug":"lancement-de-la-boite-a-livres","status":"publish","type":"post","link":"https:\/\/www.uqac.ca\/biblio_actu\/generalites\/lancement-de-la-boite-a-livres\/","title":{"rendered":"Lancement de la bo\u00eete \u00e0 livres"},"content":{"rendered":"<p style=\"margin: 0cm 0cm 8pt;\"><span style=\"color: #000000; font-family: Calibri; font-size: medium;\">Nouveaut\u00e9! Aviez-vous remarqu\u00e9 notre bo\u00eete \u00e0 livres \u00e0 l\u2019entr\u00e9e de la biblioth\u00e8que?<\/span><\/p>\n<p style=\"margin: 0cm 0cm 8pt;\"><span style=\"color: #000000; font-family: Calibri; font-size: medium;\">Lancement officiel mardi prochain le 6 f\u00e9vrier \u00e0 15h.<\/span><\/p>\n<p style=\"margin: 0cm 0cm 8pt;\"><span style=\"color: #000000; font-family: Calibri; font-size: medium;\">Si le c\u0153ur vous en dit, apportez un livre pour garnir la bo\u00eete!<\/span><\/p>\n<p style=\"margin: 0cm 0cm 8pt;\"><span style=\"color: #000000; font-family: Calibri; font-size: medium;\">\u00a0On vous attend en grand nombre!<\/span><\/p>\n<p style=\"margin: 0cm 0cm 8pt;\"><span style=\"color: #000000; font-family: Calibri; font-size: medium;\">Fonctionnement d\u2019une bo\u00eete \u00e0 livres\u00a0: Prendre et\/ou laisser un livre (romans, bande-dessin\u00e9e, etc.) afin de favoriser\u00a0le partage\u00a0et la d\u00e9couverte de la culture litt\u00e9raire.<\/span><\/p>\n","protected":false},"excerpt":{"rendered":"<p>Nouveaut\u00e9! Aviez-vous remarqu\u00e9 notre bo\u00eete \u00e0 livres \u00e0 l\u2019entr\u00e9e de la biblioth\u00e8que? Lancement officiel mardi prochain le 6 f\u00e9vrier \u00e0 15h. Si le c\u0153ur vous en dit, apportez un livre pour garnir la bo\u00eete! \u00a0On vous attend en grand nombre! Fonctionnement d\u2019une bo\u00eete \u00e0 livres\u00a0: Prendre et\/ou laisser un livre (romans, bande-dessin\u00e9e, etc.) afin de &hellip; <a href=\"https:\/\/www.uqac.ca\/biblio_actu\/generalites\/lancement-de-la-boite-a-livres\/\" class=\"more-link\">Continuer la lecture de <span class=\"screen-reader-text\">Lancement de la bo\u00eete \u00e0 livres<\/span>  <span class=\"meta-nav\">&rarr;<\/span><\/a><\/p>\n","protected":false},"author":1001007,"featured_media":0,"comment_status":"closed","ping_status":"open","sticky":false,"template":"","format":"standard","meta":{"footnotes":""},"categories":[3],"tags":[],"_links":{"self":[{"href":"https:\/\/www.uqac.ca\/biblio_actu\/wp-json\/wp\/v2\/posts\/2181"}],"collection":[{"href":"https:\/\/www.uqac.ca\/biblio_actu\/wp-json\/wp\/v2\/posts"}],"about":[{"href":"https:\/\/www.uqac.ca\/biblio_actu\/wp-json\/wp\/v2\/types\/post"}],"author":[{"embeddable":true,"href":"https:\/\/www.uqac.ca\/biblio_actu\/wp-json\/wp\/v2\/users\/1001007"}],"replies":[{"embeddable":true,"href":"https:\/\/www.uqac.ca\/biblio_actu\/wp-json\/wp\/v2\/comments?post=2181"}],"version-history":[{"count":3,"href":"https:\/\/www.uqac.ca\/biblio_actu\/wp-json\/wp\/v2\/posts\/2181\/revisions"}],"predecessor-version":[{"id":2189,"href":"https:\/\/www.uqac.ca\/biblio_actu\/wp-json\/wp\/v2\/posts\/2181\/revisions\/2189"}],"wp:attachment":[{"href":"https:\/\/www.uqac.ca\/biblio_actu\/wp-json\/wp\/v2\/media?parent=2181"}],"wp:term":[{"taxonomy":"category","embeddable":true,"href":"https:\/\/www.uqac.ca\/biblio_actu\/wp-json\/wp\/v2\/categories?post=2181"},{"taxonomy":"post_tag","embeddable":true,"href":"https:\/\/www.uqac.ca\/biblio_actu\/wp-json\/wp\/v2\/tags?post=2181"}],"curies":[{"name":"wp","href":"https:\/\/api.w.org\/{rel}","templated":true}]}}