{"id":2293,"date":"2018-12-18T09:29:32","date_gmt":"2018-12-18T14:29:32","guid":{"rendered":"http:\/\/www.uqac.ca\/biblio_actu\/?p=2293"},"modified":"2018-12-12T09:31:30","modified_gmt":"2018-12-12T14:31:30","slug":"horaire-pour-la-periode-des-fetes","status":"publish","type":"post","link":"https:\/\/www.uqac.ca\/biblio_actu\/generalites\/horaire-pour-la-periode-des-fetes\/","title":{"rendered":"Horaire pour la p\u00e9riode des f\u00eates"},"content":{"rendered":"<p><span style=\"color: #1d2129; text-transform: none; text-indent: 0px; letter-spacing: normal; font-family: Helvetica, Arial, sans-serif; font-size: 14px; font-style: normal; font-weight: 400; word-spacing: 0px; float: none; display: inline !important; white-space: normal; orphans: 2; widows: 2; background-color: #ffffff; font-variant-ligatures: normal; font-variant-caps: normal; -webkit-text-stroke-width: 0px; text-decoration-style: initial; text-decoration-color: initial;\">Veuillez prendre note que le 21 d\u00e9cembre, la biblioth\u00e8que fermera ses portes \u00e0 midi pour la p\u00e9riode des f\u00eates.<\/span><\/p>\n<p><span style=\"color: #1d2129; text-transform: none; text-indent: 0px; letter-spacing: normal; font-family: Helvetica, Arial, sans-serif; font-size: 14px; font-style: normal; font-weight: 400; word-spacing: 0px; float: none; display: inline !important; white-space: normal; orphans: 2; widows: 2; background-color: #ffffff; font-variant-ligatures: normal; font-variant-caps: normal; -webkit-text-stroke-width: 0px; text-decoration-style: initial; text-decoration-color: initial;\">Au retour, les 3 et 4 janvier prochain, la biblioth\u00e8que sera ouverte de 8 h \u00e0 17 h. <\/span><\/p>\n<p><span style=\"color: #1d2129; text-transform: none; text-indent: 0px; letter-spacing: normal; font-family: Helvetica, Arial, sans-serif; font-size: 14px; font-style: normal; font-weight: 400; word-spacing: 0px; float: none; display: inline !important; white-space: normal; orphans: 2; widows: 2; background-color: #ffffff; font-variant-ligatures: normal; font-variant-caps: normal; -webkit-text-stroke-width: 0px; text-decoration-style: initial; text-decoration-color: initial;\">L\u2019horaire r\u00e9gulier reprendra d\u00e8s le samedi 5 janvier.<br \/>\n<br style=\"color: #1d2129; text-transform: none; text-indent: 0px; letter-spacing: normal; font-family: Helvetica, Arial, sans-serif; font-size: 14px; font-style: normal; font-weight: 400; word-spacing: 0px; white-space: normal; orphans: 2; widows: 2; background-color: #ffffff; font-variant-ligatures: normal; font-variant-caps: normal; -webkit-text-stroke-width: 0px; text-decoration-style: initial; text-decoration-color: initial;\" \/><span style=\"color: #1d2129; text-transform: none; text-indent: 0px; letter-spacing: normal; font-family: Helvetica, Arial, sans-serif; font-size: 14px; font-style: normal; font-weight: 400; word-spacing: 0px; float: none; display: inline !important; white-space: normal; orphans: 2; widows: 2; background-color: #ffffff; font-variant-ligatures: normal; font-variant-caps: normal; -webkit-text-stroke-width: 0px; text-decoration-style: initial; text-decoration-color: initial;\">Nous vous souhaitons de Joyeuses f\u00eates!<\/span><\/span><\/p>\n","protected":false},"excerpt":{"rendered":"<p>Veuillez prendre note que le 21 d\u00e9cembre, la biblioth\u00e8que fermera ses portes \u00e0 midi pour la p\u00e9riode des f\u00eates. Au retour, les 3 et 4 janvier prochain, la biblioth\u00e8que sera ouverte de 8 h \u00e0 17 h. L\u2019horaire r\u00e9gulier reprendra d\u00e8s le samedi 5 janvier. Nous vous souhaitons de Joyeuses f\u00eates!<\/p>\n","protected":false},"author":1001007,"featured_media":0,"comment_status":"closed","ping_status":"open","sticky":false,"template":"","format":"standard","meta":{"footnotes":""},"categories":[3],"tags":[],"_links":{"self":[{"href":"https:\/\/www.uqac.ca\/biblio_actu\/wp-json\/wp\/v2\/posts\/2293"}],"collection":[{"href":"https:\/\/www.uqac.ca\/biblio_actu\/wp-json\/wp\/v2\/posts"}],"about":[{"href":"https:\/\/www.uqac.ca\/biblio_actu\/wp-json\/wp\/v2\/types\/post"}],"author":[{"embeddable":true,"href":"https:\/\/www.uqac.ca\/biblio_actu\/wp-json\/wp\/v2\/users\/1001007"}],"replies":[{"embeddable":true,"href":"https:\/\/www.uqac.ca\/biblio_actu\/wp-json\/wp\/v2\/comments?post=2293"}],"version-history":[{"count":1,"href":"https:\/\/www.uqac.ca\/biblio_actu\/wp-json\/wp\/v2\/posts\/2293\/revisions"}],"predecessor-version":[{"id":2294,"href":"https:\/\/www.uqac.ca\/biblio_actu\/wp-json\/wp\/v2\/posts\/2293\/revisions\/2294"}],"wp:attachment":[{"href":"https:\/\/www.uqac.ca\/biblio_actu\/wp-json\/wp\/v2\/media?parent=2293"}],"wp:term":[{"taxonomy":"category","embeddable":true,"href":"https:\/\/www.uqac.ca\/biblio_actu\/wp-json\/wp\/v2\/categories?post=2293"},{"taxonomy":"post_tag","embeddable":true,"href":"https:\/\/www.uqac.ca\/biblio_actu\/wp-json\/wp\/v2\/tags?post=2293"}],"curies":[{"name":"wp","href":"https:\/\/api.w.org\/{rel}","templated":true}]}}