{"id":257,"date":"2011-02-02T10:09:20","date_gmt":"2011-02-02T15:09:20","guid":{"rendered":"http:\/\/www.uqac.ca\/biblio_actu\/?p=257"},"modified":"2011-02-08T15:01:10","modified_gmt":"2011-02-08T20:01:10","slug":"lancement-de-la-programmation-dhiver","status":"publish","type":"post","link":"https:\/\/www.uqac.ca\/biblio_actu\/generalites\/lancement-de-la-programmation-dhiver\/","title":{"rendered":"Lancement de la programmation d&rsquo;hiver"},"content":{"rendered":"<p>La biblioth\u00e8que Paul-\u00c9mile-Boulet lance sa programmation demain, jeudi le 3 f\u00e9vrier \u00e0 16h, avec le documentaire <em>L&rsquo;incroyable histoire des machines \u00e0 pluie<\/em>, qui raconte que la r\u00e9gion du Saguenay-Lac-Saint-Jean aurait poss\u00e9d\u00e9 de ces machines, capables de cr\u00e9er de la pluie&#8230;<\/p>\n<p>La programmation ainsi que l&rsquo;information d\u00e9taill\u00e9e sont disponibles \u00e0 l&rsquo;adresse suivante: <a href=\"http:\/\/bibliotheque.uqac.ca\/services\/audiovideotheque\/programmation_h2011.php\">http:\/\/bibliotheque.uqac.ca\/services\/audiovideotheque\/programmation_h2011.php<\/a><\/p>\n<p>Bon visionnement!<\/p>\n","protected":false},"excerpt":{"rendered":"<p>La biblioth\u00e8que Paul-\u00c9mile-Boulet lance sa programmation demain, jeudi le 3 f\u00e9vrier \u00e0 16h, avec le documentaire L&rsquo;incroyable histoire des machines \u00e0 pluie, qui raconte que la r\u00e9gion du Saguenay-Lac-Saint-Jean aurait poss\u00e9d\u00e9 de ces machines, capables de cr\u00e9er de la pluie&#8230; La programmation ainsi que l&rsquo;information d\u00e9taill\u00e9e sont disponibles \u00e0 l&rsquo;adresse suivante: http:\/\/bibliotheque.uqac.ca\/services\/audiovideotheque\/programmation_h2011.php Bon visionnement!<\/p>\n","protected":false},"author":2,"featured_media":0,"comment_status":"closed","ping_status":"open","sticky":false,"template":"","format":"standard","meta":{"footnotes":""},"categories":[3],"tags":[],"_links":{"self":[{"href":"https:\/\/www.uqac.ca\/biblio_actu\/wp-json\/wp\/v2\/posts\/257"}],"collection":[{"href":"https:\/\/www.uqac.ca\/biblio_actu\/wp-json\/wp\/v2\/posts"}],"about":[{"href":"https:\/\/www.uqac.ca\/biblio_actu\/wp-json\/wp\/v2\/types\/post"}],"author":[{"embeddable":true,"href":"https:\/\/www.uqac.ca\/biblio_actu\/wp-json\/wp\/v2\/users\/2"}],"replies":[{"embeddable":true,"href":"https:\/\/www.uqac.ca\/biblio_actu\/wp-json\/wp\/v2\/comments?post=257"}],"version-history":[{"count":5,"href":"https:\/\/www.uqac.ca\/biblio_actu\/wp-json\/wp\/v2\/posts\/257\/revisions"}],"predecessor-version":[{"id":266,"href":"https:\/\/www.uqac.ca\/biblio_actu\/wp-json\/wp\/v2\/posts\/257\/revisions\/266"}],"wp:attachment":[{"href":"https:\/\/www.uqac.ca\/biblio_actu\/wp-json\/wp\/v2\/media?parent=257"}],"wp:term":[{"taxonomy":"category","embeddable":true,"href":"https:\/\/www.uqac.ca\/biblio_actu\/wp-json\/wp\/v2\/categories?post=257"},{"taxonomy":"post_tag","embeddable":true,"href":"https:\/\/www.uqac.ca\/biblio_actu\/wp-json\/wp\/v2\/tags?post=257"}],"curies":[{"name":"wp","href":"https:\/\/api.w.org\/{rel}","templated":true}]}}