{"id":2681,"date":"2022-03-03T08:38:10","date_gmt":"2022-03-03T13:38:10","guid":{"rendered":"http:\/\/www.uqac.ca\/biblio_actu\/?p=2681"},"modified":"2022-03-03T08:38:49","modified_gmt":"2022-03-03T13:38:49","slug":"partez-du-bon-pied-avec-votre-redaction-de-memoire-et-these","status":"publish","type":"post","link":"https:\/\/www.uqac.ca\/biblio_actu\/nouveautes\/partez-du-bon-pied-avec-votre-redaction-de-memoire-et-these\/","title":{"rendered":"Partez du bon pied avec votre r\u00e9daction de m\u00e9moire et th\u00e8se"},"content":{"rendered":"<div dir=\"auto\">\n<div id=\"jsc_c_12t\" class=\"ecm0bbzt hv4rvrfc ihqw7lf3 dati1w0a\" data-ad-comet-preview=\"message\" data-ad-preview=\"message\">\n<div class=\"j83agx80 cbu4d94t ew0dbk1b irj2b8pg\">\n<div class=\"qzhwtbm6 knvmm38d\">\n<div class=\"kvgmc6g5 cxmmr5t8 oygrvhab hcukyx3x c1et5uql ii04i59q\">\n<div dir=\"auto\">Les services de la biblioth\u00e8que et le D\u00e9canat des \u00e9tudes de l&rsquo;UQAC vous offrent la formation \u00abPartez du bon pied avec votre r\u00e9daction de m\u00e9moire et th\u00e8se\u00bb<\/div>\n<div dir=\"auto\">La r\u00e9daction d\u2019un m\u00e9moire ou d\u2019une th\u00e8se n\u00e9cessite une attention particuli\u00e8re aux d\u00e9tails, mais aussi au droit d\u2019auteur lorsque vous int\u00e9grez des \u00e9l\u00e9ments textuels ou visuels dans un document. En plus de ma\u00eetriser votre sujet, vous devez vous assurer de produire un document qui respectera les crit\u00e8res de l\u2019UQAC et de votre d\u00e9partement. La formation offerte vous permettra de d\u00e9couvrir les mod\u00e8les disponibles pour produire un document de qualit\u00e9 ainsi que de comprendre les r\u00e8gles permettant ou non l\u2019int\u00e9gration d\u2019images, de figures et de tableaux dans votre production acad\u00e9mique.<\/div>\n<div dir=\"auto\">Inscription obligatoire, limite de 15 participants<\/div>\n<div dir=\"auto\">Mercredi 9 mars \u00e0 11h <a class=\"oajrlxb2 g5ia77u1 qu0x051f esr5mh6w e9989ue4 r7d6kgcz rq0escxv nhd2j8a9 nc684nl6 p7hjln8o kvgmc6g5 cxmmr5t8 oygrvhab hcukyx3x jb3vyjys rz4wbd8a qt6c0cv9 a8nywdso i1ao9s8h esuyzwwr f1sip0of lzcic4wl gpro0wi8 py34i1dx\" tabindex=\"0\" href=\"https:\/\/salles.bibliotheque.uqac.ca\/event\/3665257?fbclid=IwAR2V9VgyZTH--ngXRrTOP_66li7Tqtl6kd-D_avmsShiDCD0Ox2rcheXfdw\" target=\"_blank\" rel=\"nofollow noopener\">https:\/\/salles.bibliotheque.uqac.ca\/event\/3665257<\/a><\/div>\n<div dir=\"auto\">Jeudi 10 mars \u00e0 11h <a class=\"oajrlxb2 g5ia77u1 qu0x051f esr5mh6w e9989ue4 r7d6kgcz rq0escxv nhd2j8a9 nc684nl6 p7hjln8o kvgmc6g5 cxmmr5t8 oygrvhab hcukyx3x jb3vyjys rz4wbd8a qt6c0cv9 a8nywdso i1ao9s8h esuyzwwr f1sip0of lzcic4wl gpro0wi8 py34i1dx\" tabindex=\"0\" href=\"https:\/\/salles.bibliotheque.uqac.ca\/event\/3665258?fbclid=IwAR2-jDDZtnRevsVbZHfeAXUG0_NG0cZuc_S8v8Zkanb43tZwEeMd7rcEc54\" target=\"_blank\" rel=\"nofollow noopener\">https:\/\/salles.bibliotheque.uqac.ca\/event\/3665258<\/a><\/div>\n<div dir=\"auto\">Jeudi 31 mars \u00e0 11h <a class=\"oajrlxb2 g5ia77u1 qu0x051f esr5mh6w e9989ue4 r7d6kgcz rq0escxv nhd2j8a9 nc684nl6 p7hjln8o kvgmc6g5 cxmmr5t8 oygrvhab hcukyx3x jb3vyjys rz4wbd8a qt6c0cv9 a8nywdso i1ao9s8h esuyzwwr f1sip0of lzcic4wl gpro0wi8 py34i1dx\" tabindex=\"0\" href=\"https:\/\/salles.bibliotheque.uqac.ca\/event\/3665259?fbclid=IwAR1XQABn-7kswG-3WFFor-42Ks88WaQVGndPPCRJQYkDk1EYqoKKiKr8IIY\" target=\"_blank\" rel=\"nofollow noopener\">https:\/\/salles.bibliotheque.uqac.ca\/event\/3665259<\/a><\/div>\n<\/div>\n<\/div>\n<\/div>\n<\/div>\n<\/div>\n","protected":false},"excerpt":{"rendered":"<p>Les services de la biblioth\u00e8que et le D\u00e9canat des \u00e9tudes de l&rsquo;UQAC vous offrent la formation \u00abPartez du bon pied avec votre r\u00e9daction de m\u00e9moire et th\u00e8se\u00bb La r\u00e9daction d\u2019un m\u00e9moire ou d\u2019une th\u00e8se n\u00e9cessite une attention particuli\u00e8re aux d\u00e9tails, mais aussi au droit d\u2019auteur lorsque vous int\u00e9grez des \u00e9l\u00e9ments textuels ou visuels dans un &hellip; <a href=\"https:\/\/www.uqac.ca\/biblio_actu\/nouveautes\/partez-du-bon-pied-avec-votre-redaction-de-memoire-et-these\/\" class=\"more-link\">Continuer la lecture de <span class=\"screen-reader-text\">Partez du bon pied avec votre r\u00e9daction de m\u00e9moire et th\u00e8se<\/span>  <span class=\"meta-nav\">&rarr;<\/span><\/a><\/p>\n","protected":false},"author":1001007,"featured_media":0,"comment_status":"closed","ping_status":"closed","sticky":false,"template":"","format":"standard","meta":{"footnotes":""},"categories":[34,13,12,15,9],"tags":[],"_links":{"self":[{"href":"https:\/\/www.uqac.ca\/biblio_actu\/wp-json\/wp\/v2\/posts\/2681"}],"collection":[{"href":"https:\/\/www.uqac.ca\/biblio_actu\/wp-json\/wp\/v2\/posts"}],"about":[{"href":"https:\/\/www.uqac.ca\/biblio_actu\/wp-json\/wp\/v2\/types\/post"}],"author":[{"embeddable":true,"href":"https:\/\/www.uqac.ca\/biblio_actu\/wp-json\/wp\/v2\/users\/1001007"}],"replies":[{"embeddable":true,"href":"https:\/\/www.uqac.ca\/biblio_actu\/wp-json\/wp\/v2\/comments?post=2681"}],"version-history":[{"count":2,"href":"https:\/\/www.uqac.ca\/biblio_actu\/wp-json\/wp\/v2\/posts\/2681\/revisions"}],"predecessor-version":[{"id":2683,"href":"https:\/\/www.uqac.ca\/biblio_actu\/wp-json\/wp\/v2\/posts\/2681\/revisions\/2683"}],"wp:attachment":[{"href":"https:\/\/www.uqac.ca\/biblio_actu\/wp-json\/wp\/v2\/media?parent=2681"}],"wp:term":[{"taxonomy":"category","embeddable":true,"href":"https:\/\/www.uqac.ca\/biblio_actu\/wp-json\/wp\/v2\/categories?post=2681"},{"taxonomy":"post_tag","embeddable":true,"href":"https:\/\/www.uqac.ca\/biblio_actu\/wp-json\/wp\/v2\/tags?post=2681"}],"curies":[{"name":"wp","href":"https:\/\/api.w.org\/{rel}","templated":true}]}}