{"id":27,"date":"2010-08-27T16:35:04","date_gmt":"2010-08-27T20:35:04","guid":{"rendered":"http:\/\/www.uqac.ca\/biblio_actu\/?p=27"},"modified":"2010-09-16T09:31:53","modified_gmt":"2010-09-16T13:31:53","slug":"les-nouveautes-de-la-rentree-a-la-bibliotheque","status":"publish","type":"post","link":"https:\/\/www.uqac.ca\/biblio_actu\/generalites\/les-nouveautes-de-la-rentree-a-la-bibliotheque\/","title":{"rendered":"Les nouveaut\u00e9s de la rentr\u00e9e \u00e0 la biblioth\u00e8que"},"content":{"rendered":"<p>L\u0092\u00e9quipe de la biblioth\u00e8que est heureuse de vous accueillir sur son nouveau site web. Ce nouveau site, au graphisme renouvel\u00e9 et \u00e0 la navigation simplifi\u00e9e, facilitera l\u0092exploration des ressources mises \u00e0 votre disposition. L\u0092essentiel de ce qui se retrouvait sur l\u0092ancien site, et que nous avons jug\u00e9 utile, est disponible sur le nouveau. Au cours des prochains mois, nous continuerons de l\u0092enrichir pour en faire un incontournable de l\u0092utilisation \u00e0 distance de la biblioth\u00e8que.<\/p>\n<p>C\u0092est par le biais de ce nouveau site que vous pouvez acc\u00e9der au service d\u0092aide en ligne, maintenant disponible le jour. C\u0092est aussi sur le site que vous pourrez vous inscrire aux ateliers de la biblioth\u00e8que, dont deux ont \u00e9t\u00e9 modifi\u00e9s de fond en comble.<\/p>\n<p>Pour une utilisation efficace de la biblioth\u00e8que, inscrivez-vous aux deux nouveaux ateliers offerts:<\/p>\n<ul>\n<li><em>Je me d\u00e9brouille<\/em>!, une visite de la biblioth\u00e8que et un survol du site web et de l\u0092Outil de d\u00e9couverte<\/li>\n<li><em>Je cherche. Je trouve!, <\/em>un pas de plus qui vous rendra autonome et efficace dans votre utilisation des ressources de la biblioth\u00e8que.<\/li>\n<\/ul>\n<p>Un sac r\u00e9utilisable \u00e0 l\u0092effigie de la biblioth\u00e8que sera remis aux participants \u00e0 ces ateliers.<\/p>\n<p>Finalement, la biblioth\u00e8que est heureuse de vous accueillir dans ses locaux \u00e0 partir de 7h30 du matin, du lundi au jeudi. Prenez note que l&rsquo;entr\u00e9e a \u00e9t\u00e9 d\u00e9plac\u00e9e pour le temps des r\u00e9novations de l\u0092entr\u00e9e de la biblioth\u00e8que. Vous devez maintenant utiliser la porte pr\u00e8s du P2-5010. Ces travaux dureront une partie de l\u0092automne. Nous nous excusons des inconv\u00e9nients qu\u0092ils vous occasionneront. Une fois termin\u00e9, ils r\u00e8gleront quelques-uns des probl\u00e8mes soulign\u00e9s lors du sondage LibQual de mars 2010 en vous offrant des locaux plus confortables et davantage de salles de travail d\u0092\u00e9quipe.<\/p>\n<p>Nous vous souhaitons \u00e0 tous et \u00e0 toutes une bonne ann\u00e9e 2010-2011 \u00e0 l&rsquo;UQAC!<\/p>\n<p>L&rsquo;\u00e9quipe de la biblioth\u00e8que.<\/p>\n","protected":false},"excerpt":{"rendered":"<p>L\u0092\u00e9quipe de la biblioth\u00e8que est heureuse de vous accueillir sur son nouveau site web. Ce nouveau site, au graphisme renouvel\u00e9 et \u00e0 la navigation simplifi\u00e9e, facilitera l\u0092exploration des ressources mises \u00e0 votre disposition. L\u0092essentiel de ce qui se retrouvait sur l\u0092ancien site, et que nous avons jug\u00e9 utile, est disponible sur le nouveau. Au cours &hellip; <a href=\"https:\/\/www.uqac.ca\/biblio_actu\/generalites\/les-nouveautes-de-la-rentree-a-la-bibliotheque\/\" class=\"more-link\">Continuer la lecture de <span class=\"screen-reader-text\">Les nouveaut\u00e9s de la rentr\u00e9e \u00e0 la biblioth\u00e8que<\/span>  <span class=\"meta-nav\">&rarr;<\/span><\/a><\/p>\n","protected":false},"author":2,"featured_media":0,"comment_status":"closed","ping_status":"open","sticky":false,"template":"","format":"standard","meta":{"footnotes":""},"categories":[3],"tags":[],"_links":{"self":[{"href":"https:\/\/www.uqac.ca\/biblio_actu\/wp-json\/wp\/v2\/posts\/27"}],"collection":[{"href":"https:\/\/www.uqac.ca\/biblio_actu\/wp-json\/wp\/v2\/posts"}],"about":[{"href":"https:\/\/www.uqac.ca\/biblio_actu\/wp-json\/wp\/v2\/types\/post"}],"author":[{"embeddable":true,"href":"https:\/\/www.uqac.ca\/biblio_actu\/wp-json\/wp\/v2\/users\/2"}],"replies":[{"embeddable":true,"href":"https:\/\/www.uqac.ca\/biblio_actu\/wp-json\/wp\/v2\/comments?post=27"}],"version-history":[{"count":10,"href":"https:\/\/www.uqac.ca\/biblio_actu\/wp-json\/wp\/v2\/posts\/27\/revisions"}],"predecessor-version":[{"id":30,"href":"https:\/\/www.uqac.ca\/biblio_actu\/wp-json\/wp\/v2\/posts\/27\/revisions\/30"}],"wp:attachment":[{"href":"https:\/\/www.uqac.ca\/biblio_actu\/wp-json\/wp\/v2\/media?parent=27"}],"wp:term":[{"taxonomy":"category","embeddable":true,"href":"https:\/\/www.uqac.ca\/biblio_actu\/wp-json\/wp\/v2\/categories?post=27"},{"taxonomy":"post_tag","embeddable":true,"href":"https:\/\/www.uqac.ca\/biblio_actu\/wp-json\/wp\/v2\/tags?post=27"}],"curies":[{"name":"wp","href":"https:\/\/api.w.org\/{rel}","templated":true}]}}