{"id":2787,"date":"2023-02-13T12:40:21","date_gmt":"2023-02-13T17:40:21","guid":{"rendered":"http:\/\/www.uqac.ca\/biblio_actu\/?p=2787"},"modified":"2023-02-13T12:43:03","modified_gmt":"2023-02-13T17:43:03","slug":"semaine-des-donnees-a-coeur","status":"publish","type":"post","link":"https:\/\/www.uqac.ca\/biblio_actu\/evenements\/semaine-des-donnees-a-coeur\/","title":{"rendered":"Semaine des donn\u00e9es \u00e0 coeur &#8211; \u00e9dition 2023 &#8211; Gestion des donn\u00e9es de recherche"},"content":{"rendered":"<p>Le Groupe de travail sur la gestion des donn\u00e9es de recherche (GT-GDR) du sous-comit\u00e9 des biblioth\u00e8ques au BCI est heureux de vous inviter \u00e0 participer \u00e0 la seconde \u00e9dition de la Semaine des donn\u00e9es \u00e0 c\u0153ur qui aura lieu du 13 au 17 f\u00e9vrier 2023, sous le th\u00e8me : Soutenir la recherche!<\/p>\n<p>Cette semaine de r\u00e9jouissances est l&rsquo;occasion de r\u00e9unir la communaut\u00e9 qui intervient dans la gestion des donn\u00e9es de recherche dans le but discuter des enjeux qui affectent entre autres la gestion, le partage, la confidentialit\u00e9, la pr\u00e9servation et la r\u00e9utilisation des donn\u00e9es.<\/p>\n<p>Le GT-GDR vous invite \u00e0 <a title=\"Ouvrir la programmation de la semaine\" href=\"https:\/\/libguides.biblios.bci-qc.ca\/GDR\/semaine-donnees-a-coeur\" target=\"_blank\">consulter la programmation compl\u00e8te de la Semaine<\/a>.<\/p>\n<p><a title=\"Ouvrir la programmation de la semaine\" href=\"https:\/\/libguides.biblios.bci-qc.ca\/GDR\/semaine-donnees-a-coeur\" target=\"_blank\"><img loading=\"lazy\" decoding=\"async\" class=\"aligncenter wp-image-2789 size-large\" src=\"https:\/\/www.uqac.ca\/biblio_actu\/wp-content\/uploads\/2023\/02\/Visuel_Semaine-donnees-a-coeur-2023_BUQ-1024x633.png\" alt=\"Semaine des donn\u00e9es \u00e0 coeur du 13 au 17 f\u00e9vrier 2023\" width=\"474\" height=\"293\" srcset=\"https:\/\/www.uqac.ca\/biblio_actu\/wp-content\/uploads\/2023\/02\/Visuel_Semaine-donnees-a-coeur-2023_BUQ-1024x633.png 1024w, https:\/\/www.uqac.ca\/biblio_actu\/wp-content\/uploads\/2023\/02\/Visuel_Semaine-donnees-a-coeur-2023_BUQ-300x185.png 300w, https:\/\/www.uqac.ca\/biblio_actu\/wp-content\/uploads\/2023\/02\/Visuel_Semaine-donnees-a-coeur-2023_BUQ.png 1131w\" sizes=\"(max-width: 474px) 100vw, 474px\" \/><\/a><\/p>\n","protected":false},"excerpt":{"rendered":"<p>Le Groupe de travail sur la gestion des donn\u00e9es de recherche (GT-GDR) du sous-comit\u00e9 des biblioth\u00e8ques au BCI est heureux de vous inviter \u00e0 participer \u00e0 la seconde \u00e9dition de la Semaine des donn\u00e9es \u00e0 c\u0153ur qui aura lieu du 13 au 17 f\u00e9vrier 2023, sous le th\u00e8me : Soutenir la recherche! Cette semaine de &hellip; <a href=\"https:\/\/www.uqac.ca\/biblio_actu\/evenements\/semaine-des-donnees-a-coeur\/\" class=\"more-link\">Continuer la lecture de <span class=\"screen-reader-text\">Semaine des donn\u00e9es \u00e0 coeur &#8211; \u00e9dition 2023 &#8211; Gestion des donn\u00e9es de recherche<\/span>  <span class=\"meta-nav\">&rarr;<\/span><\/a><\/p>\n","protected":false},"author":1001002,"featured_media":0,"comment_status":"closed","ping_status":"closed","sticky":false,"template":"","format":"standard","meta":{"footnotes":""},"categories":[11],"tags":[],"_links":{"self":[{"href":"https:\/\/www.uqac.ca\/biblio_actu\/wp-json\/wp\/v2\/posts\/2787"}],"collection":[{"href":"https:\/\/www.uqac.ca\/biblio_actu\/wp-json\/wp\/v2\/posts"}],"about":[{"href":"https:\/\/www.uqac.ca\/biblio_actu\/wp-json\/wp\/v2\/types\/post"}],"author":[{"embeddable":true,"href":"https:\/\/www.uqac.ca\/biblio_actu\/wp-json\/wp\/v2\/users\/1001002"}],"replies":[{"embeddable":true,"href":"https:\/\/www.uqac.ca\/biblio_actu\/wp-json\/wp\/v2\/comments?post=2787"}],"version-history":[{"count":4,"href":"https:\/\/www.uqac.ca\/biblio_actu\/wp-json\/wp\/v2\/posts\/2787\/revisions"}],"predecessor-version":[{"id":2792,"href":"https:\/\/www.uqac.ca\/biblio_actu\/wp-json\/wp\/v2\/posts\/2787\/revisions\/2792"}],"wp:attachment":[{"href":"https:\/\/www.uqac.ca\/biblio_actu\/wp-json\/wp\/v2\/media?parent=2787"}],"wp:term":[{"taxonomy":"category","embeddable":true,"href":"https:\/\/www.uqac.ca\/biblio_actu\/wp-json\/wp\/v2\/categories?post=2787"},{"taxonomy":"post_tag","embeddable":true,"href":"https:\/\/www.uqac.ca\/biblio_actu\/wp-json\/wp\/v2\/tags?post=2787"}],"curies":[{"name":"wp","href":"https:\/\/api.w.org\/{rel}","templated":true}]}}