{"id":2811,"date":"2023-10-11T09:20:10","date_gmt":"2023-10-11T13:20:10","guid":{"rendered":"https:\/\/www.uqac.ca\/biblio_actu\/?p=2811"},"modified":"2024-01-26T12:42:52","modified_gmt":"2024-01-26T17:42:52","slug":"travaux-a-la-bibliotheque-durant-la-semaine-de-mi-session","status":"publish","type":"post","link":"https:\/\/www.uqac.ca\/biblio_actu\/generalites\/travaux-a-la-bibliotheque-durant-la-semaine-de-mi-session\/","title":{"rendered":"Travaux \u00e0 la biblioth\u00e8que durant la semaine de mi-session (octobre 2023)"},"content":{"rendered":"\n<p>Des travaux de r\u00e9novation auront lieu dans les espaces de la biblioth\u00e8que \u00e0 compter du mercredi 11 octobre durant les heures r\u00e9guli\u00e8res de travail (8h \u00e0 16h30). Ces travaux vont occasionner un bruit important qui pourrait d\u00e9ranger les usagers et usag\u00e8res de la biblioth\u00e8que.<\/p>\n\n\n\n<p>Une partie de la collection ne sera pas accessible pendant la dur\u00e9e de ces travaux. Pour acc\u00e9der aux documents qui s\u2019y trouvent, bien vouloir vous adresser au personnel du comptoir de pr\u00eat. L\u2019acc\u00e8s aux salles de travail en silence sera conserv\u00e9, mais ces lieux seront significativement impact\u00e9s par le bruit.<\/p>\n\n\n\n<p>La fin de cette premi\u00e8re partie de travaux est pr\u00e9vue pour le vendredi 13 octobre.<\/p>\n\n\n\n<p>Nous nous excusons pour les inconv\u00e9nients que cela pourrait vous causer.<\/p>\n","protected":false},"excerpt":{"rendered":"<p>Des travaux de r\u00e9novation auront lieu dans les espaces de la biblioth\u00e8que \u00e0 compter du mercredi 11 octobre durant les heures r\u00e9guli\u00e8res de travail (8h \u00e0 16h30). Ces travaux vont occasionner un bruit important qui pourrait d\u00e9ranger les usagers et usag\u00e8res de la biblioth\u00e8que. Une partie de la collection ne sera pas accessible pendant la &hellip; <a href=\"https:\/\/www.uqac.ca\/biblio_actu\/generalites\/travaux-a-la-bibliotheque-durant-la-semaine-de-mi-session\/\" class=\"more-link\">Continuer la lecture de <span class=\"screen-reader-text\">Travaux \u00e0 la biblioth\u00e8que durant la semaine de mi-session (octobre 2023)<\/span>  <span class=\"meta-nav\">&rarr;<\/span><\/a><\/p>\n","protected":false},"author":1001002,"featured_media":0,"comment_status":"closed","ping_status":"closed","sticky":false,"template":"","format":"standard","meta":{"footnotes":""},"categories":[3],"tags":[],"_links":{"self":[{"href":"https:\/\/www.uqac.ca\/biblio_actu\/wp-json\/wp\/v2\/posts\/2811"}],"collection":[{"href":"https:\/\/www.uqac.ca\/biblio_actu\/wp-json\/wp\/v2\/posts"}],"about":[{"href":"https:\/\/www.uqac.ca\/biblio_actu\/wp-json\/wp\/v2\/types\/post"}],"author":[{"embeddable":true,"href":"https:\/\/www.uqac.ca\/biblio_actu\/wp-json\/wp\/v2\/users\/1001002"}],"replies":[{"embeddable":true,"href":"https:\/\/www.uqac.ca\/biblio_actu\/wp-json\/wp\/v2\/comments?post=2811"}],"version-history":[{"count":2,"href":"https:\/\/www.uqac.ca\/biblio_actu\/wp-json\/wp\/v2\/posts\/2811\/revisions"}],"predecessor-version":[{"id":2817,"href":"https:\/\/www.uqac.ca\/biblio_actu\/wp-json\/wp\/v2\/posts\/2811\/revisions\/2817"}],"wp:attachment":[{"href":"https:\/\/www.uqac.ca\/biblio_actu\/wp-json\/wp\/v2\/media?parent=2811"}],"wp:term":[{"taxonomy":"category","embeddable":true,"href":"https:\/\/www.uqac.ca\/biblio_actu\/wp-json\/wp\/v2\/categories?post=2811"},{"taxonomy":"post_tag","embeddable":true,"href":"https:\/\/www.uqac.ca\/biblio_actu\/wp-json\/wp\/v2\/tags?post=2811"}],"curies":[{"name":"wp","href":"https:\/\/api.w.org\/{rel}","templated":true}]}}