{"id":2845,"date":"2024-10-07T14:25:49","date_gmt":"2024-10-07T18:25:49","guid":{"rendered":"https:\/\/www.uqac.ca\/biblio_actu\/?p=2845"},"modified":"2024-10-07T14:25:49","modified_gmt":"2024-10-07T18:25:49","slug":"travaux-a-la-bibliotheque-du-6-au-19-octobre-2024","status":"publish","type":"post","link":"https:\/\/www.uqac.ca\/biblio_actu\/generalites\/travaux-a-la-bibliotheque-du-6-au-19-octobre-2024\/","title":{"rendered":"Travaux \u00e0 la biblioth\u00e8que du 6 au 19 octobre 2024"},"content":{"rendered":"\n<p>La biblioth\u00e8que souhaite informer ses usagers et usag\u00e8res que des travaux sont pr\u00e9vus \u00e0 la biblioth\u00e8que dans les prochaines semaines.<\/p>\n\n\n\n<p>Les rayonnages actuels de la didacth\u00e8que, situ\u00e9s \u00e0 l\u2019entr\u00e9e du premier \u00e9tage de la biblioth\u00e8que, seront d\u00e9mont\u00e9s dans la semaine du 6 octobre en soir\u00e9e. L\u2019installation des nouveaux rayonnages est pr\u00e9vue pour la dur\u00e9e de la semaine de mi-session du 15 au 18 octobre prochains. Ces travaux pourraient engendrer un bruit plus \u00e9lev\u00e9 que durant nos activit\u00e9s r\u00e9guli\u00e8res.<\/p>\n\n\n\n<p>L\u2019installation de nouveaux stores dans les fen\u00eatres du 2e \u00e9tage de la biblioth\u00e8que est \u00e9galement pr\u00e9vue durant la semaine de mi-session, soit les 17 et 18 octobre prochains. Durant l\u2019installation, il se pourrait que certaines stations de travail individuel soient temporairement indisponibles.<\/p>\n\n\n\n<p>Nous vous remercions de votre collaboration et nous excusons pour tout inconv\u00e9nient que ces travaux pourraient causer.<\/p>\n","protected":false},"excerpt":{"rendered":"<p>La biblioth\u00e8que souhaite informer ses usagers et usag\u00e8res que des travaux sont pr\u00e9vus \u00e0 la biblioth\u00e8que dans les prochaines semaines. Les rayonnages actuels de la didacth\u00e8que, situ\u00e9s \u00e0 l\u2019entr\u00e9e du premier \u00e9tage de la biblioth\u00e8que, seront d\u00e9mont\u00e9s dans la semaine du 6 octobre en soir\u00e9e. L\u2019installation des nouveaux rayonnages est pr\u00e9vue pour la dur\u00e9e de &hellip; <a href=\"https:\/\/www.uqac.ca\/biblio_actu\/generalites\/travaux-a-la-bibliotheque-du-6-au-19-octobre-2024\/\" class=\"more-link\">Continuer la lecture de <span class=\"screen-reader-text\">Travaux \u00e0 la biblioth\u00e8que du 6 au 19 octobre 2024<\/span>  <span class=\"meta-nav\">&rarr;<\/span><\/a><\/p>\n","protected":false},"author":1001002,"featured_media":0,"comment_status":"closed","ping_status":"closed","sticky":false,"template":"","format":"standard","meta":{"footnotes":""},"categories":[3],"tags":[],"_links":{"self":[{"href":"https:\/\/www.uqac.ca\/biblio_actu\/wp-json\/wp\/v2\/posts\/2845"}],"collection":[{"href":"https:\/\/www.uqac.ca\/biblio_actu\/wp-json\/wp\/v2\/posts"}],"about":[{"href":"https:\/\/www.uqac.ca\/biblio_actu\/wp-json\/wp\/v2\/types\/post"}],"author":[{"embeddable":true,"href":"https:\/\/www.uqac.ca\/biblio_actu\/wp-json\/wp\/v2\/users\/1001002"}],"replies":[{"embeddable":true,"href":"https:\/\/www.uqac.ca\/biblio_actu\/wp-json\/wp\/v2\/comments?post=2845"}],"version-history":[{"count":1,"href":"https:\/\/www.uqac.ca\/biblio_actu\/wp-json\/wp\/v2\/posts\/2845\/revisions"}],"predecessor-version":[{"id":2846,"href":"https:\/\/www.uqac.ca\/biblio_actu\/wp-json\/wp\/v2\/posts\/2845\/revisions\/2846"}],"wp:attachment":[{"href":"https:\/\/www.uqac.ca\/biblio_actu\/wp-json\/wp\/v2\/media?parent=2845"}],"wp:term":[{"taxonomy":"category","embeddable":true,"href":"https:\/\/www.uqac.ca\/biblio_actu\/wp-json\/wp\/v2\/categories?post=2845"},{"taxonomy":"post_tag","embeddable":true,"href":"https:\/\/www.uqac.ca\/biblio_actu\/wp-json\/wp\/v2\/tags?post=2845"}],"curies":[{"name":"wp","href":"https:\/\/api.w.org\/{rel}","templated":true}]}}