{"id":2991,"date":"2025-10-02T09:37:18","date_gmt":"2025-10-02T13:37:18","guid":{"rendered":"https:\/\/www.uqac.ca\/biblio_actu\/?p=2991"},"modified":"2025-10-02T09:37:18","modified_gmt":"2025-10-02T13:37:18","slug":"nouveau-heures-douverture-prolongees-avant-la-relache","status":"publish","type":"post","link":"https:\/\/www.uqac.ca\/biblio_actu\/avis\/nouveau-heures-douverture-prolongees-avant-la-relache\/","title":{"rendered":"NOUVEAU! Heures d&rsquo;ouverture prolong\u00e9es avant la rel\u00e2che"},"content":{"rendered":"<p>Vous les avez demand\u00e9es, nous vous les offrons :<\/p>\n<p>Des heures d&rsquo;ouverture prolong\u00e9es juste avant la rel\u00e2che!<\/p>\n<p>Du <strong>6 au 9 octobre<\/strong>, la biblioth\u00e8que sera ouverte <strong>de 7 h 30 jusqu&rsquo;\u00e0 minuit<\/strong><a href=\"https:\/\/www.uqac.ca\/biblio_actu\/wp-content\/uploads\/2025\/10\/horaire_prolonge-octobre-annonce1.png\"><img loading=\"lazy\" decoding=\"async\" class=\"alignleft size-medium wp-image-2992\" src=\"https:\/\/www.uqac.ca\/biblio_actu\/wp-content\/uploads\/2025\/10\/horaire_prolonge-octobre-annonce1-300x169.png\" alt=\"\" width=\"300\" height=\"169\" srcset=\"https:\/\/www.uqac.ca\/biblio_actu\/wp-content\/uploads\/2025\/10\/horaire_prolonge-octobre-annonce1-300x169.png 300w, https:\/\/www.uqac.ca\/biblio_actu\/wp-content\/uploads\/2025\/10\/horaire_prolonge-octobre-annonce1-1024x576.png 1024w, https:\/\/www.uqac.ca\/biblio_actu\/wp-content\/uploads\/2025\/10\/horaire_prolonge-octobre-annonce1-768x432.png 768w, https:\/\/www.uqac.ca\/biblio_actu\/wp-content\/uploads\/2025\/10\/horaire_prolonge-octobre-annonce1-1536x864.png 1536w, https:\/\/www.uqac.ca\/biblio_actu\/wp-content\/uploads\/2025\/10\/horaire_prolonge-octobre-annonce1.png 1920w\" sizes=\"(max-width: 300px) 100vw, 300px\" \/><\/a><\/p>\n","protected":false},"excerpt":{"rendered":"<p>Vous les avez demand\u00e9es, nous vous les offrons : Des heures d&rsquo;ouverture prolong\u00e9es juste avant la rel\u00e2che! Du 6 au 9 octobre, la biblioth\u00e8que sera ouverte de 7 h 30 jusqu&rsquo;\u00e0 minuit<\/p>\n","protected":false},"author":1001011,"featured_media":0,"comment_status":"closed","ping_status":"closed","sticky":false,"template":"","format":"standard","meta":{"footnotes":""},"categories":[50],"tags":[],"_links":{"self":[{"href":"https:\/\/www.uqac.ca\/biblio_actu\/wp-json\/wp\/v2\/posts\/2991"}],"collection":[{"href":"https:\/\/www.uqac.ca\/biblio_actu\/wp-json\/wp\/v2\/posts"}],"about":[{"href":"https:\/\/www.uqac.ca\/biblio_actu\/wp-json\/wp\/v2\/types\/post"}],"author":[{"embeddable":true,"href":"https:\/\/www.uqac.ca\/biblio_actu\/wp-json\/wp\/v2\/users\/1001011"}],"replies":[{"embeddable":true,"href":"https:\/\/www.uqac.ca\/biblio_actu\/wp-json\/wp\/v2\/comments?post=2991"}],"version-history":[{"count":2,"href":"https:\/\/www.uqac.ca\/biblio_actu\/wp-json\/wp\/v2\/posts\/2991\/revisions"}],"predecessor-version":[{"id":2994,"href":"https:\/\/www.uqac.ca\/biblio_actu\/wp-json\/wp\/v2\/posts\/2991\/revisions\/2994"}],"wp:attachment":[{"href":"https:\/\/www.uqac.ca\/biblio_actu\/wp-json\/wp\/v2\/media?parent=2991"}],"wp:term":[{"taxonomy":"category","embeddable":true,"href":"https:\/\/www.uqac.ca\/biblio_actu\/wp-json\/wp\/v2\/categories?post=2991"},{"taxonomy":"post_tag","embeddable":true,"href":"https:\/\/www.uqac.ca\/biblio_actu\/wp-json\/wp\/v2\/tags?post=2991"}],"curies":[{"name":"wp","href":"https:\/\/api.w.org\/{rel}","templated":true}]}}