{"id":3045,"date":"2026-01-07T15:58:55","date_gmt":"2026-01-07T20:58:55","guid":{"rendered":"https:\/\/www.uqac.ca\/biblio_actu\/?p=3045"},"modified":"2026-01-07T16:00:36","modified_gmt":"2026-01-07T21:00:36","slug":"cohorte-de-redaction-pour-les-etudiantes-et-etudiants-aux-cycles-superieurs","status":"publish","type":"post","link":"https:\/\/www.uqac.ca\/biblio_actu\/generalites\/cohorte-de-redaction-pour-les-etudiantes-et-etudiants-aux-cycles-superieurs\/","title":{"rendered":"Cohorte de r\u00e9daction pour les \u00e9tudiantes et \u00e9tudiants aux cycles sup\u00e9rieurs"},"content":{"rendered":"<p>Tu as le syndrome de la page blanche, toutes les d\u00e9faites sont bonnes pour \u00e9viter de t\u2019asseoir et r\u00e9diger ton m\u00e9moire ou ta th\u00e8se, cette p\u00e9riode d\u2019isolement impos\u00e9e par la r\u00e9daction te fait\u00a0peur?\u00a0Cette cohorte de r\u00e9daction est pour toi!<\/p>\n<p>Qu\u2019est-ce qu\u2019une cohorte de r\u00e9daction?\u00a0Il s\u2019agit d\u2019un groupe d\u2019\u00e9tudiantes et d\u2019\u00e9tudiants\u00a0qui se\u00a0r\u00e9unissent dans un cadre dirig\u00e9\u00a0<strong>1 fois par semaine pendant 4 semaines<\/strong>, qui permet de faire 4 x\u00a03\u00a0heures de r\u00e9daction pour un total d\u2019environ\u00a012\u00a0heures de travail en mode \u00ab focus \u00bb! C\u2019est aussi une communaut\u00e9 pour discuter, partager, apprendre et se soutenir face aux d\u00e9fis de la r\u00e9daction acad\u00e9mique.<\/p>\n<p><a href=\"https:\/\/www.uqac.ca\/biblio_actu\/wp-content\/uploads\/2026\/01\/NUM_RedacEncad_H26_sansQR.jpg\"><img loading=\"lazy\" decoding=\"async\" class=\"wp-image-3046 size-medium alignnone\" src=\"https:\/\/www.uqac.ca\/biblio_actu\/wp-content\/uploads\/2026\/01\/NUM_RedacEncad_H26_sansQR-300x169.jpg\" alt=\"\" width=\"300\" height=\"169\" srcset=\"https:\/\/www.uqac.ca\/biblio_actu\/wp-content\/uploads\/2026\/01\/NUM_RedacEncad_H26_sansQR-300x169.jpg 300w, https:\/\/www.uqac.ca\/biblio_actu\/wp-content\/uploads\/2026\/01\/NUM_RedacEncad_H26_sansQR-768x432.jpg 768w, https:\/\/www.uqac.ca\/biblio_actu\/wp-content\/uploads\/2026\/01\/NUM_RedacEncad_H26_sansQR.jpg 960w\" sizes=\"(max-width: 300px) 100vw, 300px\" \/><\/a><\/p>\n<p>En t\u2019inscrivant \u00e0 cette cohorte de r\u00e9daction, tu\u00a0t\u2019<strong>engages \u00e0\u00a0te pr\u00e9senter \u00e0 chacune des 4 s\u00e9ances<\/strong>\u00a0qui auront lieu\u00a0<strong>4 vendredis cons\u00e9cutifs de\u00a08h30 \u00e0 12h00\u00a0les\u00a030 janvier, 6 f\u00e9vrier, 13 f\u00e9vrier et 20 f\u00e9vrier 2026<\/strong>.<\/p>\n<p>Pour t&rsquo;assurer d&rsquo;obtenir une des 20 places disponibles, inscris-toi d\u00e8s maintenant! <a href=\"https:\/\/salles.bibliotheque.uqac.ca\/event\/3985304\" target=\"_blank\" rel=\"noopener\">https:\/\/salles.bibliotheque.uqac.ca\/event\/3985304<\/a><\/p>\n","protected":false},"excerpt":{"rendered":"<p>Tu as le syndrome de la page blanche, toutes les d\u00e9faites sont bonnes pour \u00e9viter de t\u2019asseoir et r\u00e9diger ton m\u00e9moire ou ta th\u00e8se, cette p\u00e9riode d\u2019isolement impos\u00e9e par la r\u00e9daction te fait\u00a0peur?\u00a0Cette cohorte de r\u00e9daction est pour toi! Qu\u2019est-ce qu\u2019une cohorte de r\u00e9daction?\u00a0Il s\u2019agit d\u2019un groupe d\u2019\u00e9tudiantes et d\u2019\u00e9tudiants\u00a0qui se\u00a0r\u00e9unissent dans un cadre dirig\u00e9\u00a01 &hellip; <a href=\"https:\/\/www.uqac.ca\/biblio_actu\/generalites\/cohorte-de-redaction-pour-les-etudiantes-et-etudiants-aux-cycles-superieurs\/\" class=\"more-link\">Continuer la lecture de <span class=\"screen-reader-text\">Cohorte de r\u00e9daction pour les \u00e9tudiantes et \u00e9tudiants aux cycles sup\u00e9rieurs<\/span>  <span class=\"meta-nav\">&rarr;<\/span><\/a><\/p>\n","protected":false},"author":1001011,"featured_media":0,"comment_status":"closed","ping_status":"closed","sticky":false,"template":"","format":"standard","meta":{"footnotes":""},"categories":[3],"tags":[],"_links":{"self":[{"href":"https:\/\/www.uqac.ca\/biblio_actu\/wp-json\/wp\/v2\/posts\/3045"}],"collection":[{"href":"https:\/\/www.uqac.ca\/biblio_actu\/wp-json\/wp\/v2\/posts"}],"about":[{"href":"https:\/\/www.uqac.ca\/biblio_actu\/wp-json\/wp\/v2\/types\/post"}],"author":[{"embeddable":true,"href":"https:\/\/www.uqac.ca\/biblio_actu\/wp-json\/wp\/v2\/users\/1001011"}],"replies":[{"embeddable":true,"href":"https:\/\/www.uqac.ca\/biblio_actu\/wp-json\/wp\/v2\/comments?post=3045"}],"version-history":[{"count":1,"href":"https:\/\/www.uqac.ca\/biblio_actu\/wp-json\/wp\/v2\/posts\/3045\/revisions"}],"predecessor-version":[{"id":3047,"href":"https:\/\/www.uqac.ca\/biblio_actu\/wp-json\/wp\/v2\/posts\/3045\/revisions\/3047"}],"wp:attachment":[{"href":"https:\/\/www.uqac.ca\/biblio_actu\/wp-json\/wp\/v2\/media?parent=3045"}],"wp:term":[{"taxonomy":"category","embeddable":true,"href":"https:\/\/www.uqac.ca\/biblio_actu\/wp-json\/wp\/v2\/categories?post=3045"},{"taxonomy":"post_tag","embeddable":true,"href":"https:\/\/www.uqac.ca\/biblio_actu\/wp-json\/wp\/v2\/tags?post=3045"}],"curies":[{"name":"wp","href":"https:\/\/api.w.org\/{rel}","templated":true}]}}