{"id":322,"date":"2011-04-05T11:25:28","date_gmt":"2011-04-05T15:25:28","guid":{"rendered":"http:\/\/www.uqac.ca\/biblio_actu\/?p=322"},"modified":"2011-06-27T09:50:16","modified_gmt":"2011-06-27T13:50:16","slug":"exposition-de-photographies-des-finalistes-du-concours-faites-nous-voir-le-monde","status":"publish","type":"post","link":"https:\/\/www.uqac.ca\/biblio_actu\/evenements\/exposition-de-photographies-des-finalistes-du-concours-faites-nous-voir-le-monde\/","title":{"rendered":"Exposition de photographies des finalistes du concours \u00ab\u00a0Faites nous voir le monde\u00a0\u00bb"},"content":{"rendered":"<p>La biblioth\u00e8que Paul-\u00c9mile-Boulet est fi\u00e8re d&rsquo;accueillir un partie de l&rsquo;exposition de photographies des finalistes du concours \u00ab\u00a0Faites nous voir le monde\u00a0\u00bb, qui se d\u00e9roule actuellement \u00e0 l&rsquo;UQAC. Des photos sont \u00e9galement expos\u00e9es sur le Boulv&rsquo;Art.<\/p>\n<p>L&rsquo;exposition se tiendra du 4 au 30 avril 2011. Venez voir le monde!<\/p>\n","protected":false},"excerpt":{"rendered":"<p>La biblioth\u00e8que Paul-\u00c9mile-Boulet est fi\u00e8re d&rsquo;accueillir un partie de l&rsquo;exposition de photographies des finalistes du concours \u00ab\u00a0Faites nous voir le monde\u00a0\u00bb, qui se d\u00e9roule actuellement \u00e0 l&rsquo;UQAC. Des photos sont \u00e9galement expos\u00e9es sur le Boulv&rsquo;Art. L&rsquo;exposition se tiendra du 4 au 30 avril 2011. Venez voir le monde!<\/p>\n","protected":false},"author":2,"featured_media":0,"comment_status":"closed","ping_status":"open","sticky":false,"template":"","format":"standard","meta":{"footnotes":""},"categories":[11],"tags":[],"_links":{"self":[{"href":"https:\/\/www.uqac.ca\/biblio_actu\/wp-json\/wp\/v2\/posts\/322"}],"collection":[{"href":"https:\/\/www.uqac.ca\/biblio_actu\/wp-json\/wp\/v2\/posts"}],"about":[{"href":"https:\/\/www.uqac.ca\/biblio_actu\/wp-json\/wp\/v2\/types\/post"}],"author":[{"embeddable":true,"href":"https:\/\/www.uqac.ca\/biblio_actu\/wp-json\/wp\/v2\/users\/2"}],"replies":[{"embeddable":true,"href":"https:\/\/www.uqac.ca\/biblio_actu\/wp-json\/wp\/v2\/comments?post=322"}],"version-history":[{"count":3,"href":"https:\/\/www.uqac.ca\/biblio_actu\/wp-json\/wp\/v2\/posts\/322\/revisions"}],"predecessor-version":[{"id":382,"href":"https:\/\/www.uqac.ca\/biblio_actu\/wp-json\/wp\/v2\/posts\/322\/revisions\/382"}],"wp:attachment":[{"href":"https:\/\/www.uqac.ca\/biblio_actu\/wp-json\/wp\/v2\/media?parent=322"}],"wp:term":[{"taxonomy":"category","embeddable":true,"href":"https:\/\/www.uqac.ca\/biblio_actu\/wp-json\/wp\/v2\/categories?post=322"},{"taxonomy":"post_tag","embeddable":true,"href":"https:\/\/www.uqac.ca\/biblio_actu\/wp-json\/wp\/v2\/tags?post=322"}],"curies":[{"name":"wp","href":"https:\/\/api.w.org\/{rel}","templated":true}]}}