{"id":440,"date":"2011-08-26T12:13:08","date_gmt":"2011-08-26T16:13:08","guid":{"rendered":"http:\/\/www.uqac.ca\/biblio_actu\/?p=440"},"modified":"2011-09-01T16:52:04","modified_gmt":"2011-09-01T20:52:04","slug":"message-au-corps-professoral-de-luqac","status":"publish","type":"post","link":"https:\/\/www.uqac.ca\/biblio_actu\/generalites\/message-au-corps-professoral-de-luqac\/","title":{"rendered":"Les nouveaut\u00e9s de la rentr\u00e9e pour les enseignants"},"content":{"rendered":"<p>\u00c0 tous les membres du corps professoral l\u0092Universit\u00e9 du Qu\u00e9bec \u00e0 Chicoutimi,<\/p>\n<p>Il nous fait plaisir, en ce d\u00e9but d\u0092ann\u00e9e 2011-2012, de vous pr\u00e9senter les nouveaux services de la biblioth\u00e8que mis \u00e0 votre disposition.<\/p>\n<h2>Horaire du pr\u00eat entre biblioth\u00e8ques (PEB) et de l\u0092audiovid\u00e9oth\u00e8que<\/h2>\n<p>Un nouvel am\u00e9nagement des horaires aux comptoirs du PEB et de l\u0092audiovid\u00e9oth\u00e8que font en sorte que, d\u00e8s la rentr\u00e9e, le service vous sera offert en continu de 8 h \u00e0 16 h 30 pour les deux unit\u00e9s.<\/p>\n<p>Pour visualiser l\u0092horaire r\u00e9gulier complet de la biblioth\u00e8que, consultez la page suivante : <a href=\"http:\/\/bibliotheque.uqac.ca\/renseignements\/horaire.php\">http:\/\/bibliotheque.uqac.ca\/renseignements\/horaire.php<\/a><\/p>\n<h2>Nouvelle version de notre catalogue de biblioth\u00e8que<\/h2>\n<p>Vous l\u0092avez peut-\u00eatre d\u00e9j\u00e0 constat\u00e9, une nouvelle version de notre catalogue de biblioth\u00e8que est actuellement en ligne. La mise en place de cette nouvelle version offre un acc\u00e8s simplifi\u00e9 \u00e0 nos ressources et permet une meilleure int\u00e9gration de notre catalogue \u00e0 notre site Web.<\/p>\n<p>Pour visualiser le nouveau catalogue, rendez-vous \u00e0 la page suivante : <a href=\"http:\/\/decouverte.uquebec.ca\/primo_library\/libweb\/action\/search.do?dscnt=1&amp;dstmp=1312919205277&amp;vid=UQAC&amp;fromLogin=true\">http:\/\/decouverte.uquebec.ca\/primo_library\/libweb\/action\/search.do?dscnt=1&amp;dstmp=1312919205277&amp;vid=UQAC&amp;fromLogin=true<\/a><\/p>\n<p>Pour plus d\u0092information sur les diff\u00e9rents changements apport\u00e9s \u00e0 notre outil ou pour recevoir de la formation sur l\u0092utilisation de notre catalogue, n\u0092h\u00e9sitez pas \u00e0 contacter le technicien ou le conseiller en information documentaire de votre discipline. Vous pouvez rep\u00e9rer la personne-ressource \u00e0 contacter \u00e0 la page suivante :  <a href=\"http:\/\/bibvir.uqac.ca\/subsplus\/subjects\/staff.php?page=bysubject\">http:\/\/bibvir.uqac.ca\/subsplus\/subjects\/staff.php?page=bysubject<\/a><\/p>\n<h2>Modifications sur le site Web<\/h2>\n<p>Quelques modifications seront apport\u00e9es \u00e0 la page d\u0092accueil du site Web.<\/p>\n<p>Sous l\u0092onglet \u00abChercher\u00bb, vous retrouverez plus facilement les ressources g\u00e9n\u00e9rales telles qu\u0092Eureka, les dictionnaires et les encyclop\u00e9dies, les m\u00e9moires et les th\u00e8ses.<\/p>\n<p>Surveillez aussi la section Aide. Sa structure sera modifi\u00e9e dans les prochaines semaines et du contenu sera ajout\u00e9 au cours de l\u0092automne 2011.<\/p>\n<h2>Nouvelle professionnelle \u00e0 la r\u00e9f\u00e9rence g\u00e9n\u00e9rale<\/h2>\n<p>Nous avons une nouvelle recrue au poste de r\u00e9f\u00e9rence g\u00e9n\u00e9rale, Nadia Villeneuve. Son horaire particulier (du lundi au vendredi, de 11 h \u00e0 14 h et de 15 h \u00e0 19 h) nous permet maintenant d\u0092offrir le support d\u0092une ressource professionnelle \u00e0 notre client\u00e8le sur l\u0092heure du midi et en fin de journ\u00e9e. N\u0092h\u00e9sitez pas \u00e0 la consulter si votre conseiller en information documentaire est absent ou n\u0092est pas disponible.<\/p>\n<h2>Nouvel horaire de l\u0092Aide en direct<\/h2>\n<p>Notre service d\u0092aide par clavardage est de retour pour l\u0092ann\u00e9e 2011-2012. Notre offre de service est encore une fois bonifi\u00e9e. En effet, il n\u0092y aura plus de coupure de service sur l\u0092heure du midi. N\u0092h\u00e9sitez pas \u00e0 utiliser ce service pour obtenir de l\u0092information sur la biblioth\u00e8que, ses services  et ses ressources documentaires.<\/p>\n<p><strong>Horaire du service d\u0092Aide en direct<\/strong><\/p>\n<p>Lundi au jeudi : 8h30 \u00e0 22h30<\/p>\n<p>Vendredi : 8h30 \u00e0 20h30<\/p>\n<p>Samedi : 9h \u00e0 17h<\/p>\n<p>Dimanche : 12h \u00e0 17h<\/p>\n<h2>R\u00e9serve des professeurs \u0096 Formulaire en ligne<\/h2>\n<p>D\u00e8s cet automne, un nouveau service sera mis \u00e0 votre disposition. Vous pourrez, gr\u00e2ce \u00e0 un formulaire en ligne, cr\u00e9er votre r\u00e9serve de cours et y mettre des documents de la biblioth\u00e8que, le tout, \u00e0 partir de votre bureau! Surveillez l\u0092apparition du lien dans la section <em>Services <\/em><em>\u00e0 Corps professoral et employ\u00e9s<\/em><em>\u00e0 R\u00e9serve<\/em> dans les prochaines semaines.<\/p>\n<p>En terminant, je vous rappelle que nous sommes sur Facebook. Suivez la page <strong>UQAC \u0096 Biblioth\u00e8que Paul-\u00c9mile-Boulet<\/strong> et entrez dans la discussion! Vous n\u0092\u00eates pas oblig\u00e9 d\u0092avoir un compte Facebook pour voir les publications de la biblioth\u00e8que. Suivez la page Facebook de la biblioth\u00e8que pour d\u00e9couvrir des outils et des astuces li\u00e9s au monde de la recherche, pour recevoir des nouvelles de la biblioth\u00e8que ou encore pour partager avec nous vos interrogations et votre opinion!<\/p>\n<p>Sur ce, bonne session d\u0092automne \u00e0 tous et \u00e0 toutes!<\/p>\n","protected":false},"excerpt":{"rendered":"<p>\u00c0 tous les membres du corps professoral l\u0092Universit\u00e9 du Qu\u00e9bec \u00e0 Chicoutimi, Il nous fait plaisir, en ce d\u00e9but d\u0092ann\u00e9e 2011-2012, de vous pr\u00e9senter les nouveaux services de la biblioth\u00e8que mis \u00e0 votre disposition. Horaire du pr\u00eat entre biblioth\u00e8ques (PEB) et de l\u0092audiovid\u00e9oth\u00e8que Un nouvel am\u00e9nagement des horaires aux comptoirs du PEB et de l\u0092audiovid\u00e9oth\u00e8que &hellip; <a href=\"https:\/\/www.uqac.ca\/biblio_actu\/generalites\/message-au-corps-professoral-de-luqac\/\" class=\"more-link\">Continuer la lecture de <span class=\"screen-reader-text\">Les nouveaut\u00e9s de la rentr\u00e9e pour les enseignants<\/span>  <span class=\"meta-nav\">&rarr;<\/span><\/a><\/p>\n","protected":false},"author":2,"featured_media":0,"comment_status":"closed","ping_status":"open","sticky":false,"template":"","format":"standard","meta":{"footnotes":""},"categories":[3],"tags":[],"_links":{"self":[{"href":"https:\/\/www.uqac.ca\/biblio_actu\/wp-json\/wp\/v2\/posts\/440"}],"collection":[{"href":"https:\/\/www.uqac.ca\/biblio_actu\/wp-json\/wp\/v2\/posts"}],"about":[{"href":"https:\/\/www.uqac.ca\/biblio_actu\/wp-json\/wp\/v2\/types\/post"}],"author":[{"embeddable":true,"href":"https:\/\/www.uqac.ca\/biblio_actu\/wp-json\/wp\/v2\/users\/2"}],"replies":[{"embeddable":true,"href":"https:\/\/www.uqac.ca\/biblio_actu\/wp-json\/wp\/v2\/comments?post=440"}],"version-history":[{"count":6,"href":"https:\/\/www.uqac.ca\/biblio_actu\/wp-json\/wp\/v2\/posts\/440\/revisions"}],"predecessor-version":[{"id":448,"href":"https:\/\/www.uqac.ca\/biblio_actu\/wp-json\/wp\/v2\/posts\/440\/revisions\/448"}],"wp:attachment":[{"href":"https:\/\/www.uqac.ca\/biblio_actu\/wp-json\/wp\/v2\/media?parent=440"}],"wp:term":[{"taxonomy":"category","embeddable":true,"href":"https:\/\/www.uqac.ca\/biblio_actu\/wp-json\/wp\/v2\/categories?post=440"},{"taxonomy":"post_tag","embeddable":true,"href":"https:\/\/www.uqac.ca\/biblio_actu\/wp-json\/wp\/v2\/tags?post=440"}],"curies":[{"name":"wp","href":"https:\/\/api.w.org\/{rel}","templated":true}]}}