{"id":444,"date":"2011-08-30T09:38:40","date_gmt":"2011-08-30T13:38:40","guid":{"rendered":"http:\/\/www.uqac.ca\/biblio_actu\/?p=444"},"modified":"2011-09-01T16:46:45","modified_gmt":"2011-09-01T20:46:45","slug":"message-aux-etudiants-de-luqac","status":"publish","type":"post","link":"https:\/\/www.uqac.ca\/biblio_actu\/generalites\/message-aux-etudiants-de-luqac\/","title":{"rendered":"La biblioth\u00e8que instaure de nouveaux services pour les \u00e9tudiants"},"content":{"rendered":"<p>Chers \u00e9tudiants et \u00e9tudiantes,<\/p>\n<p>Il nous fait plaisir, en ce d\u00e9but d\u0092ann\u00e9e 2011-2012, de vous pr\u00e9senter les nouveaux services de la biblioth\u00e8que mis \u00e0 votre disposition.<\/p>\n<p>Pour conna\u00eetre l\u0092ensemble des services qui vous sont offert, consultez la page suivante de notre site Web : <a href=\"http:\/\/bibliotheque.uqac.ca\/services\/etudiants.php\">http:\/\/bibliotheque.uqac.ca\/services\/etudiants.php<\/a>.<\/p>\n<h2>Salles de travail en \u00e9quipe<\/h2>\n<p>Depuis janvier dernier, les \u00e9tudiants doivent r\u00e9server les salles de travail en \u00e9quipe et venir au comptoir de pr\u00eat r\u00e9cup\u00e9rer la cl\u00e9 de leur local pour pouvoir l\u0092utiliser. Nous sommes heureux de vous annoncer que nous vous offrons d\u00e8s maintenant un service am\u00e9lior\u00e9. En effet, vous pouvez d\u00e9sormais r\u00e9server pour le temps n\u00e9cessaire plut\u00f4t que selon des plages horaires pr\u00e9d\u00e9finies de deux heures.<\/p>\n<p>De plus, les cinq salles du premier \u00e9tage seront \u00e9quip\u00e9es, pour la rentr\u00e9e, d\u0092un projecteur et d\u0092un \u00e9cran. Vous pourrez y brancher votre ordinateur portable personnel ou l\u0092un des cinq portables de la biblioth\u00e8que mis \u00e0 votre disposition. Ces \u00e9quipements vous permettront d\u0092effectuer du travail collaboratif. En effet, vous pourrez prendre des notes et travailler directement sur l\u0092image projet\u00e9e.<\/p>\n<p>Pour conna\u00eetre l\u0092ensemble des politiques et r\u00e8glements reli\u00e9s aux salles de travail en \u00e9quipe, consultez la page suivante : <a href=\"http:\/\/bibliotheque.uqac.ca\/renseignements\/reglements.php?section=3\">http:\/\/bibliotheque.uqac.ca\/renseignements\/reglements.php?section=3<\/a><\/p>\n<h2>Nouvel horaire de l\u0092Aide en direct<\/h2>\n<p>Notre service d\u0092aide par clavardage est de retour pour l\u0092ann\u00e9e 2011-2012. Nous vous offrons maintenant le service en continu sur l\u0092ensemble des heures d\u0092ouverture de la biblioth\u00e8que. N\u0092h\u00e9sitez pas \u00e0 utiliser ce service pour obtenir de l\u0092information sur la biblioth\u00e8que, ses services  et ses ressources documentaires.<\/p>\n<p><strong>Horaire du service d\u0092Aide en direct<\/strong><\/p>\n<p>Lundi au jeudi : 8h30 \u00e0 22h30<\/p>\n<p>Vendredi : 8h30 \u00e0 20h30<\/p>\n<p>Samedi : 9h \u00e0 17h<\/p>\n<p>Dimanche : 12h \u00e0 17h<\/p>\n<h2>Nouvelle version de notre catalogue de biblioth\u00e8que<\/h2>\n<p>Vous l\u0092avez peut-\u00eatre d\u00e9j\u00e0 constat\u00e9, une nouvelle version de notre catalogue de biblioth\u00e8que est actuellement en ligne. La mise en place de cette version offre un acc\u00e8s simplifi\u00e9 \u00e0 nos ressources et permet une meilleure int\u00e9gration de notre catalogue \u00e0 notre site Web.<\/p>\n<p>Pour visualiser le nouveau catalogue, rendez-vous \u00e0 la page suivante : <a href=\"http:\/\/decouverte.uquebec.ca\/primo_library\/libweb\/action\/search.do?dscnt=1&amp;dstmp=1312919205277&amp;vid=UQAC&amp;fromLogin=true\">http:\/\/decouverte.uquebec.ca\/primo_library\/libweb\/action\/search.do?dscnt=1&amp;dstmp=1312919205277&amp;vid=UQAC&amp;fromLogin=true<\/a><\/p>\n<p>Pour plus d\u0092information sur les diff\u00e9rents changements apport\u00e9s \u00e0 notre outil ou pour recevoir de la formation sur l\u0092utilisation de notre catalogue, n\u0092h\u00e9sitez pas \u00e0 contacter le technicien ou le conseiller en information documentaire de votre discipline. Vous pouvez rep\u00e9rer votre personne-ressource \u00e0 contacter \u00e0 la page suivante : <a href=\"http:\/\/bibvir.uqac.ca\/subsplus\/subjects\/staff.php?page=bysubject\">http:\/\/bibvir.uqac.ca\/subsplus\/subjects\/staff.php?page=bysubject<\/a><\/p>\n<h2>Horaire du pr\u00eat entre biblioth\u00e8ques (PEB) et de l\u0092audiovid\u00e9oth\u00e8que<\/h2>\n<p>Un nouvel am\u00e9nagement des horaires aux comptoirs du PEB et de l\u0092audiovid\u00e9oth\u00e8que font en sorte que, d\u00e8s la rentr\u00e9e, le service vous sera offert en continu de 8h \u00e0 16h 30 pour les deux unit\u00e9s.<\/p>\n<p>Pour visualiser l\u0092horaire r\u00e9gulier complet de la biblioth\u00e8que, consultez la page suivante : <a href=\"http:\/\/bibliotheque.uqac.ca\/renseignements\/horaire.php\">http:\/\/bibliotheque.uqac.ca\/renseignements\/horaire.php<\/a><\/p>\n<h2>Modifications sur le site Web<\/h2>\n<p>Quelques modifications seront apport\u00e9es \u00e0 la page d\u0092accueil du site Web.<\/p>\n<p>Sous l\u0092onglet \u00abChercher\u00bb, vous retrouverez plus facilement les ressources g\u00e9n\u00e9rales telles qu\u0092Eureka, les dictionnaires et les encyclop\u00e9dies, les m\u00e9moires et les th\u00e8ses.<\/p>\n<p>Surveillez aussi la section Aide. Sa structure sera modifi\u00e9e dans les prochaines semaines et du contenu sera ajout\u00e9 au cours de l\u0092automne 2011.<\/p>\n<h2>Nouvelle professionnelle \u00e0 la r\u00e9f\u00e9rence g\u00e9n\u00e9rale<\/h2>\n<p>Nous avons une nouvelle recrue au poste de r\u00e9f\u00e9rence g\u00e9n\u00e9rale, Nadia Villeneuve. Son horaire particulier (du lundi au vendredi, de 10h30 \u00e0 13h30 et de 15h \u00e0 19h) nous permet maintenant d\u0092offrir le support d\u0092une ressource professionnelle \u00e0 notre client\u00e8le sur l\u0092heure du midi et en fin de journ\u00e9e. N\u0092h\u00e9sitez pas \u00e0 la consulter si votre conseiller en information documentaire est absent ou n\u0092est pas disponible.<\/p>\n<h2>Facebook<\/h2>\n<p>En terminant, je vous rappelle que la biblioth\u00e8que est sur Facebook. Suivez la page <a href=\"https:\/\/www.facebook.com\/pages\/UQAC-Biblioth%C3%A8que-Paul-%C3%89mile-Boulet\/407159285992\"><strong>UQAC \u0096 Biblioth\u00e8que Paul-\u00c9mile-Boulet<\/strong><\/a> et entrez dans la discussion! Vous n\u0092\u00eates pas oblig\u00e9 d\u0092avoir un compte Facebook pour consulter les publications de la biblioth\u00e8que. Suivez la page Facebook de la biblioth\u00e8que pour d\u00e9couvrir des outils et des astuces li\u00e9s au monde de la recherche, pour recevoir des nouvelles de la biblioth\u00e8que ou encore pour partager avec nous vos interrogations et vos opinions!<\/p>\n<p>Bonne session d\u0092automne \u00e0 tous et \u00e0 toutes!<\/p>\n","protected":false},"excerpt":{"rendered":"<p>Chers \u00e9tudiants et \u00e9tudiantes, Il nous fait plaisir, en ce d\u00e9but d\u0092ann\u00e9e 2011-2012, de vous pr\u00e9senter les nouveaux services de la biblioth\u00e8que mis \u00e0 votre disposition. Pour conna\u00eetre l\u0092ensemble des services qui vous sont offert, consultez la page suivante de notre site Web : http:\/\/bibliotheque.uqac.ca\/services\/etudiants.php. Salles de travail en \u00e9quipe Depuis janvier dernier, les \u00e9tudiants &hellip; <a href=\"https:\/\/www.uqac.ca\/biblio_actu\/generalites\/message-aux-etudiants-de-luqac\/\" class=\"more-link\">Continuer la lecture de <span class=\"screen-reader-text\">La biblioth\u00e8que instaure de nouveaux services pour les \u00e9tudiants<\/span>  <span class=\"meta-nav\">&rarr;<\/span><\/a><\/p>\n","protected":false},"author":2,"featured_media":0,"comment_status":"closed","ping_status":"open","sticky":false,"template":"","format":"standard","meta":{"footnotes":""},"categories":[3],"tags":[],"_links":{"self":[{"href":"https:\/\/www.uqac.ca\/biblio_actu\/wp-json\/wp\/v2\/posts\/444"}],"collection":[{"href":"https:\/\/www.uqac.ca\/biblio_actu\/wp-json\/wp\/v2\/posts"}],"about":[{"href":"https:\/\/www.uqac.ca\/biblio_actu\/wp-json\/wp\/v2\/types\/post"}],"author":[{"embeddable":true,"href":"https:\/\/www.uqac.ca\/biblio_actu\/wp-json\/wp\/v2\/users\/2"}],"replies":[{"embeddable":true,"href":"https:\/\/www.uqac.ca\/biblio_actu\/wp-json\/wp\/v2\/comments?post=444"}],"version-history":[{"count":3,"href":"https:\/\/www.uqac.ca\/biblio_actu\/wp-json\/wp\/v2\/posts\/444\/revisions"}],"predecessor-version":[{"id":446,"href":"https:\/\/www.uqac.ca\/biblio_actu\/wp-json\/wp\/v2\/posts\/444\/revisions\/446"}],"wp:attachment":[{"href":"https:\/\/www.uqac.ca\/biblio_actu\/wp-json\/wp\/v2\/media?parent=444"}],"wp:term":[{"taxonomy":"category","embeddable":true,"href":"https:\/\/www.uqac.ca\/biblio_actu\/wp-json\/wp\/v2\/categories?post=444"},{"taxonomy":"post_tag","embeddable":true,"href":"https:\/\/www.uqac.ca\/biblio_actu\/wp-json\/wp\/v2\/tags?post=444"}],"curies":[{"name":"wp","href":"https:\/\/api.w.org\/{rel}","templated":true}]}}