{"id":5,"date":"2010-08-10T14:56:26","date_gmt":"2010-08-10T18:56:26","guid":{"rendered":"http:\/\/www.uqac.ca\/biblio_actu\/?p=5"},"modified":"2010-12-10T13:54:24","modified_gmt":"2010-12-10T18:54:24","slug":"debut-des-travaux-de-renovation-a-la-bibliotheque","status":"publish","type":"post","link":"https:\/\/www.uqac.ca\/biblio_actu\/generalites\/debut-des-travaux-de-renovation-a-la-bibliotheque\/","title":{"rendered":"Travaux de r\u00e9novation \u00e0 la biblioth\u00e8que [Mise \u00e0 jour, 29 sept 2010]"},"content":{"rendered":"<p>[Mise \u00e0 jour, 29 sept 2010] Le passage qui traverse le premier \u00e9tage de la biblioth\u00e8que est de nouveau ouvert! Vous pouvez maintenant rejoindre la reprographie ou la cartoth\u00e8que sans devoir monter au second \u00e9tage. Le passage longe le mur o\u00f9 sont situ\u00e9es les fen\u00eatres.<\/p>\n<p>[Mise \u00e0 jour, 20 sept 2010] Cette semaine, les ouvriers poseront le rev\u00eatement de plancher, ce qui n\u00e9cessitera la fermeture du couloir qui m\u00e8ne entre autre \u00e0 la reprographie \u00e9tudiante, \u00e0 la salle de formation et \u00e0 la cartoth\u00e8que.  Les usagers devront donc traverser le premier le premier \u00e9tage de la biblioth\u00e8que en montant au deuxi\u00e8me \u00e9tage par l&rsquo;escalier pr\u00e8s de l&rsquo;entr\u00e9e actuelle et redescendre au premier par l&rsquo;escalier situ\u00e9 pr\u00e8s de la reprographie \u00e9tudiante. Ces travaux prendront fin vendredi en fin de journ\u00e9e.<\/p>\n<p>Nous nous  excusons pour les inconv\u00e9nients rencontr\u00e9s.<\/p>\n<p>[Mise-\u00e0-jour, 4 ao\u00fbt 2010]  Les r\u00e9novations de l\u0092accueil de la biblioth\u00e8que  ont d\u00e9but\u00e9, ce qui nous a contraints \u00e0 d\u00e9placer temporairement l\u0092entr\u00e9e de  celle-ci. Jusqu\u0092\u00e0 ce que les travaux soient termin\u00e9s, nous vous invitons \u00e0  entrer par la porte situ\u00e9e \u00e0 c\u00f4t\u00e9 du local P2-5070.<\/p>\n<p>Nous en profitons pour vous rappeler que la biblioth\u00e8que demeure ouverte  pendant la dur\u00e9e des travaux. Seul le premier \u00e9tage est touch\u00e9 par les  r\u00e9novations.<\/p>\n<p>[Message original]<\/p>\n<p>Des travaux de r\u00e9novations ont d\u00e9but\u00e9 \u00e0 la biblioth\u00e8que. Ceux-ci se  d\u00e9rouleront pendant la p\u00e9riode estivale et devraient se poursuivre jusqu\u0092\u00e0 la  fin du mois de septembre.<\/p>\n<p>Ces r\u00e9novations  touchent  le premier \u00e9tage de la biblioth\u00e8que et tiennent  compte de plusieurs suggestions formul\u00e9s par les r\u00e9pondants du sondage LibQual.  Des lieux plus modernes et mieux adapt\u00e9s aux nouvelles technologies ainsi qu\u0092un  plus grand nombre de salles de travail sont au menu.<\/p>\n<p>La biblioth\u00e8que demeure ouverte pendant la p\u00e9riode des travaux.  Nous nous  excusons pour les inconv\u00e9nients rencontr\u00e9s.<\/p>\n","protected":false},"excerpt":{"rendered":"<p>[Mise \u00e0 jour, 29 sept 2010] Le passage qui traverse le premier \u00e9tage de la biblioth\u00e8que est de nouveau ouvert! Vous pouvez maintenant rejoindre la reprographie ou la cartoth\u00e8que sans devoir monter au second \u00e9tage. Le passage longe le mur o\u00f9 sont situ\u00e9es les fen\u00eatres. [Mise \u00e0 jour, 20 sept 2010] Cette semaine, les ouvriers &hellip; <a href=\"https:\/\/www.uqac.ca\/biblio_actu\/generalites\/debut-des-travaux-de-renovation-a-la-bibliotheque\/\" class=\"more-link\">Continuer la lecture de <span class=\"screen-reader-text\">Travaux de r\u00e9novation \u00e0 la biblioth\u00e8que [Mise \u00e0 jour, 29 sept 2010]<\/span>  <span class=\"meta-nav\">&rarr;<\/span><\/a><\/p>\n","protected":false},"author":4,"featured_media":0,"comment_status":"closed","ping_status":"open","sticky":false,"template":"","format":"standard","meta":{"footnotes":""},"categories":[3],"tags":[],"_links":{"self":[{"href":"https:\/\/www.uqac.ca\/biblio_actu\/wp-json\/wp\/v2\/posts\/5"}],"collection":[{"href":"https:\/\/www.uqac.ca\/biblio_actu\/wp-json\/wp\/v2\/posts"}],"about":[{"href":"https:\/\/www.uqac.ca\/biblio_actu\/wp-json\/wp\/v2\/types\/post"}],"author":[{"embeddable":true,"href":"https:\/\/www.uqac.ca\/biblio_actu\/wp-json\/wp\/v2\/users\/4"}],"replies":[{"embeddable":true,"href":"https:\/\/www.uqac.ca\/biblio_actu\/wp-json\/wp\/v2\/comments?post=5"}],"version-history":[{"count":17,"href":"https:\/\/www.uqac.ca\/biblio_actu\/wp-json\/wp\/v2\/posts\/5\/revisions"}],"predecessor-version":[{"id":177,"href":"https:\/\/www.uqac.ca\/biblio_actu\/wp-json\/wp\/v2\/posts\/5\/revisions\/177"}],"wp:attachment":[{"href":"https:\/\/www.uqac.ca\/biblio_actu\/wp-json\/wp\/v2\/media?parent=5"}],"wp:term":[{"taxonomy":"category","embeddable":true,"href":"https:\/\/www.uqac.ca\/biblio_actu\/wp-json\/wp\/v2\/categories?post=5"},{"taxonomy":"post_tag","embeddable":true,"href":"https:\/\/www.uqac.ca\/biblio_actu\/wp-json\/wp\/v2\/tags?post=5"}],"curies":[{"name":"wp","href":"https:\/\/api.w.org\/{rel}","templated":true}]}}