{"id":715,"date":"2012-02-22T10:28:35","date_gmt":"2012-02-22T15:28:35","guid":{"rendered":"http:\/\/www.uqac.ca\/biblio_actu\/?p=715"},"modified":"2012-02-22T10:35:22","modified_gmt":"2012-02-22T15:35:22","slug":"deux-nouvelles-salles-de-travail-en-equipe-disponibles-a-la-bibliotheque","status":"publish","type":"post","link":"https:\/\/www.uqac.ca\/biblio_actu\/nouveautes\/deux-nouvelles-salles-de-travail-en-equipe-disponibles-a-la-bibliotheque\/","title":{"rendered":"Deux nouvelles salles de travail en \u00e9quipe disponibles \u00e0 la biblioth\u00e8que"},"content":{"rendered":"<p>\u00c0 la suite d&rsquo;une r\u00e9organisation des bureaux du personnel au deuxi\u00e8me \u00e9tage de la biblioth\u00e8que, deux locaux ont \u00e9t\u00e9 r\u00e9am\u00e9nag\u00e9s en salle de travail en \u00e9quipe afin d&rsquo;am\u00e9liorer les disponibilit\u00e9s de ces salles.<\/p>\n<p>Vous pouvez r\u00e9server ces salles au m\u00eame titre que les autres sur la page de <a href=\"http:\/\/bibvir2.uqac.ca\/ors\/\">r\u00e9servation des salles<\/a>.<\/p>\n","protected":false},"excerpt":{"rendered":"<p>\u00c0 la suite d&rsquo;une r\u00e9organisation des bureaux du personnel au deuxi\u00e8me \u00e9tage de la biblioth\u00e8que, deux locaux ont \u00e9t\u00e9 r\u00e9am\u00e9nag\u00e9s en salle de travail en \u00e9quipe afin d&rsquo;am\u00e9liorer les disponibilit\u00e9s de ces salles. Vous pouvez r\u00e9server ces salles au m\u00eame titre que les autres sur la page de r\u00e9servation des salles.<\/p>\n","protected":false},"author":2,"featured_media":0,"comment_status":"closed","ping_status":"open","sticky":false,"template":"","format":"standard","meta":{"footnotes":""},"categories":[9],"tags":[],"_links":{"self":[{"href":"https:\/\/www.uqac.ca\/biblio_actu\/wp-json\/wp\/v2\/posts\/715"}],"collection":[{"href":"https:\/\/www.uqac.ca\/biblio_actu\/wp-json\/wp\/v2\/posts"}],"about":[{"href":"https:\/\/www.uqac.ca\/biblio_actu\/wp-json\/wp\/v2\/types\/post"}],"author":[{"embeddable":true,"href":"https:\/\/www.uqac.ca\/biblio_actu\/wp-json\/wp\/v2\/users\/2"}],"replies":[{"embeddable":true,"href":"https:\/\/www.uqac.ca\/biblio_actu\/wp-json\/wp\/v2\/comments?post=715"}],"version-history":[{"count":3,"href":"https:\/\/www.uqac.ca\/biblio_actu\/wp-json\/wp\/v2\/posts\/715\/revisions"}],"predecessor-version":[{"id":717,"href":"https:\/\/www.uqac.ca\/biblio_actu\/wp-json\/wp\/v2\/posts\/715\/revisions\/717"}],"wp:attachment":[{"href":"https:\/\/www.uqac.ca\/biblio_actu\/wp-json\/wp\/v2\/media?parent=715"}],"wp:term":[{"taxonomy":"category","embeddable":true,"href":"https:\/\/www.uqac.ca\/biblio_actu\/wp-json\/wp\/v2\/categories?post=715"},{"taxonomy":"post_tag","embeddable":true,"href":"https:\/\/www.uqac.ca\/biblio_actu\/wp-json\/wp\/v2\/tags?post=715"}],"curies":[{"name":"wp","href":"https:\/\/api.w.org\/{rel}","templated":true}]}}