{"id":878,"date":"2012-08-29T14:58:27","date_gmt":"2012-08-29T18:58:27","guid":{"rendered":"http:\/\/www.uqac.ca\/biblio_actu\/?p=878"},"modified":"2012-09-04T10:18:27","modified_gmt":"2012-09-04T14:18:27","slug":"de-nouveaux-ateliers-de-formation-pour-2012","status":"publish","type":"post","link":"https:\/\/www.uqac.ca\/biblio_actu\/formations\/de-nouveaux-ateliers-de-formation-pour-2012\/","title":{"rendered":"De nouveaux ateliers de formation pour 2012"},"content":{"rendered":"<p>L\u0092offre de formation de la biblioth\u00e8que a \u00e9t\u00e9 renouvel\u00e9e pour mieux r\u00e9pondre \u00e0 vos besoins. Il est possible de vous inscrire \u00e0 ces ateliers aux horaires d\u00e9j\u00e0 propos\u00e9es ou sur demande avec le personnel de la biblioth\u00e8que.<\/p>\n<p>Voici la liste des ateliers :<\/p>\n<ul>\n<li><strong>L\u0092essentiel de la biblioth\u00e8que<\/strong>: pour tout savoir ce qu&rsquo;il faut savoir de la biblioth\u00e8que.<\/li>\n<li><strong>Initiation \u00e0 la recherche<\/strong>: pour bien commencer vos travaux.<\/li>\n<li><strong>Logiciel bibliographique EndNote<\/strong>: pour g\u00e9n\u00e9rer automatiquement des bibliographies et bien plus.<\/li>\n<li><strong>La veille informationnelle en format RSS<\/strong>: pour sauver du temps en automatisant vos recherches.<\/li>\n<li><strong>Statistique Canada et le recensement<\/strong>: pour d\u00e9velopper vos capacit\u00e9s \u00e0 chercher et \u00e0 manipuler des donn\u00e9es d\u00e9mographiques.<\/li>\n<li><strong>Pourquoi citer ses sources?<\/strong>: Parce que les questions de droit d&rsquo;auteur sont souvent emb\u00eatantes, on vous a concoct\u00e9 un \u00ab\u00a0best of\u00a0\u00bb de ce que vous devez savoir.<\/li>\n<\/ul>\n<p>Pour plus de d\u00e9tails, pour vous inscrire ou pour conna\u00eetre les autres ateliers qui seront offerts durant la session, consultez l\u0092adresse suivante <a href=\"http:\/\/bibliotheque.uqac.ca\/\">http:\/\/bibliotheque.uqac.ca\/<\/a>, sous la section \u00ab\u00a0Formations\u00a0\u00bb.<\/p>\n","protected":false},"excerpt":{"rendered":"<p>L\u0092offre de formation de la biblioth\u00e8que a \u00e9t\u00e9 renouvel\u00e9e pour mieux r\u00e9pondre \u00e0 vos besoins. Il est possible de vous inscrire \u00e0 ces ateliers aux horaires d\u00e9j\u00e0 propos\u00e9es ou sur demande avec le personnel de la biblioth\u00e8que. Voici la liste des ateliers : L\u0092essentiel de la biblioth\u00e8que: pour tout savoir ce qu&rsquo;il faut savoir de &hellip; <a href=\"https:\/\/www.uqac.ca\/biblio_actu\/formations\/de-nouveaux-ateliers-de-formation-pour-2012\/\" class=\"more-link\">Continuer la lecture de <span class=\"screen-reader-text\">De nouveaux ateliers de formation pour 2012<\/span>  <span class=\"meta-nav\">&rarr;<\/span><\/a><\/p>\n","protected":false},"author":2,"featured_media":0,"comment_status":"closed","ping_status":"open","sticky":false,"template":"","format":"standard","meta":{"footnotes":""},"categories":[13],"tags":[],"_links":{"self":[{"href":"https:\/\/www.uqac.ca\/biblio_actu\/wp-json\/wp\/v2\/posts\/878"}],"collection":[{"href":"https:\/\/www.uqac.ca\/biblio_actu\/wp-json\/wp\/v2\/posts"}],"about":[{"href":"https:\/\/www.uqac.ca\/biblio_actu\/wp-json\/wp\/v2\/types\/post"}],"author":[{"embeddable":true,"href":"https:\/\/www.uqac.ca\/biblio_actu\/wp-json\/wp\/v2\/users\/2"}],"replies":[{"embeddable":true,"href":"https:\/\/www.uqac.ca\/biblio_actu\/wp-json\/wp\/v2\/comments?post=878"}],"version-history":[{"count":4,"href":"https:\/\/www.uqac.ca\/biblio_actu\/wp-json\/wp\/v2\/posts\/878\/revisions"}],"predecessor-version":[{"id":881,"href":"https:\/\/www.uqac.ca\/biblio_actu\/wp-json\/wp\/v2\/posts\/878\/revisions\/881"}],"wp:attachment":[{"href":"https:\/\/www.uqac.ca\/biblio_actu\/wp-json\/wp\/v2\/media?parent=878"}],"wp:term":[{"taxonomy":"category","embeddable":true,"href":"https:\/\/www.uqac.ca\/biblio_actu\/wp-json\/wp\/v2\/categories?post=878"},{"taxonomy":"post_tag","embeddable":true,"href":"https:\/\/www.uqac.ca\/biblio_actu\/wp-json\/wp\/v2\/tags?post=878"}],"curies":[{"name":"wp","href":"https:\/\/api.w.org\/{rel}","templated":true}]}}