{"id":8443,"global_id":"www.uqac.ca\/calendrier?id=8443","global_id_lineage":["www.uqac.ca\/calendrier?id=8443"],"author":"36","status":"publish","date":"2026-03-31 10:27:17","date_utc":"2026-03-31 14:27:17","modified":"2026-03-31 10:27:17","modified_utc":"2026-03-31 14:27:17","url":"https:\/\/www.uqac.ca\/calendrier\/evenement\/midi-conference-votre-projet-dentreprise-face-a-votre-statut-dimmigration-2\/","rest_url":"https:\/\/www.uqac.ca\/calendrier\/wp-json\/tribe\/events\/v1\/events\/8443","title":"Midi Conf\u00e9rence | Votre projet d&rsquo;entreprise face \u00e0 votre statut d&rsquo;immigration","description":"<h5>Vous d\u00e9sirez entreprendre au Canada, mais souhaitez y voir plus clair avec les d\u00e9marches d&rsquo;immigration?<\/h5>\n<p>Le CEE-UQAC vous invite \u00e0 une conf\u00e9rence informative anim\u00e9e par Me Diane Serres, avocate chez Cain Lamarre. Forte de son exp\u00e9rience en droit de l\u2019immigration, elle accompagne autant les particuliers que les employeurs dans leurs d\u00e9marches de r\u00e9sidence temporaire et permanente.\ud83e\uddf3\ud83e\udd1d<\/p>\n<p><strong>D\u00e9couvrez les droits et obligations li\u00e9es aux diff\u00e9rents statuts d&rsquo;immigration dans un contexte de lancement d&rsquo;entreprise.<\/strong> Venez vous informer sur le permis de travail, son processus d\u2019obtention et les impacts d\u2019un d\u00e9marrage sans statut de r\u00e9sident(e) permanent(e), afin de mieux orienter votre projet entrepreneurial.\ud83c\udfaf<\/p>\n<p><strong>R\u00e9servez votre place gratuitement maintenant : <a href=\"https:\/\/ceeuqac.ca\/activites\/programmation\/midi-conference-immigration-et-entreprise\/\" target=\"_blank\" rel=\"noopener\">https:\/\/ceeuqac.ca\/activites\/programmation\/midi-conference-immigration-et-entreprise\/<\/a><\/strong><\/p>","excerpt":"","slug":"midi-conference-votre-projet-dentreprise-face-a-votre-statut-dimmigration-2","image":false,"all_day":false,"start_date":"2026-04-14 11:45:00","start_date_details":{"year":"2026","month":"04","day":"14","hour":"11","minutes":"45","seconds":"00"},"end_date":"2026-04-14 12:45:00","end_date_details":{"year":"2026","month":"04","day":"14","hour":"12","minutes":"45","seconds":"00"},"utc_start_date":"2026-04-14 15:45:00","utc_start_date_details":{"year":"2026","month":"04","day":"14","hour":"15","minutes":"45","seconds":"00"},"utc_end_date":"2026-04-14 16:45:00","utc_end_date_details":{"year":"2026","month":"04","day":"14","hour":"16","minutes":"45","seconds":"00"},"timezone":"America\/New_York","timezone_abbr":"EDT","cost":"","cost_details":{"currency_symbol":"$","currency_code":"USD","currency_position":"prefix","values":[]},"website":"https:\/\/ceeuqac.ca\/activites\/programmation\/midi-conference-immigration-et-entreprise\/","show_map":false,"show_map_link":false,"hide_from_listings":false,"sticky":false,"featured":false,"categories":[{"name":"Conf\u00e9rences et pr\u00e9sentations","slug":"conferences-et-presentations","term_group":0,"term_taxonomy_id":23,"taxonomy":"tribe_events_cat","description":"","parent":0,"count":174,"filter":"raw","id":23,"urls":{"self":"https:\/\/www.uqac.ca\/calendrier\/wp-json\/tribe\/events\/v1\/categories\/23","collection":"https:\/\/www.uqac.ca\/calendrier\/wp-json\/tribe\/events\/v1\/categories"}}],"tags":[{"name":"CEE UQAC","slug":"cee-uqac","term_group":0,"term_taxonomy_id":164,"taxonomy":"post_tag","description":"","parent":0,"count":9,"filter":"raw","id":164,"urls":{"self":"https:\/\/www.uqac.ca\/calendrier\/wp-json\/tribe\/events\/v1\/tags\/164","collection":"https:\/\/www.uqac.ca\/calendrier\/wp-json\/tribe\/events\/v1\/tags"}},{"name":"DSEA","slug":"dsea","term_group":0,"term_taxonomy_id":32,"taxonomy":"post_tag","description":"","parent":0,"count":13,"filter":"raw","id":32,"urls":{"self":"https:\/\/www.uqac.ca\/calendrier\/wp-json\/tribe\/events\/v1\/tags\/32","collection":"https:\/\/www.uqac.ca\/calendrier\/wp-json\/tribe\/events\/v1\/tags"}}],"venue":{"id":585,"author":"7","status":"publish","date":"2019-02-18 09:20:13","date_utc":"2019-02-18 14:20:13","modified":"2019-02-18 09:20:13","modified_utc":"2019-02-18 14:20:13","url":"https:\/\/www.uqac.ca\/calendrier\/lieu\/local-h1-1110\/","venue":"Local H1-1110","slug":"local-h1-1110","json_ld":{"@type":"Place","name":"Local H1-1110","description":"","url":"https:\/\/www.uqac.ca\/calendrier\/lieu\/local-h1-1110\/","address":{"@type":"PostalAddress"},"telephone":"","sameAs":""},"show_map":true,"show_map_link":true,"global_id":"www.uqac.ca\/calendrier?id=585","global_id_lineage":["www.uqac.ca\/calendrier?id=585"]},"organizer":[{"id":7343,"author":"36","status":"publish","date":"2025-09-03 08:31:36","date_utc":"2025-09-03 12:31:36","modified":"2025-09-03 08:31:36","modified_utc":"2025-09-03 12:31:36","url":"https:\/\/www.uqac.ca\/calendrier\/organisateur\/cee-uqac-2\/","organizer":"CEE UQAC","slug":"cee-uqac-2","json_ld":{"@type":"Person","name":"CEE UQAC","description":"","url":"","telephone":"","email":"","sameAs":""},"global_id":"www.uqac.ca\/calendrier?id=7343","global_id_lineage":["www.uqac.ca\/calendrier?id=7343"]}],"custom_fields":[],"json_ld":{"@context":"http:\/\/schema.org","@type":"Event","name":"Midi Conf\u00e9rence | Votre projet d&rsquo;entreprise face \u00e0 votre statut d&rsquo;immigration","description":"&lt;p&gt;Vous d\u00e9sirez entreprendre au Canada, mais souhaitez y voir plus clair avec les d\u00e9marches d\\'immigration? Le CEE-UQAC vous invite \u00e0 une conf\u00e9rence informative anim\u00e9e par Me Diane Serres, avocate chez [&hellip;]&lt;\/p&gt;\\n","url":"https:\/\/www.uqac.ca\/calendrier\/evenement\/midi-conference-votre-projet-dentreprise-face-a-votre-statut-dimmigration-2\/","eventAttendanceMode":"https:\/\/schema.org\/OfflineEventAttendanceMode","eventStatus":"https:\/\/schema.org\/EventScheduled","startDate":"2026-04-14T11:45:00-04:00","endDate":"2026-04-14T12:45:00-04:00","location":{"@type":"Place","name":"Local H1-1110","description":"","url":"https:\/\/www.uqac.ca\/calendrier\/lieu\/local-h1-1110\/","address":{"@type":"PostalAddress"},"telephone":"","sameAs":""},"organizer":{"@type":"Person","name":"CEE UQAC","description":"","url":"","telephone":"","email":"","sameAs":""},"performer":"Organization"},"is_virtual":false,"virtual_url":null,"virtual_video_source":""}