{"id":204,"date":"2016-06-10T20:56:55","date_gmt":"2016-06-10T19:56:55","guid":{"rendered":"http:\/\/www.uqac.ca\/fouellet\/?p=204"},"modified":"2017-03-09T02:55:12","modified_gmt":"2017-03-09T01:55:12","slug":"dun-ecrivain-lautre-quelques-meconnus-du-xxe-siecle-et-leurs-references","status":"publish","type":"post","link":"https:\/\/www.uqac.ca\/fouellet\/?p=204","title":{"rendered":"D\u2019un \u00e9crivain l\u2019autre. Quelques m\u00e9connus du XXe si\u00e8cle et leurs r\u00e9f\u00e9rences (dir.)"},"content":{"rendered":"<p><img loading=\"lazy\" decoding=\"async\" class=\"alignleft size-medium wp-image-205\" src=\"https:\/\/www.uqac.ca\/fouellet\/wp-content\/uploads\/2016\/06\/dunecrivainalautre-228x300.jpg\" alt=\"dunecrivainalautre\" width=\"228\" height=\"300\" srcset=\"https:\/\/www.uqac.ca\/fouellet\/wp-content\/uploads\/2016\/06\/dunecrivainalautre-228x300.jpg 228w, https:\/\/www.uqac.ca\/fouellet\/wp-content\/uploads\/2016\/06\/dunecrivainalautre.jpg 333w\" sizes=\"(max-width: 228px) 100vw, 228px\" \/><em>\u00c9tudes litt\u00e9raires, vol. 36, no 3, printemps 2005, p. 7-136.<\/em><\/p>\n<p>Les \u00e9crivains m\u00e9connus qui font l\u2019objet des \u00e9tudes de ce dossier ne sont pas n\u00e9cessairement plus importants que tous ceux dont il n\u2019est pas question. Tous proposent n\u00e9anmoins des oeuvres injustement oubli\u00e9es ou n\u00e9glig\u00e9es. Chacun des collaborateurs du dossier devait interroger l\u2019oeuvre d\u2019un \u00e9crivain fran\u00e7ais m\u00e9connu dans son rapport \u00e0 un auteur consacr\u00e9 (pr\u00e9d\u00e9cesseur ou contemporain), dont il se serait inspir\u00e9, qui l\u2019aurait influenc\u00e9, \u00e0 qui il aurait emprunt\u00e9 certains traits d\u2019\u00e9criture, etc. Le rapprochement pouvait reposer aussi bien sur la simple reconnaissance intellectuelle, sur le partage avou\u00e9 d\u2019une esth\u00e9tique ou de th\u00e8mes que sur la pratique intertextuelle proprement dite, le portrait d\u2019ensemble proposant ainsi quelques balises de filiation \u00e0 une histoire litt\u00e9raire des m\u00e9connus.<\/p>\n","protected":false},"excerpt":{"rendered":"<p>\u00c9tudes litt\u00e9raires, vol. 36, no 3, printemps 2005, p. 7-136. Les \u00e9crivains m\u00e9connus qui font l\u2019objet des \u00e9tudes de ce dossier ne sont pas n\u00e9cessairement plus importants que tous ceux dont il n\u2019est pas question. Tous proposent n\u00e9anmoins des oeuvres injustement oubli\u00e9es ou n\u00e9glig\u00e9es. Chacun des collaborateurs du dossier devait interroger l\u2019oeuvre d\u2019un \u00e9crivain fran\u00e7ais [&hellip;]<\/p>\n","protected":false},"author":1,"featured_media":0,"comment_status":"closed","ping_status":"open","sticky":false,"template":"","format":"standard","meta":{"footnotes":""},"categories":[13],"tags":[],"class_list":["post-204","post","type-post","status-publish","format-standard","hentry","category-directions"],"jetpack_featured_media_url":"","_links":{"self":[{"href":"https:\/\/www.uqac.ca\/fouellet\/index.php?rest_route=\/wp\/v2\/posts\/204"}],"collection":[{"href":"https:\/\/www.uqac.ca\/fouellet\/index.php?rest_route=\/wp\/v2\/posts"}],"about":[{"href":"https:\/\/www.uqac.ca\/fouellet\/index.php?rest_route=\/wp\/v2\/types\/post"}],"author":[{"embeddable":true,"href":"https:\/\/www.uqac.ca\/fouellet\/index.php?rest_route=\/wp\/v2\/users\/1"}],"replies":[{"embeddable":true,"href":"https:\/\/www.uqac.ca\/fouellet\/index.php?rest_route=%2Fwp%2Fv2%2Fcomments&post=204"}],"version-history":[{"count":4,"href":"https:\/\/www.uqac.ca\/fouellet\/index.php?rest_route=\/wp\/v2\/posts\/204\/revisions"}],"predecessor-version":[{"id":780,"href":"https:\/\/www.uqac.ca\/fouellet\/index.php?rest_route=\/wp\/v2\/posts\/204\/revisions\/780"}],"wp:attachment":[{"href":"https:\/\/www.uqac.ca\/fouellet\/index.php?rest_route=%2Fwp%2Fv2%2Fmedia&parent=204"}],"wp:term":[{"taxonomy":"category","embeddable":true,"href":"https:\/\/www.uqac.ca\/fouellet\/index.php?rest_route=%2Fwp%2Fv2%2Fcategories&post=204"},{"taxonomy":"post_tag","embeddable":true,"href":"https:\/\/www.uqac.ca\/fouellet\/index.php?rest_route=%2Fwp%2Fv2%2Ftags&post=204"}],"curies":[{"name":"wp","href":"https:\/\/api.w.org\/{rel}","templated":true}]}}