{"id":404,"date":"2016-06-14T12:42:37","date_gmt":"2016-06-14T11:42:37","guid":{"rendered":"http:\/\/www.uqac.ca\/fouellet\/?p=404"},"modified":"2016-07-05T18:41:23","modified_gmt":"2016-07-05T17:41:23","slug":"la-litterature-franco-ontarienne-depuis-1996-nouveaux-enjeux-esthetiques-dir-avec-lucie-hotte","status":"publish","type":"post","link":"https:\/\/www.uqac.ca\/fouellet\/?p=404","title":{"rendered":"La litt\u00e9rature franco-ontarienne\u00a0depuis 1996. Nouveaux enjeux esth\u00e9tiques (dir. avec Lucie Hotte)"},"content":{"rendered":"<p><img loading=\"lazy\" decoding=\"async\" class=\"alignleft size-medium wp-image-405\" src=\"https:\/\/www.uqac.ca\/fouellet\/wp-content\/uploads\/2016\/06\/Litt\u00e9rature-franco-1-199x300.jpg\" alt=\"Litt\u00e9rature franco\" width=\"199\" height=\"300\" srcset=\"https:\/\/www.uqac.ca\/fouellet\/wp-content\/uploads\/2016\/06\/Litt\u00e9rature-franco-1-199x300.jpg 199w, https:\/\/www.uqac.ca\/fouellet\/wp-content\/uploads\/2016\/06\/Litt\u00e9rature-franco-1-679x1024.jpg 679w, https:\/\/www.uqac.ca\/fouellet\/wp-content\/uploads\/2016\/06\/Litt\u00e9rature-franco-1.jpg 1794w\" sizes=\"(max-width: 199px) 100vw, 199px\" \/><\/p>\n<p><em>Prise de parole, 2016, 282 p.<\/em><\/p>\n<p>Jusqu\u2019\u00e0 la parution, en 1996, de <em>La litt\u00e9rature franco-ontarienne : enjeux esth\u00e9tiques<\/em>, les \u0153uvres cr\u00e9\u00e9es durant les ann\u00e9es 1970 et 1980 en Ontario fran\u00e7ais avaient \u00e9t\u00e9 essentiellement analys\u00e9es sous l\u2019angle identitaire, rarement en vue d\u2019en d\u00e9gager les caract\u00e9ristiques et les enjeux d\u2019\u00e9criture propres. \u00c0 la suite de la parution de cette \u00e9tude, la litt\u00e9rature franco-ontarienne faisait son entr\u00e9e dans le champ de la recherche savante. Qu\u2019en est-il de cette litt\u00e9rature vingt ans plus tard ? Quels sont les auteurs qui ont \u00e9merg\u00e9 au cours de cette p\u00e9riode ? Et quelles sont leurs pr\u00e9occupations esth\u00e9tiques ?<\/p>\n<p>Sous la direction de Lucie Hotte et de Fran\u00e7ois Ouellet, l\u2019ouvrage r\u00e9unit une douzaine de chercheurs. Sont analys\u00e9es des \u0153uvres fortes des deux derni\u00e8res d\u00e9cennies, comme celles d\u2019Andr\u00e9e Lacelle, de Margaret Mich\u00e8le Cook, de Gilles Lacombe et de Claude Guilmain, \u0153uvres qui, souvent, ont \u00e9t\u00e9 occult\u00e9es par le succ\u00e8s des \u00e9crivains franco-ontariens consacr\u00e9s.<\/p>\n<p><em>La litt\u00e9rature franco-ontarienne depuis 1996. Nouveaux enjeux esth\u00e9tiques<\/em> montre que les deux derni\u00e8res d\u00e9cennies ont \u00e9t\u00e9 marqu\u00e9es par l\u2019apparition d\u2019une litt\u00e9rature fortement d\u00e9cloisonn\u00e9e, s\u2019inscrivant en rupture avec la production qui a pr\u00e9c\u00e9d\u00e9 ; l\u2019\u00e9tude met au jour ce que signifie \u00e9crire en Ontario fran\u00e7ais au 21<sup>e<\/sup> si\u00e8cle.<\/p>\n","protected":false},"excerpt":{"rendered":"<p>Prise de parole, 2016, 282 p. Jusqu\u2019\u00e0 la parution, en 1996, de La litt\u00e9rature franco-ontarienne : enjeux esth\u00e9tiques, les \u0153uvres cr\u00e9\u00e9es durant les ann\u00e9es 1970 et 1980 en Ontario fran\u00e7ais avaient \u00e9t\u00e9 essentiellement analys\u00e9es sous l\u2019angle identitaire, rarement en vue d\u2019en d\u00e9gager les caract\u00e9ristiques et les enjeux d\u2019\u00e9criture propres. \u00c0 la suite de la parution [&hellip;]<\/p>\n","protected":false},"author":1,"featured_media":0,"comment_status":"closed","ping_status":"open","sticky":false,"template":"","format":"standard","meta":{"footnotes":""},"categories":[13],"tags":[],"class_list":["post-404","post","type-post","status-publish","format-standard","hentry","category-directions"],"jetpack_featured_media_url":"","_links":{"self":[{"href":"https:\/\/www.uqac.ca\/fouellet\/index.php?rest_route=\/wp\/v2\/posts\/404"}],"collection":[{"href":"https:\/\/www.uqac.ca\/fouellet\/index.php?rest_route=\/wp\/v2\/posts"}],"about":[{"href":"https:\/\/www.uqac.ca\/fouellet\/index.php?rest_route=\/wp\/v2\/types\/post"}],"author":[{"embeddable":true,"href":"https:\/\/www.uqac.ca\/fouellet\/index.php?rest_route=\/wp\/v2\/users\/1"}],"replies":[{"embeddable":true,"href":"https:\/\/www.uqac.ca\/fouellet\/index.php?rest_route=%2Fwp%2Fv2%2Fcomments&post=404"}],"version-history":[{"count":4,"href":"https:\/\/www.uqac.ca\/fouellet\/index.php?rest_route=\/wp\/v2\/posts\/404\/revisions"}],"predecessor-version":[{"id":620,"href":"https:\/\/www.uqac.ca\/fouellet\/index.php?rest_route=\/wp\/v2\/posts\/404\/revisions\/620"}],"wp:attachment":[{"href":"https:\/\/www.uqac.ca\/fouellet\/index.php?rest_route=%2Fwp%2Fv2%2Fmedia&parent=404"}],"wp:term":[{"taxonomy":"category","embeddable":true,"href":"https:\/\/www.uqac.ca\/fouellet\/index.php?rest_route=%2Fwp%2Fv2%2Fcategories&post=404"},{"taxonomy":"post_tag","embeddable":true,"href":"https:\/\/www.uqac.ca\/fouellet\/index.php?rest_route=%2Fwp%2Fv2%2Ftags&post=404"}],"curies":[{"name":"wp","href":"https:\/\/api.w.org\/{rel}","templated":true}]}}