{"id":769,"date":"2017-03-09T00:31:36","date_gmt":"2017-03-08T23:31:36","guid":{"rendered":"http:\/\/www.uqac.ca\/fouellet\/?p=769"},"modified":"2017-04-07T07:01:28","modified_gmt":"2017-04-07T06:01:28","slug":"leon-lemonnier-manifeste-du-roman-populisteedition-etablie-par-francois-ouellet","status":"publish","type":"post","link":"https:\/\/www.uqac.ca\/fouellet\/?p=769","title":{"rendered":"L\u00e9on Lemonnier, Manifeste du roman populiste et autres textes<br>\u00c9dition \u00e9tablie par Fran\u00e7ois Ouellet"},"content":{"rendered":"<p><img loading=\"lazy\" decoding=\"async\" class=\"wp-image-762 size-medium alignleft\" src=\"https:\/\/www.uqac.ca\/fouellet\/wp-content\/uploads\/2017\/03\/Manifeste-populiste-173x300.jpg\" width=\"173\" height=\"300\" srcset=\"https:\/\/www.uqac.ca\/fouellet\/wp-content\/uploads\/2017\/03\/Manifeste-populiste-173x300.jpg 173w, https:\/\/www.uqac.ca\/fouellet\/wp-content\/uploads\/2017\/03\/Manifeste-populiste.jpg 340w\" sizes=\"(max-width: 173px) 100vw, 173px\" \/><\/p>\n<p><em>La Th\u00e9ba\u00efde, 2017, 186 p.\u00a0<\/em><\/p>\n<p>\u00ab\u00a0Le mot populiste doit naturellement \u00eatre pris dans un sens large. Nous voulons peindre le peuple, mais nous avons surtout l\u2019ambition d\u2019\u00e9tudier attentivement la r\u00e9alit\u00e9\u00a0\u00bb, \u00e9crivait L\u00e9on Lemonnier dans son manifeste, publi\u00e9 en janvier 1930. Le <em>Manifeste du roman populiste<\/em> a \u00e9t\u00e9 un fait saillant de la vie litt\u00e9raire de l\u2019entre-deux-guerres. On peut le d\u00e9couvrir \u00e0 ce titre, pour peu que l\u2019on accepte de sortir des sentiers battus, ou le lire comme une curiosit\u00e9 litt\u00e9raire, ce qui n\u2019est pas sans charme. Outre la r\u00e9f\u00e9rence convenue \u00e0 <em>L\u2019H\u00f4tel du Nord<\/em> de Dabit, il ne reste \u00e0 peu pr\u00e8s rien du populisme. L\u2019\u0153uvre romanesque des fondateurs du mouvement est aujourd\u2019hui oubli\u00e9e\u00a0; aucun titre de Lemonnier et de Th\u00e9rive n\u2019a \u00e9t\u00e9 r\u00e9\u00e9dit\u00e9 apr\u00e8s leur mort. \u00ab\u00a0Il n\u2019est pas impossible que les ann\u00e9es 1929-1930 marquent une date dans l\u2019histoire litt\u00e9raire. L\u2019an prochain, ce sera non seulement le centenaire du romantisme et de la premi\u00e8re d\u2019<em>Hernani<\/em>, mais encore le cinquantenaire du naturalisme et des <em>Soir\u00e9es de M\u00e9dan<\/em>. Enfin, d\u00e8s cette ann\u00e9e m\u00eame, se termine la premi\u00e8re d\u00e9cade qui a suivi la guerre, et s\u2019esquisse une r\u00e9action contre la litt\u00e9rature r\u00e9gnante \u00bb, \u00e9crivait Lemonnier en novembre 1929. Cet optimisme a eu la vie courte, l\u2019existentialisme, les Hussards, le Nouveau Roman, pour ne mentionner que des regroupements d\u2019\u00e9crivains, ne tardant pas \u00e0 enterrer le populisme bien profond\u00e9ment. L\u2019histoire de la litt\u00e9rature n\u2019a \u00e0 vrai dire jamais compt\u00e9 avec ce mouvement, et les ann\u00e9es 1930, telles qu\u2019elles sont dans la m\u00e9moire litt\u00e9raire, restent essentiellement li\u00e9es aux \u0153uvres de C\u00e9line, Aragon, Malraux, Bernanos, Drieu, Giono ou Montherlant, aux fresques de Jules Romains et de Roger Martin du Gard, \u00e0 la mobilisation politique des \u00e9crivains pour la culture et autour du Front populaire. Il y a pourtant une part marquante et non moins riche de l\u2019histoire du roman de l\u2019entre-deux-guerres dans ce manifeste populiste et chez les auteurs qui ont souscrit, de pr\u00e8s ou de loin, aux vis\u00e9es litt\u00e9raires de Lemonnier et Th\u00e9rive.<\/p>\n<p>Cette nouvelle \u00e9dition comporte une introduction substantielle au <em>Manifeste\u00a0<\/em>et<em>\u00a0<\/em>de nombreuses notes. Plusieurs articles\u00a0in\u00e9dits\u00a0de L\u00e9on\u00a0Lemonnier et d\u2019Andr\u00e9 Th\u00e9rive, cofondateurs du mouvement populiste, compl\u00e8tent cette \u00e9dition de r\u00e9f\u00e9rence.<\/p>\n","protected":false},"excerpt":{"rendered":"<p>La Th\u00e9ba\u00efde, 2017, 186 p.\u00a0 \u00ab\u00a0Le mot populiste doit naturellement \u00eatre pris dans un sens large. Nous voulons peindre le peuple, mais nous avons surtout l\u2019ambition d\u2019\u00e9tudier attentivement la r\u00e9alit\u00e9\u00a0\u00bb, \u00e9crivait L\u00e9on Lemonnier dans son manifeste, publi\u00e9 en janvier 1930. Le Manifeste du roman populiste a \u00e9t\u00e9 un fait saillant de la vie litt\u00e9raire de [&hellip;]<\/p>\n","protected":false},"author":3,"featured_media":0,"comment_status":"closed","ping_status":"open","sticky":false,"template":"","format":"standard","meta":{"footnotes":""},"categories":[14],"tags":[],"class_list":["post-769","post","type-post","status-publish","format-standard","hentry","category-editions"],"jetpack_featured_media_url":"","_links":{"self":[{"href":"https:\/\/www.uqac.ca\/fouellet\/index.php?rest_route=\/wp\/v2\/posts\/769"}],"collection":[{"href":"https:\/\/www.uqac.ca\/fouellet\/index.php?rest_route=\/wp\/v2\/posts"}],"about":[{"href":"https:\/\/www.uqac.ca\/fouellet\/index.php?rest_route=\/wp\/v2\/types\/post"}],"author":[{"embeddable":true,"href":"https:\/\/www.uqac.ca\/fouellet\/index.php?rest_route=\/wp\/v2\/users\/3"}],"replies":[{"embeddable":true,"href":"https:\/\/www.uqac.ca\/fouellet\/index.php?rest_route=%2Fwp%2Fv2%2Fcomments&post=769"}],"version-history":[{"count":4,"href":"https:\/\/www.uqac.ca\/fouellet\/index.php?rest_route=\/wp\/v2\/posts\/769\/revisions"}],"predecessor-version":[{"id":803,"href":"https:\/\/www.uqac.ca\/fouellet\/index.php?rest_route=\/wp\/v2\/posts\/769\/revisions\/803"}],"wp:attachment":[{"href":"https:\/\/www.uqac.ca\/fouellet\/index.php?rest_route=%2Fwp%2Fv2%2Fmedia&parent=769"}],"wp:term":[{"taxonomy":"category","embeddable":true,"href":"https:\/\/www.uqac.ca\/fouellet\/index.php?rest_route=%2Fwp%2Fv2%2Fcategories&post=769"},{"taxonomy":"post_tag","embeddable":true,"href":"https:\/\/www.uqac.ca\/fouellet\/index.php?rest_route=%2Fwp%2Fv2%2Ftags&post=769"}],"curies":[{"name":"wp","href":"https:\/\/api.w.org\/{rel}","templated":true}]}}