{"id":402,"date":"2020-01-18T15:41:11","date_gmt":"2020-01-18T21:41:11","guid":{"rendered":"http:\/\/www.uqac.ca\/lemgp2\/?p=402"},"modified":"2020-03-02T13:47:15","modified_gmt":"2020-03-02T19:47:15","slug":"appel-a-communication-acfas-4-et-5-mai-2020-le-projet-dans-tous-les-sens-reflexions-theoriques-et-pratiques","status":"publish","type":"post","link":"https:\/\/www.uqac.ca\/lemgp\/appel-a-communication-acfas-4-et-5-mai-2020-le-projet-dans-tous-les-sens-reflexions-theoriques-et-pratiques\/","title":{"rendered":"Appel a communication Acfas 4 et 5 mai 2020 &#8211; Le projet dans tous les sens : r\u00e9flexions th\u00e9oriques et pratiques"},"content":{"rendered":"<h2><img loading=\"lazy\" decoding=\"async\" class=\"size-medium wp-image-446 aligncenter\" src=\"https:\/\/www.uqac.ca\/wp-content\/uploads\/2020\/01\/acfas-2020-uqac-300x79.png\" alt=\"\" width=\"300\" height=\"79\" srcset=\"https:\/\/www.uqac.ca\/lemgp\/wp-content\/uploads\/2020\/01\/acfas-2020-uqac-300x79.png 300w, https:\/\/www.uqac.ca\/lemgp\/wp-content\/uploads\/2020\/01\/acfas-2020-uqac.png 620w\" sizes=\"auto, (max-width: 300px) 100vw, 300px\" \/><\/h2>\n<h2 style=\"text-align: center;\">Appel \u00e0 communication<\/h2>\n<h2 style=\"text-align: center;\">Le projet dans tous les sens : r\u00e9flexions th\u00e9oriques et pratiques<\/h2>\n<h2 style=\"text-align: center;\">Sherbrooke, 4 et 5 mai 2020<\/h2>\n<p>La question du sens dans un projet appara\u00eet centrale. Le sens premier du projet renvoie \u00e0 la notion de\u00a0direction avec un but \u00e0 atteindre (le pour quoi du projet). Dans un projet, il est aussi tr\u00e8s important de\u00a0donner du sens (le pourquoi du projet). Un projet s\u2019inscrit aussi dans l\u2019action pour laquelle les aspects\u00a0cognitifs et donc les cinq sens peuvent \u00eatre mobilis\u00e9s. Il semble bien que le projet mobilise le sens dans<br \/>\nces diff\u00e9rentes dimensions et que celles\u2010ci interagissent entre elles. A bien y regarder, ces diff\u00e9rentes\u00a0dimensions nous ram\u00e8nent \u00e0 un sujet central qui est celui du sens que les parties prenantes donnent au\u00a0projet. Comme nous le rappelle par exemple Rivoire (2000) au sujet des projets architecturaux, un\u00a0certain nombre de dysfonctionnements qui y sont observ\u00e9s sont li\u00e9s \u00e0 des consignes peu claires, des\u00a0modifications successives, des erreurs d\u2019interpr\u00e9tation et \u00e0 un manque de dialogue entre l\u2019ensemble des\u00a0acteurs concern\u00e9s. Ainsi, nous pouvons avoir autant de sens donn\u00e9s au projet que de parties prenantes.<\/p>\n<p>De plus, le sens du projet est vou\u00e9 \u00e0 \u00e9voluer, changer au fil du temps. Ces constats mettent en exergue\u00a0toute la richesse du projet par la mise en perspective des diff\u00e9rents points de vue des parties prenantes\u00a0et par la m\u00eame du sens que celles\u2010ci se construisent au regard du projet. Ceci dit, ces constats nous\u00a0renvoient aussi \u00e0 la complexit\u00e9 que rev\u00eat le management de projet dans son r\u00f4le d\u2019accompagnement de\u00a0ce processus de construction de sens qui favorise l\u2019appropriation des situations par les parties prenantes\u00a0(Gherardi, 2012). R\u00e9trospectivement, nous constatons que ce processus fa\u00e7onne la mani\u00e8re de\u00a0s\u2019organiser collectivement et produit et constitue un apprentissage (Weick, 2001).<br \/>\n2<br \/>\nC\u2019est dans cette perspective que ce colloque s\u2019inscrit : comprendre plus en profondeur l\u2019essence m\u00eame\u00a0du projet, le sens et la signification que les acteurs projet lui donnent pour relever les d\u00e9fis et la\u00a0complexit\u00e9 que le projet contient (Brunet et Forgues, 2019).\u00a0Ainsi, sont attendues des contributions souhaitant aborder la construction de sens dans les projets sous\u00a0un angle original et nouveau, permettant de g\u00e9n\u00e9rer des connaissances nouvelles pour la communaut\u00e9 scientifique.<br \/>\nSans \u00eatre exhaustifs, il s\u2019agit de donner \u00e0 voir les exp\u00e9riences men\u00e9es en la mati\u00e8re \u00e0 travers des aspects\u00a0comme :<br \/>\n&#8211; Le processus de construction de sens<br \/>\n&#8211; La posture du chef de projet dans cette perspective<br \/>\n&#8211; Des exemples d\u2019accompagnements r\u00e9ussis (la construction de sens a g\u00e9n\u00e9r\u00e9 une dynamique<br \/>\npositive) ou d\u2019\u00e9checs<br \/>\n&#8211; La recherche en gestion de projet : quel sens pour les praticiens ?<br \/>\n&#8211; Etc.<br \/>\nLes contributeurs sont invit\u00e9s \u00e0 envoyer un r\u00e9sum\u00e9 (1 500 caract\u00e8res maximum, espaces compris) et un\u00a0titre (180 caract\u00e8res maximum, espaces compris) pr\u00e9sentant l\u2019originalit\u00e9 de leur apport, la valeur\u00a0ajout\u00e9e par rapport \u00e0 l\u2019existant et le retour d\u2019exp\u00e9rience \u00e9ventuel. Les contributions sont attendues au\u00a0plus tard le 10 f\u00e9vrier 2020 \u00e0 l\u2019adresse suivante : acfas2020@uqac.ca.<\/p>\n<p>Les contributions les plus significatives retenues par le comit\u00e9 scientifique feront l\u2019objet d\u2019un\u00a0accompagnement \u00e9ditorial en vue d\u2019une publication dans la Revue PROJECTIQUE\u00a0(www.cairn.info\/revue\u2010projectique.htm).<\/p>\n<p><strong>Comit\u00e9 organisateur<\/strong><br \/>\nPhilippe BOIGEY, LemGP, Universit\u00e9 du Qu\u00e9bec \u00e0 Chicoutimi<br \/>\nSonia BOIVIN, LemGP, Universit\u00e9 du Qu\u00e9bec \u00e0 Chicoutimi<br \/>\nChristophe LEYRIE, LemGP, Universit\u00e9 du Qu\u00e9bec \u00e0 Chicoutimi<br \/>\nV\u00e9ronique PILNI\u00c8RE, ESTIA, Universit\u00e9 de Bordeaux (France)<\/p>\n<p><strong>Comit\u00e9 Scientifique<\/strong><br \/>\nFr\u00e9d\u00e9rique ALLARD, Universit\u00e9 de Toulouse (France)<br \/>\nPhilippe BOIGEY, LemGP, Universit\u00e9 du Qu\u00e9bec \u00e0 Chicoutimi<br \/>\nSonia BOIVIN, LemGP, Universit\u00e9 du Qu\u00e9bec \u00e0 Chicoutimi<br \/>\nChristian BOURRET, IFIS, Universit\u00e9 de Paris Est Marne la Vall\u00e9e (France)<br \/>\nJean\u2010Baptiste CAPGRAS, Universit\u00e9 de Lyon 3 (France)<br \/>\nJean\u2010Pierre CLAVERANNE, Universit\u00e9 de Lyon 3 (France)<br \/>\nJulien HUSSON, Universit\u00e9 de Lorraine (France)<br \/>\nChristophe LEYRIE, LemGP, Universit\u00e9 du Qu\u00e9bec \u00e0 Chicoutimi<br \/>\nChristophe MERLO, ESTIA, Universit\u00e9 de Bordeaux (France)<br \/>\nChristophe PASCAL, Universit\u00e9 de Lyon 3 (France)<br \/>\nV\u00e9ronique PILNI\u00c8RE, ESTIA, Universit\u00e9 de Bordeaux (France)<br \/>\nNicole SALIBA\u2010CHALHOUB, Universit\u00e9 Saint\u2010Esprit de Kaslik (Liban)<br \/>\nChristophe SCHMITT, Universit\u00e9 de Lorraine (France)<\/p>\n","protected":false},"excerpt":{"rendered":"<p>Appel \u00e0 communication Le projet dans tous les sens : r\u00e9flexions th\u00e9oriques et pratiques Sherbrooke, 4 et 5 mai 2020 La question du sens dans un projet appara\u00eet centrale. Le [&hellip;]<\/p>\n","protected":false},"author":2,"featured_media":0,"comment_status":"closed","ping_status":"open","sticky":false,"template":"","format":"standard","meta":{"_acf_changed":false,"footnotes":""},"categories":[9],"tags":[],"class_list":["post-402","post","type-post","status-publish","format-standard","hentry","category-articles-home"],"acf":[],"_links":{"self":[{"href":"https:\/\/www.uqac.ca\/lemgp\/wp-json\/wp\/v2\/posts\/402","targetHints":{"allow":["GET"]}}],"collection":[{"href":"https:\/\/www.uqac.ca\/lemgp\/wp-json\/wp\/v2\/posts"}],"about":[{"href":"https:\/\/www.uqac.ca\/lemgp\/wp-json\/wp\/v2\/types\/post"}],"author":[{"embeddable":true,"href":"https:\/\/www.uqac.ca\/lemgp\/wp-json\/wp\/v2\/users\/2"}],"replies":[{"embeddable":true,"href":"https:\/\/www.uqac.ca\/lemgp\/wp-json\/wp\/v2\/comments?post=402"}],"version-history":[{"count":6,"href":"https:\/\/www.uqac.ca\/lemgp\/wp-json\/wp\/v2\/posts\/402\/revisions"}],"predecessor-version":[{"id":456,"href":"https:\/\/www.uqac.ca\/lemgp\/wp-json\/wp\/v2\/posts\/402\/revisions\/456"}],"wp:attachment":[{"href":"https:\/\/www.uqac.ca\/lemgp\/wp-json\/wp\/v2\/media?parent=402"}],"wp:term":[{"taxonomy":"category","embeddable":true,"href":"https:\/\/www.uqac.ca\/lemgp\/wp-json\/wp\/v2\/categories?post=402"},{"taxonomy":"post_tag","embeddable":true,"href":"https:\/\/www.uqac.ca\/lemgp\/wp-json\/wp\/v2\/tags?post=402"}],"curies":[{"name":"wp","href":"https:\/\/api.w.org\/{rel}","templated":true}]}}