{"id":463,"date":"2020-03-02T15:07:54","date_gmt":"2020-03-02T21:07:54","guid":{"rendered":"http:\/\/www.uqac.ca\/lemgp\/?p=463"},"modified":"2020-03-02T15:11:19","modified_gmt":"2020-03-02T21:11:19","slug":"1ere-journee-detude-nationale-sur-la-co-construction-etat-des-lieux-pratiques-perspectives","status":"publish","type":"post","link":"https:\/\/www.uqac.ca\/lemgp\/1ere-journee-detude-nationale-sur-la-co-construction-etat-des-lieux-pratiques-perspectives\/","title":{"rendered":"1\u00e8re Journ\u00e9e d\u2019\u00c9tude Nationale Sur la Co-Construction : \u00c9tat des lieux, Pratiques, Perspectives"},"content":{"rendered":"<p><img loading=\"lazy\" decoding=\"async\" class=\" wp-image-461 aligncenter\" src=\"https:\/\/www.uqac.ca\/wp-content\/uploads\/2020\/03\/logosorbonne.png\" alt=\"\" width=\"126\" height=\"118\" \/><\/p>\n<p><img loading=\"lazy\" decoding=\"async\" class=\"size-medium wp-image-467 aligncenter\" src=\"https:\/\/www.uqac.ca\/wp-content\/uploads\/2020\/03\/COCO-300x95.png\" alt=\"\" width=\"300\" height=\"95\" srcset=\"https:\/\/www.uqac.ca\/lemgp\/wp-content\/uploads\/2020\/03\/COCO-300x95.png 300w, https:\/\/www.uqac.ca\/lemgp\/wp-content\/uploads\/2020\/03\/COCO-768x243.png 768w, https:\/\/www.uqac.ca\/lemgp\/wp-content\/uploads\/2020\/03\/COCO-1024x325.png 1024w, https:\/\/www.uqac.ca\/lemgp\/wp-content\/uploads\/2020\/03\/COCO.png 1382w\" sizes=\"auto, (max-width: 300px) 100vw, 300px\" \/><\/p>\n<h2>Qu&#8217;est-ce qu&#8217;est la co-construction ?<\/h2>\n<p>\u00ab La co-construction est un processus par lequel des acteurs diff\u00e9rents :<br \/>\n&#8211; Confrontent leurs diff\u00e9rents points de vue par rapport \u00e0 un projet ;<br \/>\n&#8211; S\u2019engagent dans une transformation de ceux-ci ;<br \/>\n&#8211; S\u2019accordent sur des traductions qu\u2019ils ne per\u00e7oivent plus comme incompatibles.<\/p>\n<p>La co-construction s\u2019applique \u00e0 la conception des connaissances et des politiques, mais aussi \u00e0 diverses mani\u00e8res de co-g\u00e9rer, de co-construire des initiatives et des projets communs. \u00bb<br \/>\nFoudriat, M. (2019). La co-construction. Une alternative manag\u00e9riale. 2\u00e8me \u00e9dition. Rennes, Presses de l\u2019EHESP.<\/p>\n<p><strong>Probl\u00e9matique :<br \/>\n<\/strong>La co-construction est devenue une th\u00e9matique \u00e0 la mode. Reprise et exp\u00e9riment\u00e9e par de nombreux acteurs sociaux et politiques, elle ne produit pourtant pas toujours les effets escompt\u00e9s. Partant de ce constat, l\u2019Institut de Recherche de la Co-Construction a \u00e9t\u00e9 cr\u00e9\u00e9, et organise la premi\u00e8re Journ\u00e9e d\u2019\u00c9tude Nationale sur la Co-Construction.<\/p>\n<p><strong>Intervenants :<\/strong><br \/>\nMichel Foudriat &#8211; Universit\u00e9 Paris-Est Cr\u00e9teil<br \/>\nChristophe Leyrie, Sonia Boivin, Philippe Boigey &#8211; Universit\u00e9 du Qu\u00e9bec \u00e0 Chicoutimi<br \/>\nMaxime Delaloy, Kelly Nassif &#8211; Institut de la Co-construction &#8211; Co &#8211;<\/p>\n<p style=\"text-align: left;\"><strong>Objectifs :<\/strong><br \/>\n\u00c9tat des lieux de la co-construction en France et au Qu\u00e9bec ;<br \/>\nMise en lumi\u00e8re de pratiques de co-construction dans des contextes organisationnels, territoriaux et nationaux ;<br \/>\nIdentifier les effets produits par ces pratiques ;<br \/>\nFavoriser l\u2019\u00e9mergence de r\u00e9flexions.<\/p>\n<p style=\"text-align: center;\"><strong>1\u00e8re Journ\u00e9e d\u2019\u00c9tude Nationale\u00a0Sur la Co-Construction :\u00a0\u00c9tat des lieux, Pratiques, Perspectives\u00a0\u00a0<\/strong><strong>27 Mars 2020 &#8211; Sorbonne Universit\u00e9 &#8211; Paris<\/strong><\/p>\n","protected":false},"excerpt":{"rendered":"<p>Qu&#8217;est-ce qu&#8217;est la co-construction ? \u00ab La co-construction est un processus par lequel des acteurs diff\u00e9rents : &#8211; Confrontent leurs diff\u00e9rents points de vue par rapport \u00e0 un projet ; [&hellip;]<\/p>\n","protected":false},"author":2,"featured_media":0,"comment_status":"closed","ping_status":"open","sticky":false,"template":"","format":"standard","meta":{"_acf_changed":false,"footnotes":""},"categories":[9],"tags":[],"class_list":["post-463","post","type-post","status-publish","format-standard","hentry","category-articles-home"],"acf":[],"_links":{"self":[{"href":"https:\/\/www.uqac.ca\/lemgp\/wp-json\/wp\/v2\/posts\/463","targetHints":{"allow":["GET"]}}],"collection":[{"href":"https:\/\/www.uqac.ca\/lemgp\/wp-json\/wp\/v2\/posts"}],"about":[{"href":"https:\/\/www.uqac.ca\/lemgp\/wp-json\/wp\/v2\/types\/post"}],"author":[{"embeddable":true,"href":"https:\/\/www.uqac.ca\/lemgp\/wp-json\/wp\/v2\/users\/2"}],"replies":[{"embeddable":true,"href":"https:\/\/www.uqac.ca\/lemgp\/wp-json\/wp\/v2\/comments?post=463"}],"version-history":[{"count":2,"href":"https:\/\/www.uqac.ca\/lemgp\/wp-json\/wp\/v2\/posts\/463\/revisions"}],"predecessor-version":[{"id":468,"href":"https:\/\/www.uqac.ca\/lemgp\/wp-json\/wp\/v2\/posts\/463\/revisions\/468"}],"wp:attachment":[{"href":"https:\/\/www.uqac.ca\/lemgp\/wp-json\/wp\/v2\/media?parent=463"}],"wp:term":[{"taxonomy":"category","embeddable":true,"href":"https:\/\/www.uqac.ca\/lemgp\/wp-json\/wp\/v2\/categories?post=463"},{"taxonomy":"post_tag","embeddable":true,"href":"https:\/\/www.uqac.ca\/lemgp\/wp-json\/wp\/v2\/tags?post=463"}],"curies":[{"name":"wp","href":"https:\/\/api.w.org\/{rel}","templated":true}]}}