{"id":34,"date":"2017-11-09T20:06:48","date_gmt":"2017-11-10T01:06:48","guid":{"rendered":"http:\/\/www.uqac.ca\/lerars\/?p=34"},"modified":"2018-03-08T16:53:10","modified_gmt":"2018-03-08T21:53:10","slug":"colloque431","status":"publish","type":"post","link":"https:\/\/www.uqac.ca\/lerars\/colloque431\/","title":{"rendered":"Colloque 2018 du LERARS: Perspectives interdisciplinaires sur le deuil compliqu\u00e9"},"content":{"rendered":"<p><a href=\"http:\/\/www.acfas.ca\/evenements\/congres\/86congres\"><img decoding=\"async\" src=\"http:\/\/nikanite.uqac.ca\/wp-content\/uploads\/2017\/12\/Logo_86Congres-672x372.jpg\" \/><\/a><\/p>\n<p>Dans le cadre du <a href=\"http:\/\/www.acfas.ca\/evenements\/congres\/86congres\">Congr\u00e8s 2018 de l&rsquo;ACFAS<\/a> qui aura lieu du 7 au 11 mai 2018 \u00e0 Chicoutimi (Qu\u00e9bec), le <a href=\"https:\/\/www.uqac.ca\/lerars\">LERARS<\/a>, en collaboration avec la\u00a0<a href=\"http:\/\/recherche.uqac.ca\/chaire-de-recherche-sur-les-evenements-traumatiques-la-sante-mentale-et-la-resilience\/\">Chaire de recherche de l&rsquo;UQAC sur les \u00e9v\u00e8nements traumatiques<\/a><a href=\"http:\/\/recherche.uqac.ca\/chaire-de-recherche-sur-les-evenements-traumatiques-la-sante-mentale-et-la-resilience\/\">, la sant\u00e9 mentale et la r\u00e9silience<\/a>, organise un colloque sur le deuil compliqu\u00e9. Le colloque aura lieu <strong>le jeudi 10 mai 2018<\/strong>.<\/p>\n<h1>Colloque 431\u00a0: <strong><u>Perspectives interdisciplinaires sur le deuil compliqu\u00e9<\/u><\/strong><\/h1>\n<p><strong>Jeudi 10 mai 2018<\/strong><\/p>\n<h2><strong>\u00a0Argumentaire<\/strong><\/h2>\n<p>Le deuil est un processus; il \u00e9volue donc avec le temps et est influenc\u00e9 par diff\u00e9rentes caract\u00e9ristiques li\u00e9es notamment au type de perte encourue et au contexte social dans lequel les individus \u00e9voluent. Parfois, ce processus de deuil peut \u00eatre court et apaisant, mais parfois certaines personnes vivent une p\u00e9riode de deuil pouvant s\u2019\u00e9tendre sur plusieurs mois voire de nombreuses ann\u00e9es. Pour certains, ce deuil occasionnera des probl\u00e8mes de fonctionnement social. C\u2019est ce que l\u2019on nomme un deuil compliqu\u00e9 ou pathologique. L&rsquo;\u00e2ge, le sexe, les conditions socio-\u00e9conomiques, etc. sont autant de facteurs qui influencent le bon d\u00e9roulement du deuil. Il est possible aujourd&rsquo;hui d&rsquo;identifier certains facteurs de risque et de protection du deuil, ainsi que certaines cons\u00e9quences envisageables d&rsquo;un deuil complexe et long, sur les plans bio-psycho-socio-spirituels de m\u00eame que sur les syst\u00e8mes de sant\u00e9 et de services sociaux.<\/p>\n<p>Derri\u00e8re chaque perte d&rsquo;un \u00eatre cher ou d&rsquo;un animal ou m\u00eame d&rsquo;un travail appr\u00e9ci\u00e9, d&rsquo;une maison, d&rsquo;un sentiment de confort, etc. se trouve un deuil pour les personnes qui le vivent. Lors d&rsquo;\u00e9v\u00e9nements traumatiques comme des catastrophes naturelles ou anthropiques, ce sont m\u00eame un grand nombre de personnes qui se trouvent endeuill\u00e9es d\u2019un \u00eatre qui leur \u00e9tait cher tandis que d\u2019autres ont v\u00e9cu d\u2019importantes pertes significatives comme une maison, un animal domestique, des biens ayant une forte signification sentimentale ou m\u00eame le sentiment de s\u00e9curit\u00e9 ou de qui\u00e9tude. L\u2019ensemble de ces pertes viennent perturber la qualit\u00e9 de vie et le bien-\u00eatre des personnes expos\u00e9s \u00e0 ce type d\u2019\u00e9v\u00e9nement. Et les risques de voir se d\u00e9velopper des deuils compliqu\u00e9s sont alors tr\u00e8s grands.<\/p>\n<p>Ce colloque d\u2019une journ\u00e9e permettra de porter un regard multidisciplinaire sur cette notion de deuil compliqu\u00e9 ou pathologique, notamment \u00e0 partir des r\u00e9sultats de diff\u00e9rentes \u00e9tudes r\u00e9alis\u00e9es dans des contextes culturels diff\u00e9rents.<\/p>\n<h2>Programme<\/h2>\n<p><strong>9h00-10h00:\u00a0<\/strong><strong>Les facteurs biographiques, culturels et religieux du deuil compliqu\u00e9<\/strong><\/p>\n<p><strong><em>Deuil compliqu\u00e9 ou deuil en pointill\u00e9s\u00a0?<\/em><\/strong><em>,<\/em> Christine Fawer Caputo, Haute \u00c9cole p\u00e9dagogique Vaud (Suisse)<\/p>\n<p><em>L<strong>e deuil: repr\u00e9sentation et symbolique chez les juifs tunisiens<\/strong>, <\/em>Souad Toumi\u00a0(Institut National du Patrimoine (INP), Tunisie)<\/p>\n<p><strong>10h30-12h00:\u00a0<\/strong><strong>Le deuil compliqu\u00e9 de l&rsquo;enfant que l&rsquo;on n&rsquo;a pas connu: les cas du deuil p\u00e9rinatal et de l&rsquo;adoption<\/strong><\/p>\n<p><strong><em>Le deuil p\u00e9rinatal et le soutien socio-psychologique, <\/em><\/strong>Livia Sani (doctorante, Universit\u00e9 de Strasbourg, France), Marie-Fr\u00e9d\u00e9rique Bacqu\u00e9(Universit\u00e9 de Strasbourg, France)<\/p>\n<p><strong><em>Le deuil p\u00e9rinatal, un impens\u00e9 du projet parental par gestation pour autrui<\/em><\/strong>, K\u00e9vin Lavoie , Isabel C\u00f4t\u00e9 (UQO)<\/p>\n<p><strong><em>La construction et la gestion du deuil dans l\u2019adoption internationale, le cas fran\u00e7ais<\/em><\/strong><strong><em>, <\/em><\/strong>Ekaterina Pereprosova (Doctorante au CERLIS, Universit\u00e9 Paris Descartes)<\/p>\n<p><strong>\u00a0<\/strong><strong>LUNCH<\/strong><\/p>\n<p><strong>13h15-14h45:\u00a0<\/strong><strong>Le deuil compliqu\u00e9 suite \u00e0 un \u00e9v\u00e9nement traumatique<\/strong><\/p>\n<p><strong><em>Les cons\u00e9quences du deuil compliqu\u00e9 chez les victimes de catastrophe : mise \u00e0 jour des \u00e9crits scientifiques<\/em><\/strong><strong><em>,<\/em><\/strong> Mireille Fortin (\u00e9tudiante, UQAC), Danielle Maltais (UQAC), Jacques Cherblanc (UQAC)<\/p>\n<p><strong><em>Le v\u00e9cu du deuil post-traumatique chez l\u2019enfant ha\u00eftien t\u00e9moin des cons\u00e9quences du tremblement de terre de janvier 2010<\/em><\/strong>, Marie Ngo Nkana (doctorante, Universit\u00e9 de Strasbourg)<\/p>\n<p><strong><em>L\u2019\u00e9laboration symbolique des pertes en contexte de guerre<\/em><\/strong><strong><em>, <\/em><\/strong>Alyssa Turpin-Samson (doctorante, Universit\u00e9 de Montr\u00e9al)<\/p>\n<p><strong>15h00-16h30:\u00a0<\/strong><strong>Le deuil compliqu\u00e9 dans le cas de la trag\u00e9die de Lac-M\u00e9gantic (Qu\u00e9bec) de 2013<\/strong><\/p>\n<p><strong><em>Les endeuill\u00e9s de la trag\u00e9die de Lac-M\u00e9gantic : ce qui diff\u00e9rencie les personnes pr\u00e9sentant un deuil compliqu\u00e9 de ceux qui n\u2019en pr\u00e9sentent pas<\/em><\/strong>, Danielle Maltais\u00a0(UQAC), Jacques Cherblanc\u00a0(UQAC), Eve Pouliot\u00a0(UQAC), Mireille Fortin\u00a0(\u00e9tudiante, UQAC), Genevi\u00e8ve Fortin\u00a0(\u00e9tudiante, UQAC)<\/p>\n<p><strong><em>Les caract\u00e9ristiques distinctives des jeunes adultes endeuill\u00e9s qui pr\u00e9sentent un deuil compliqu\u00e9 \u00e0 la suite de la trag\u00e9die de Lac-M\u00e9gantic<\/em><\/strong>, Eve Pouliot\u00a0(UQAC), Danielle Maltais\u00a0(UQAC), Genevi\u00e8ve Fortin\u00a0(\u00e9tudiante, UQAC), Mireille Fortin\u00a0(\u00e9tudiante, UQAC), Jacques Cherblanc\u00a0(UQAC), Genevi\u00e8ve Petit\u00a0(CIUSS de l&rsquo;Estrie-CHUS)<\/p>\n<p><strong><em>\u00abFaire le deuil de sa maison\u00bb : une fa\u00e7on de parler ou une r\u00e9alit\u00e9?<\/em><\/strong><em>, <\/em>Jacques Cherblanc\u00a0(UQAC)<\/p>\n<h2>Responsables du colloque:<\/h2>\n<p>Jacques Cherblanc, PhD., professeur, d\u00e9partement de sciences humaines et sociales, UQAC<\/p>\n<p>Danielle Maltais, PhD., professeure, d\u00e9partement des sciences humaines et sociales, UQAC<\/p>\n","protected":false},"excerpt":{"rendered":"<p>Dans le cadre du Congr\u00e8s 2018 de l&rsquo;ACFAS qui aura lieu du 7 au 11 mai 2018 \u00e0 Chicoutimi (Qu\u00e9bec), le LERARS, en collaboration avec la\u00a0Chaire de recherche de l&rsquo;UQAC sur les \u00e9v\u00e8nements traumatiques, la sant\u00e9 mentale et la r\u00e9silience, organise un colloque sur le deuil compliqu\u00e9. Le colloque aura lieu le jeudi 10 mai [&hellip;]<\/p>\n","protected":false},"author":2,"featured_media":0,"comment_status":"closed","ping_status":"open","sticky":false,"template":"","format":"standard","meta":{"_acf_changed":false,"footnotes":""},"categories":[4],"tags":[],"acf":[],"_links":{"self":[{"href":"https:\/\/www.uqac.ca\/lerars\/wp-json\/wp\/v2\/posts\/34"}],"collection":[{"href":"https:\/\/www.uqac.ca\/lerars\/wp-json\/wp\/v2\/posts"}],"about":[{"href":"https:\/\/www.uqac.ca\/lerars\/wp-json\/wp\/v2\/types\/post"}],"author":[{"embeddable":true,"href":"https:\/\/www.uqac.ca\/lerars\/wp-json\/wp\/v2\/users\/2"}],"replies":[{"embeddable":true,"href":"https:\/\/www.uqac.ca\/lerars\/wp-json\/wp\/v2\/comments?post=34"}],"version-history":[{"count":12,"href":"https:\/\/www.uqac.ca\/lerars\/wp-json\/wp\/v2\/posts\/34\/revisions"}],"predecessor-version":[{"id":63,"href":"https:\/\/www.uqac.ca\/lerars\/wp-json\/wp\/v2\/posts\/34\/revisions\/63"}],"wp:attachment":[{"href":"https:\/\/www.uqac.ca\/lerars\/wp-json\/wp\/v2\/media?parent=34"}],"wp:term":[{"taxonomy":"category","embeddable":true,"href":"https:\/\/www.uqac.ca\/lerars\/wp-json\/wp\/v2\/categories?post=34"},{"taxonomy":"post_tag","embeddable":true,"href":"https:\/\/www.uqac.ca\/lerars\/wp-json\/wp\/v2\/tags?post=34"}],"curies":[{"name":"wp","href":"https:\/\/api.w.org\/{rel}","templated":true}]}}