{"id":103,"date":"2021-12-06T00:05:18","date_gmt":"2021-12-06T00:05:18","guid":{"rendered":"http:\/\/www.uqac.ca\/blogue-recteur\/?p=103"},"modified":"2023-10-23T09:39:15","modified_gmt":"2023-10-23T13:39:15","slug":"polytechnique-32-ans-plus-tard-souvenons-nous","status":"publish","type":"post","link":"https:\/\/www.uqac.ca\/uqactualites\/2021\/12\/06\/polytechnique-32-ans-plus-tard-souvenons-nous\/","title":{"rendered":"Polytechnique : 32 ans plus tard, souvenons-nous"},"content":{"rendered":"<p>En cette journ\u00e9e du 6 d\u00e9cembre, il y a maintenant 32 ans, 14 femmes perdaient la vie, \u00e0 la Polytechnique, aux mains d\u2019un meurtrier dont les id\u00e9es assassines \u00e9taient nourries par une profonde misogynie. Plus de trois d\u00e9cennies plus tard, cet \u00e9v\u00e9nement d\u2019une violence inou\u00efe demeure inconcevable et r\u00e9sonne toujours aussi fort dans nos communaut\u00e9s. Aujourd\u2019hui, je vous invite \u00e0 prendre quelques minutes pour vous souvenir de ces femmes afin de nous assurer que leur destin tragique ne soit pas vain. Pour l\u2019avenir, continuons \u00e0 inscrire nos actions dans une perspective d\u2019inclusion, au nom de la m\u00e9moire des personnes suivantes\u00a0:<\/p>\n<ul>\n<li>Genevi\u00e8ve Bergeron<\/li>\n<li>H\u00e9l\u00e8ne Colgan<\/li>\n<li>Nathalie Croteau<\/li>\n<li>Barbara Daigneault<\/li>\n<li>Anne-Marie Edward<\/li>\n<li>Maud Haviernick<\/li>\n<li>Barbara Klucznik-Widajewicz<\/li>\n<li>Maryse Lagani\u00e8re<\/li>\n<li>Maryse Leclair<\/li>\n<li>Anne-Marie Lemay<\/li>\n<li>Sonia Pelletier<\/li>\n<li>Mich\u00e8le Richard<\/li>\n<li>Annie St-Arneault<\/li>\n<li>Annie Turcotte<\/li>\n<\/ul>\n<p>&nbsp;<\/p>\n<p>Ghislain Samson, Ph. D.<br \/>\nRecteur<\/p>\n","protected":false},"excerpt":{"rendered":"<p>En cette journ\u00e9e du 6 d\u00e9cembre, il y a maintenant 32 ans, 14 femmes perdaient la vie, \u00e0 la Polytechnique, aux mains d\u2019un meurtrier dont les id\u00e9es assassines \u00e9taient nourries par une profonde misogynie. Plus de trois d\u00e9cennies plus tard, cet \u00e9v\u00e9nement d\u2019une violence inou\u00efe demeure inconcevable et r\u00e9sonne toujours aussi fort dans nos communaut\u00e9s. [&hellip;]<\/p>\n","protected":false},"author":10,"featured_media":104,"comment_status":"closed","ping_status":"closed","sticky":false,"template":"","format":"standard","meta":{"footnotes":""},"categories":[2792,1,2793],"tags":[],"yoast_head":"<!-- This site is optimized with the Yoast SEO plugin v24.2 - https:\/\/yoast.com\/wordpress\/plugins\/seo\/ -->\r\n<title>Polytechnique : 32 ans plus tard, souvenons-nous - UQACtualit\u00e9s<\/title>\r\n<meta name=\"robots\" content=\"index, follow, max-snippet:-1, max-image-preview:large, max-video-preview:-1\" \/>\r\n<link rel=\"canonical\" href=\"https:\/\/www.uqac.ca\/uqactualites\/2021\/12\/06\/polytechnique-32-ans-plus-tard-souvenons-nous\/\" \/>\r\n<meta property=\"og:locale\" content=\"fr_CA\" \/>\r\n<meta property=\"og:type\" content=\"article\" \/>\r\n<meta property=\"og:title\" content=\"Polytechnique : 32 ans plus tard, souvenons-nous - UQACtualit\u00e9s\" \/>\r\n<meta property=\"og:description\" content=\"En cette journ\u00e9e du 6 d\u00e9cembre, il y a maintenant 32 ans, 14 femmes perdaient la vie, \u00e0 la Polytechnique, aux mains d\u2019un meurtrier dont les id\u00e9es assassines \u00e9taient nourries par une profonde misogynie. Plus de trois d\u00e9cennies plus tard, cet \u00e9v\u00e9nement d\u2019une violence inou\u00efe demeure inconcevable et r\u00e9sonne toujours aussi fort dans nos communaut\u00e9s. [&hellip;]\" \/>\r\n<meta property=\"og:url\" content=\"https:\/\/www.uqac.ca\/uqactualites\/2021\/12\/06\/polytechnique-32-ans-plus-tard-souvenons-nous\/\" \/>\r\n<meta property=\"og:site_name\" content=\"UQACtualit\u00e9s\" \/>\r\n<meta property=\"article:published_time\" content=\"2021-12-06T00:05:18+00:00\" \/>\r\n<meta property=\"article:modified_time\" content=\"2023-10-23T13:39:15+00:00\" \/>\r\n<meta property=\"og:image\" content=\"https:\/\/www.uqac.ca\/uqactualites\/wp-content\/uploads\/2021\/12\/rose-6799477_1920-1.jpg\" \/>\r\n\t<meta property=\"og:image:width\" content=\"1920\" \/>\r\n\t<meta property=\"og:image:height\" content=\"1280\" \/>\r\n\t<meta property=\"og:image:type\" content=\"image\/jpeg\" \/>\r\n<meta name=\"author\" content=\"Ghislain Samson\" \/>\r\n<meta name=\"twitter:card\" content=\"summary_large_image\" \/>\r\n<meta name=\"twitter:label1\" content=\"\u00c9crit par\" \/>\n\t<meta name=\"twitter:data1\" content=\"Ghislain Samson\" \/>\n\t<meta name=\"twitter:label2\" content=\"Estimation du temps de lecture\" \/>\n\t<meta name=\"twitter:data2\" content=\"1 minute\" \/>\r\n<script type=\"application\/ld+json\" class=\"yoast-schema-graph\">{\"@context\":\"https:\/\/schema.org\",\"@graph\":[{\"@type\":\"WebPage\",\"@id\":\"https:\/\/www.uqac.ca\/uqactualites\/2021\/12\/06\/polytechnique-32-ans-plus-tard-souvenons-nous\/\",\"url\":\"https:\/\/www.uqac.ca\/uqactualites\/2021\/12\/06\/polytechnique-32-ans-plus-tard-souvenons-nous\/\",\"name\":\"Polytechnique : 32 ans plus tard, souvenons-nous - UQACtualit\u00e9s\",\"isPartOf\":{\"@id\":\"https:\/\/www.uqac.ca\/uqactualites\/#website\"},\"primaryImageOfPage\":{\"@id\":\"https:\/\/www.uqac.ca\/uqactualites\/2021\/12\/06\/polytechnique-32-ans-plus-tard-souvenons-nous\/#primaryimage\"},\"image\":{\"@id\":\"https:\/\/www.uqac.ca\/uqactualites\/2021\/12\/06\/polytechnique-32-ans-plus-tard-souvenons-nous\/#primaryimage\"},\"thumbnailUrl\":\"https:\/\/www.uqac.ca\/uqactualites\/wp-content\/uploads\/2021\/12\/rose-6799477_1920-1.jpg\",\"datePublished\":\"2021-12-06T00:05:18+00:00\",\"dateModified\":\"2023-10-23T13:39:15+00:00\",\"author\":{\"@id\":\"https:\/\/www.uqac.ca\/uqactualites\/#\/schema\/person\/ae2225f9f23eebff67a6e899225952fb\"},\"breadcrumb\":{\"@id\":\"https:\/\/www.uqac.ca\/uqactualites\/2021\/12\/06\/polytechnique-32-ans-plus-tard-souvenons-nous\/#breadcrumb\"},\"inLanguage\":\"fr-CA\",\"potentialAction\":[{\"@type\":\"ReadAction\",\"target\":[\"https:\/\/www.uqac.ca\/uqactualites\/2021\/12\/06\/polytechnique-32-ans-plus-tard-souvenons-nous\/\"]}]},{\"@type\":\"ImageObject\",\"inLanguage\":\"fr-CA\",\"@id\":\"https:\/\/www.uqac.ca\/uqactualites\/2021\/12\/06\/polytechnique-32-ans-plus-tard-souvenons-nous\/#primaryimage\",\"url\":\"https:\/\/www.uqac.ca\/uqactualites\/wp-content\/uploads\/2021\/12\/rose-6799477_1920-1.jpg\",\"contentUrl\":\"https:\/\/www.uqac.ca\/uqactualites\/wp-content\/uploads\/2021\/12\/rose-6799477_1920-1.jpg\",\"width\":1920,\"height\":1280},{\"@type\":\"BreadcrumbList\",\"@id\":\"https:\/\/www.uqac.ca\/uqactualites\/2021\/12\/06\/polytechnique-32-ans-plus-tard-souvenons-nous\/#breadcrumb\",\"itemListElement\":[{\"@type\":\"ListItem\",\"position\":1,\"name\":\"Home\",\"item\":\"https:\/\/www.uqac.ca\/uqactualites\/\"},{\"@type\":\"ListItem\",\"position\":2,\"name\":\"Polytechnique : 32 ans plus tard, souvenons-nous\"}]},{\"@type\":\"WebSite\",\"@id\":\"https:\/\/www.uqac.ca\/uqactualites\/#website\",\"url\":\"https:\/\/www.uqac.ca\/uqactualites\/\",\"name\":\"UQACtualit\u00e9s\",\"description\":\"Le portail des nouvelles de l&#039;UQAC\",\"potentialAction\":[{\"@type\":\"SearchAction\",\"target\":{\"@type\":\"EntryPoint\",\"urlTemplate\":\"https:\/\/www.uqac.ca\/uqactualites\/?s={search_term_string}\"},\"query-input\":{\"@type\":\"PropertyValueSpecification\",\"valueRequired\":true,\"valueName\":\"search_term_string\"}}],\"inLanguage\":\"fr-CA\"},{\"@type\":\"Person\",\"@id\":\"https:\/\/www.uqac.ca\/uqactualites\/#\/schema\/person\/ae2225f9f23eebff67a6e899225952fb\",\"name\":\"Ghislain Samson\",\"image\":{\"@type\":\"ImageObject\",\"inLanguage\":\"fr-CA\",\"@id\":\"https:\/\/www.uqac.ca\/uqactualites\/#\/schema\/person\/image\/\",\"url\":\"https:\/\/secure.gravatar.com\/avatar\/61ad9756d7707fefb25ed321388b2105?s=96&d=mm&r=g\",\"contentUrl\":\"https:\/\/secure.gravatar.com\/avatar\/61ad9756d7707fefb25ed321388b2105?s=96&d=mm&r=g\",\"caption\":\"Ghislain Samson\"},\"url\":\"https:\/\/www.uqac.ca\/uqactualites\/author\/gsamson\/\"}]}<\/script>\r\n<!-- \/ Yoast SEO plugin. -->","yoast_head_json":{"title":"Polytechnique : 32 ans plus tard, souvenons-nous - UQACtualit\u00e9s","robots":{"index":"index","follow":"follow","max-snippet":"max-snippet:-1","max-image-preview":"max-image-preview:large","max-video-preview":"max-video-preview:-1"},"canonical":"https:\/\/www.uqac.ca\/uqactualites\/2021\/12\/06\/polytechnique-32-ans-plus-tard-souvenons-nous\/","og_locale":"fr_CA","og_type":"article","og_title":"Polytechnique : 32 ans plus tard, souvenons-nous - UQACtualit\u00e9s","og_description":"En cette journ\u00e9e du 6 d\u00e9cembre, il y a maintenant 32 ans, 14 femmes perdaient la vie, \u00e0 la Polytechnique, aux mains d\u2019un meurtrier dont les id\u00e9es assassines \u00e9taient nourries par une profonde misogynie. Plus de trois d\u00e9cennies plus tard, cet \u00e9v\u00e9nement d\u2019une violence inou\u00efe demeure inconcevable et r\u00e9sonne toujours aussi fort dans nos communaut\u00e9s. [&hellip;]","og_url":"https:\/\/www.uqac.ca\/uqactualites\/2021\/12\/06\/polytechnique-32-ans-plus-tard-souvenons-nous\/","og_site_name":"UQACtualit\u00e9s","article_published_time":"2021-12-06T00:05:18+00:00","article_modified_time":"2023-10-23T13:39:15+00:00","og_image":[{"width":1920,"height":1280,"url":"https:\/\/www.uqac.ca\/uqactualites\/wp-content\/uploads\/2021\/12\/rose-6799477_1920-1.jpg","type":"image\/jpeg"}],"author":"Ghislain Samson","twitter_card":"summary_large_image","twitter_misc":{"\u00c9crit par":"Ghislain Samson","Estimation du temps de lecture":"1 minute"},"schema":{"@context":"https:\/\/schema.org","@graph":[{"@type":"WebPage","@id":"https:\/\/www.uqac.ca\/uqactualites\/2021\/12\/06\/polytechnique-32-ans-plus-tard-souvenons-nous\/","url":"https:\/\/www.uqac.ca\/uqactualites\/2021\/12\/06\/polytechnique-32-ans-plus-tard-souvenons-nous\/","name":"Polytechnique : 32 ans plus tard, souvenons-nous - UQACtualit\u00e9s","isPartOf":{"@id":"https:\/\/www.uqac.ca\/uqactualites\/#website"},"primaryImageOfPage":{"@id":"https:\/\/www.uqac.ca\/uqactualites\/2021\/12\/06\/polytechnique-32-ans-plus-tard-souvenons-nous\/#primaryimage"},"image":{"@id":"https:\/\/www.uqac.ca\/uqactualites\/2021\/12\/06\/polytechnique-32-ans-plus-tard-souvenons-nous\/#primaryimage"},"thumbnailUrl":"https:\/\/www.uqac.ca\/uqactualites\/wp-content\/uploads\/2021\/12\/rose-6799477_1920-1.jpg","datePublished":"2021-12-06T00:05:18+00:00","dateModified":"2023-10-23T13:39:15+00:00","author":{"@id":"https:\/\/www.uqac.ca\/uqactualites\/#\/schema\/person\/ae2225f9f23eebff67a6e899225952fb"},"breadcrumb":{"@id":"https:\/\/www.uqac.ca\/uqactualites\/2021\/12\/06\/polytechnique-32-ans-plus-tard-souvenons-nous\/#breadcrumb"},"inLanguage":"fr-CA","potentialAction":[{"@type":"ReadAction","target":["https:\/\/www.uqac.ca\/uqactualites\/2021\/12\/06\/polytechnique-32-ans-plus-tard-souvenons-nous\/"]}]},{"@type":"ImageObject","inLanguage":"fr-CA","@id":"https:\/\/www.uqac.ca\/uqactualites\/2021\/12\/06\/polytechnique-32-ans-plus-tard-souvenons-nous\/#primaryimage","url":"https:\/\/www.uqac.ca\/uqactualites\/wp-content\/uploads\/2021\/12\/rose-6799477_1920-1.jpg","contentUrl":"https:\/\/www.uqac.ca\/uqactualites\/wp-content\/uploads\/2021\/12\/rose-6799477_1920-1.jpg","width":1920,"height":1280},{"@type":"BreadcrumbList","@id":"https:\/\/www.uqac.ca\/uqactualites\/2021\/12\/06\/polytechnique-32-ans-plus-tard-souvenons-nous\/#breadcrumb","itemListElement":[{"@type":"ListItem","position":1,"name":"Home","item":"https:\/\/www.uqac.ca\/uqactualites\/"},{"@type":"ListItem","position":2,"name":"Polytechnique : 32 ans plus tard, souvenons-nous"}]},{"@type":"WebSite","@id":"https:\/\/www.uqac.ca\/uqactualites\/#website","url":"https:\/\/www.uqac.ca\/uqactualites\/","name":"UQACtualit\u00e9s","description":"Le portail des nouvelles de l&#039;UQAC","potentialAction":[{"@type":"SearchAction","target":{"@type":"EntryPoint","urlTemplate":"https:\/\/www.uqac.ca\/uqactualites\/?s={search_term_string}"},"query-input":{"@type":"PropertyValueSpecification","valueRequired":true,"valueName":"search_term_string"}}],"inLanguage":"fr-CA"},{"@type":"Person","@id":"https:\/\/www.uqac.ca\/uqactualites\/#\/schema\/person\/ae2225f9f23eebff67a6e899225952fb","name":"Ghislain Samson","image":{"@type":"ImageObject","inLanguage":"fr-CA","@id":"https:\/\/www.uqac.ca\/uqactualites\/#\/schema\/person\/image\/","url":"https:\/\/secure.gravatar.com\/avatar\/61ad9756d7707fefb25ed321388b2105?s=96&d=mm&r=g","contentUrl":"https:\/\/secure.gravatar.com\/avatar\/61ad9756d7707fefb25ed321388b2105?s=96&d=mm&r=g","caption":"Ghislain Samson"},"url":"https:\/\/www.uqac.ca\/uqactualites\/author\/gsamson\/"}]}},"_links":{"self":[{"href":"https:\/\/www.uqac.ca\/uqactualites\/wp-json\/wp\/v2\/posts\/103"}],"collection":[{"href":"https:\/\/www.uqac.ca\/uqactualites\/wp-json\/wp\/v2\/posts"}],"about":[{"href":"https:\/\/www.uqac.ca\/uqactualites\/wp-json\/wp\/v2\/types\/post"}],"author":[{"embeddable":true,"href":"https:\/\/www.uqac.ca\/uqactualites\/wp-json\/wp\/v2\/users\/10"}],"replies":[{"embeddable":true,"href":"https:\/\/www.uqac.ca\/uqactualites\/wp-json\/wp\/v2\/comments?post=103"}],"version-history":[{"count":1,"href":"https:\/\/www.uqac.ca\/uqactualites\/wp-json\/wp\/v2\/posts\/103\/revisions"}],"predecessor-version":[{"id":44880,"href":"https:\/\/www.uqac.ca\/uqactualites\/wp-json\/wp\/v2\/posts\/103\/revisions\/44880"}],"wp:featuredmedia":[{"embeddable":true,"href":"https:\/\/www.uqac.ca\/uqactualites\/wp-json\/wp\/v2\/media\/104"}],"wp:attachment":[{"href":"https:\/\/www.uqac.ca\/uqactualites\/wp-json\/wp\/v2\/media?parent=103"}],"wp:term":[{"taxonomy":"category","embeddable":true,"href":"https:\/\/www.uqac.ca\/uqactualites\/wp-json\/wp\/v2\/categories?post=103"},{"taxonomy":"post_tag","embeddable":true,"href":"https:\/\/www.uqac.ca\/uqactualites\/wp-json\/wp\/v2\/tags?post=103"}],"curies":[{"name":"wp","href":"https:\/\/api.w.org\/{rel}","templated":true}]}}