{"id":127,"date":"2022-02-09T14:09:41","date_gmt":"2022-02-09T14:09:41","guid":{"rendered":"https:\/\/www.uqac.ca\/blogue-recteur\/?p=127"},"modified":"2023-10-23T09:39:14","modified_gmt":"2023-10-23T13:39:14","slug":"une-communaute-solidaire-envers-les-personnes-vulnerables","status":"publish","type":"post","link":"https:\/\/www.uqac.ca\/uqactualites\/2022\/02\/09\/une-communaute-solidaire-envers-les-personnes-vulnerables\/","title":{"rendered":"Une communaut\u00e9 solidaire envers les personnes vuln\u00e9rables"},"content":{"rendered":"<p>Il y a quelques semaines, Sabrina Tremblay, professeure au D\u00e9partement des sciences humaines et sociales et responsable de la plus r\u00e9cente campagne Centraide pour l\u2019UQAC, nous apprenait le montant amass\u00e9 cette ann\u00e9e dans le cadre de notre participation annuelle \u00e0 la lev\u00e9e de fonds de l\u2019organisme. Je remercie Sabrina et son \u00e9quipe d\u2019avoir con\u00e7u et mis en place tous les moyens n\u00e9cessaires pour nous rappeler l\u2019importance de soutenir la cause. Leur engagement a port\u00e9 ses fruits, puisque c\u2019est avec plaisir que je vous annonce \u00e0 mon tour que notre objectif commun a \u00e9t\u00e9 d\u00e9pass\u00e9 pour se fixer \u00e0 55 758 $. Fid\u00e8les \u00e0 vos valeurs communautaires et d\u2019entraide, vous avez r\u00e9pondu positivement et g\u00e9n\u00e9reusement \u00e0 l\u2019appel des organismes communautaires de la r\u00e9gion en permettant \u00e0 Centraide de soutenir leurs activit\u00e9s visant \u00e0 r\u00e9pondre aux besoins des plus d\u00e9munis de notre soci\u00e9t\u00e9. Je f\u00e9licite notre effort collectif et je nous invite \u00e0 continuer \u00e0 conjuguer nos efforts dans la poursuite d\u2019objectifs communs dans l\u2019un ou l\u2019autre des volets de notre mission.<\/p>\n<p>D\u2019ailleurs, depuis mon arriv\u00e9e, je mets de l\u2019avant l\u2019importance d\u2019une fondation universitaire ainsi que ma vision de ce devoir collectif que nous avons de la soutenir. Aussi serez-vous prochainement sollicit\u00e9s pour soutenir les activit\u00e9s et le d\u00e9veloppement de l\u2019universit\u00e9 par l&rsquo;entremise d\u2019un don \u00e0 la Fondation de l&rsquo;UQAC (FUQAC). Port\u00e9e par une administration renouvel\u00e9e, la prochaine campagne sera \u00e0 la hauteur des grandes aspirations de notre communaut\u00e9 universitaire. J\u2019y participerai. J\u2019esp\u00e8re que vous ferez de m\u00eame\u2026<\/p>\n<p>&nbsp;<\/p>\n<p>Ghislain Samson, recteur<\/p>\n","protected":false},"excerpt":{"rendered":"<p>Il y a quelques semaines, Sabrina Tremblay, professeure au D\u00e9partement des sciences humaines et sociales et responsable de la plus r\u00e9cente campagne Centraide pour l\u2019UQAC, nous apprenait le montant amass\u00e9 cette ann\u00e9e dans le cadre de notre participation annuelle \u00e0 la lev\u00e9e de fonds de l\u2019organisme. Je remercie Sabrina et son \u00e9quipe d\u2019avoir con\u00e7u et [&hellip;]<\/p>\n","protected":false},"author":10,"featured_media":100,"comment_status":"closed","ping_status":"closed","sticky":false,"template":"","format":"standard","meta":{"footnotes":""},"categories":[2792,1,2793],"tags":[],"yoast_head":"<!-- This site is optimized with the Yoast SEO plugin v24.2 - https:\/\/yoast.com\/wordpress\/plugins\/seo\/ -->\r\n<title>Une communaut\u00e9 solidaire envers les personnes vuln\u00e9rables - UQACtualit\u00e9s<\/title>\r\n<meta name=\"robots\" content=\"index, follow, max-snippet:-1, max-image-preview:large, max-video-preview:-1\" \/>\r\n<link rel=\"canonical\" href=\"https:\/\/www.uqac.ca\/uqactualites\/2022\/02\/09\/une-communaute-solidaire-envers-les-personnes-vulnerables\/\" \/>\r\n<meta property=\"og:locale\" content=\"fr_CA\" \/>\r\n<meta property=\"og:type\" content=\"article\" \/>\r\n<meta property=\"og:title\" content=\"Une communaut\u00e9 solidaire envers les personnes vuln\u00e9rables - UQACtualit\u00e9s\" \/>\r\n<meta property=\"og:description\" content=\"Il y a quelques semaines, Sabrina Tremblay, professeure au D\u00e9partement des sciences humaines et sociales et responsable de la plus r\u00e9cente campagne Centraide pour l\u2019UQAC, nous apprenait le montant amass\u00e9 cette ann\u00e9e dans le cadre de notre participation annuelle \u00e0 la lev\u00e9e de fonds de l\u2019organisme. Je remercie Sabrina et son \u00e9quipe d\u2019avoir con\u00e7u et [&hellip;]\" \/>\r\n<meta property=\"og:url\" content=\"https:\/\/www.uqac.ca\/uqactualites\/2022\/02\/09\/une-communaute-solidaire-envers-les-personnes-vulnerables\/\" \/>\r\n<meta property=\"og:site_name\" content=\"UQACtualit\u00e9s\" \/>\r\n<meta property=\"article:published_time\" content=\"2022-02-09T14:09:41+00:00\" \/>\r\n<meta property=\"article:modified_time\" content=\"2023-10-23T13:39:14+00:00\" \/>\r\n<meta property=\"og:image\" content=\"https:\/\/www.uqac.ca\/uqactualites\/wp-content\/uploads\/2021\/11\/NUM_CampagneCentraide_A21_FbkEven1220x628.jpg\" \/>\r\n\t<meta property=\"og:image:width\" content=\"1220\" \/>\r\n\t<meta property=\"og:image:height\" content=\"628\" \/>\r\n\t<meta property=\"og:image:type\" content=\"image\/jpeg\" \/>\r\n<meta name=\"author\" content=\"Ghislain Samson\" \/>\r\n<meta name=\"twitter:card\" content=\"summary_large_image\" \/>\r\n<meta name=\"twitter:label1\" content=\"\u00c9crit par\" \/>\n\t<meta name=\"twitter:data1\" content=\"Ghislain Samson\" \/>\n\t<meta name=\"twitter:label2\" content=\"Estimation du temps de lecture\" \/>\n\t<meta name=\"twitter:data2\" content=\"1 minute\" \/>\r\n<script type=\"application\/ld+json\" class=\"yoast-schema-graph\">{\"@context\":\"https:\/\/schema.org\",\"@graph\":[{\"@type\":\"WebPage\",\"@id\":\"https:\/\/www.uqac.ca\/uqactualites\/2022\/02\/09\/une-communaute-solidaire-envers-les-personnes-vulnerables\/\",\"url\":\"https:\/\/www.uqac.ca\/uqactualites\/2022\/02\/09\/une-communaute-solidaire-envers-les-personnes-vulnerables\/\",\"name\":\"Une communaut\u00e9 solidaire envers les personnes vuln\u00e9rables - UQACtualit\u00e9s\",\"isPartOf\":{\"@id\":\"https:\/\/www.uqac.ca\/uqactualites\/#website\"},\"primaryImageOfPage\":{\"@id\":\"https:\/\/www.uqac.ca\/uqactualites\/2022\/02\/09\/une-communaute-solidaire-envers-les-personnes-vulnerables\/#primaryimage\"},\"image\":{\"@id\":\"https:\/\/www.uqac.ca\/uqactualites\/2022\/02\/09\/une-communaute-solidaire-envers-les-personnes-vulnerables\/#primaryimage\"},\"thumbnailUrl\":\"https:\/\/www.uqac.ca\/uqactualites\/wp-content\/uploads\/2021\/11\/NUM_CampagneCentraide_A21_FbkEven1220x628.jpg\",\"datePublished\":\"2022-02-09T14:09:41+00:00\",\"dateModified\":\"2023-10-23T13:39:14+00:00\",\"author\":{\"@id\":\"https:\/\/www.uqac.ca\/uqactualites\/#\/schema\/person\/ae2225f9f23eebff67a6e899225952fb\"},\"breadcrumb\":{\"@id\":\"https:\/\/www.uqac.ca\/uqactualites\/2022\/02\/09\/une-communaute-solidaire-envers-les-personnes-vulnerables\/#breadcrumb\"},\"inLanguage\":\"fr-CA\",\"potentialAction\":[{\"@type\":\"ReadAction\",\"target\":[\"https:\/\/www.uqac.ca\/uqactualites\/2022\/02\/09\/une-communaute-solidaire-envers-les-personnes-vulnerables\/\"]}]},{\"@type\":\"ImageObject\",\"inLanguage\":\"fr-CA\",\"@id\":\"https:\/\/www.uqac.ca\/uqactualites\/2022\/02\/09\/une-communaute-solidaire-envers-les-personnes-vulnerables\/#primaryimage\",\"url\":\"https:\/\/www.uqac.ca\/uqactualites\/wp-content\/uploads\/2021\/11\/NUM_CampagneCentraide_A21_FbkEven1220x628.jpg\",\"contentUrl\":\"https:\/\/www.uqac.ca\/uqactualites\/wp-content\/uploads\/2021\/11\/NUM_CampagneCentraide_A21_FbkEven1220x628.jpg\",\"width\":1220,\"height\":628},{\"@type\":\"BreadcrumbList\",\"@id\":\"https:\/\/www.uqac.ca\/uqactualites\/2022\/02\/09\/une-communaute-solidaire-envers-les-personnes-vulnerables\/#breadcrumb\",\"itemListElement\":[{\"@type\":\"ListItem\",\"position\":1,\"name\":\"Home\",\"item\":\"https:\/\/www.uqac.ca\/uqactualites\/\"},{\"@type\":\"ListItem\",\"position\":2,\"name\":\"Une communaut\u00e9 solidaire envers les personnes vuln\u00e9rables\"}]},{\"@type\":\"WebSite\",\"@id\":\"https:\/\/www.uqac.ca\/uqactualites\/#website\",\"url\":\"https:\/\/www.uqac.ca\/uqactualites\/\",\"name\":\"UQACtualit\u00e9s\",\"description\":\"Le portail des nouvelles de l&#039;UQAC\",\"potentialAction\":[{\"@type\":\"SearchAction\",\"target\":{\"@type\":\"EntryPoint\",\"urlTemplate\":\"https:\/\/www.uqac.ca\/uqactualites\/?s={search_term_string}\"},\"query-input\":{\"@type\":\"PropertyValueSpecification\",\"valueRequired\":true,\"valueName\":\"search_term_string\"}}],\"inLanguage\":\"fr-CA\"},{\"@type\":\"Person\",\"@id\":\"https:\/\/www.uqac.ca\/uqactualites\/#\/schema\/person\/ae2225f9f23eebff67a6e899225952fb\",\"name\":\"Ghislain Samson\",\"image\":{\"@type\":\"ImageObject\",\"inLanguage\":\"fr-CA\",\"@id\":\"https:\/\/www.uqac.ca\/uqactualites\/#\/schema\/person\/image\/\",\"url\":\"https:\/\/secure.gravatar.com\/avatar\/61ad9756d7707fefb25ed321388b2105?s=96&d=mm&r=g\",\"contentUrl\":\"https:\/\/secure.gravatar.com\/avatar\/61ad9756d7707fefb25ed321388b2105?s=96&d=mm&r=g\",\"caption\":\"Ghislain Samson\"},\"url\":\"https:\/\/www.uqac.ca\/uqactualites\/author\/gsamson\/\"}]}<\/script>\r\n<!-- \/ Yoast SEO plugin. -->","yoast_head_json":{"title":"Une communaut\u00e9 solidaire envers les personnes vuln\u00e9rables - UQACtualit\u00e9s","robots":{"index":"index","follow":"follow","max-snippet":"max-snippet:-1","max-image-preview":"max-image-preview:large","max-video-preview":"max-video-preview:-1"},"canonical":"https:\/\/www.uqac.ca\/uqactualites\/2022\/02\/09\/une-communaute-solidaire-envers-les-personnes-vulnerables\/","og_locale":"fr_CA","og_type":"article","og_title":"Une communaut\u00e9 solidaire envers les personnes vuln\u00e9rables - UQACtualit\u00e9s","og_description":"Il y a quelques semaines, Sabrina Tremblay, professeure au D\u00e9partement des sciences humaines et sociales et responsable de la plus r\u00e9cente campagne Centraide pour l\u2019UQAC, nous apprenait le montant amass\u00e9 cette ann\u00e9e dans le cadre de notre participation annuelle \u00e0 la lev\u00e9e de fonds de l\u2019organisme. Je remercie Sabrina et son \u00e9quipe d\u2019avoir con\u00e7u et [&hellip;]","og_url":"https:\/\/www.uqac.ca\/uqactualites\/2022\/02\/09\/une-communaute-solidaire-envers-les-personnes-vulnerables\/","og_site_name":"UQACtualit\u00e9s","article_published_time":"2022-02-09T14:09:41+00:00","article_modified_time":"2023-10-23T13:39:14+00:00","og_image":[{"width":1220,"height":628,"url":"https:\/\/www.uqac.ca\/uqactualites\/wp-content\/uploads\/2021\/11\/NUM_CampagneCentraide_A21_FbkEven1220x628.jpg","type":"image\/jpeg"}],"author":"Ghislain Samson","twitter_card":"summary_large_image","twitter_misc":{"\u00c9crit par":"Ghislain Samson","Estimation du temps de lecture":"1 minute"},"schema":{"@context":"https:\/\/schema.org","@graph":[{"@type":"WebPage","@id":"https:\/\/www.uqac.ca\/uqactualites\/2022\/02\/09\/une-communaute-solidaire-envers-les-personnes-vulnerables\/","url":"https:\/\/www.uqac.ca\/uqactualites\/2022\/02\/09\/une-communaute-solidaire-envers-les-personnes-vulnerables\/","name":"Une communaut\u00e9 solidaire envers les personnes vuln\u00e9rables - UQACtualit\u00e9s","isPartOf":{"@id":"https:\/\/www.uqac.ca\/uqactualites\/#website"},"primaryImageOfPage":{"@id":"https:\/\/www.uqac.ca\/uqactualites\/2022\/02\/09\/une-communaute-solidaire-envers-les-personnes-vulnerables\/#primaryimage"},"image":{"@id":"https:\/\/www.uqac.ca\/uqactualites\/2022\/02\/09\/une-communaute-solidaire-envers-les-personnes-vulnerables\/#primaryimage"},"thumbnailUrl":"https:\/\/www.uqac.ca\/uqactualites\/wp-content\/uploads\/2021\/11\/NUM_CampagneCentraide_A21_FbkEven1220x628.jpg","datePublished":"2022-02-09T14:09:41+00:00","dateModified":"2023-10-23T13:39:14+00:00","author":{"@id":"https:\/\/www.uqac.ca\/uqactualites\/#\/schema\/person\/ae2225f9f23eebff67a6e899225952fb"},"breadcrumb":{"@id":"https:\/\/www.uqac.ca\/uqactualites\/2022\/02\/09\/une-communaute-solidaire-envers-les-personnes-vulnerables\/#breadcrumb"},"inLanguage":"fr-CA","potentialAction":[{"@type":"ReadAction","target":["https:\/\/www.uqac.ca\/uqactualites\/2022\/02\/09\/une-communaute-solidaire-envers-les-personnes-vulnerables\/"]}]},{"@type":"ImageObject","inLanguage":"fr-CA","@id":"https:\/\/www.uqac.ca\/uqactualites\/2022\/02\/09\/une-communaute-solidaire-envers-les-personnes-vulnerables\/#primaryimage","url":"https:\/\/www.uqac.ca\/uqactualites\/wp-content\/uploads\/2021\/11\/NUM_CampagneCentraide_A21_FbkEven1220x628.jpg","contentUrl":"https:\/\/www.uqac.ca\/uqactualites\/wp-content\/uploads\/2021\/11\/NUM_CampagneCentraide_A21_FbkEven1220x628.jpg","width":1220,"height":628},{"@type":"BreadcrumbList","@id":"https:\/\/www.uqac.ca\/uqactualites\/2022\/02\/09\/une-communaute-solidaire-envers-les-personnes-vulnerables\/#breadcrumb","itemListElement":[{"@type":"ListItem","position":1,"name":"Home","item":"https:\/\/www.uqac.ca\/uqactualites\/"},{"@type":"ListItem","position":2,"name":"Une communaut\u00e9 solidaire envers les personnes vuln\u00e9rables"}]},{"@type":"WebSite","@id":"https:\/\/www.uqac.ca\/uqactualites\/#website","url":"https:\/\/www.uqac.ca\/uqactualites\/","name":"UQACtualit\u00e9s","description":"Le portail des nouvelles de l&#039;UQAC","potentialAction":[{"@type":"SearchAction","target":{"@type":"EntryPoint","urlTemplate":"https:\/\/www.uqac.ca\/uqactualites\/?s={search_term_string}"},"query-input":{"@type":"PropertyValueSpecification","valueRequired":true,"valueName":"search_term_string"}}],"inLanguage":"fr-CA"},{"@type":"Person","@id":"https:\/\/www.uqac.ca\/uqactualites\/#\/schema\/person\/ae2225f9f23eebff67a6e899225952fb","name":"Ghislain Samson","image":{"@type":"ImageObject","inLanguage":"fr-CA","@id":"https:\/\/www.uqac.ca\/uqactualites\/#\/schema\/person\/image\/","url":"https:\/\/secure.gravatar.com\/avatar\/61ad9756d7707fefb25ed321388b2105?s=96&d=mm&r=g","contentUrl":"https:\/\/secure.gravatar.com\/avatar\/61ad9756d7707fefb25ed321388b2105?s=96&d=mm&r=g","caption":"Ghislain Samson"},"url":"https:\/\/www.uqac.ca\/uqactualites\/author\/gsamson\/"}]}},"_links":{"self":[{"href":"https:\/\/www.uqac.ca\/uqactualites\/wp-json\/wp\/v2\/posts\/127"}],"collection":[{"href":"https:\/\/www.uqac.ca\/uqactualites\/wp-json\/wp\/v2\/posts"}],"about":[{"href":"https:\/\/www.uqac.ca\/uqactualites\/wp-json\/wp\/v2\/types\/post"}],"author":[{"embeddable":true,"href":"https:\/\/www.uqac.ca\/uqactualites\/wp-json\/wp\/v2\/users\/10"}],"replies":[{"embeddable":true,"href":"https:\/\/www.uqac.ca\/uqactualites\/wp-json\/wp\/v2\/comments?post=127"}],"version-history":[{"count":1,"href":"https:\/\/www.uqac.ca\/uqactualites\/wp-json\/wp\/v2\/posts\/127\/revisions"}],"predecessor-version":[{"id":44876,"href":"https:\/\/www.uqac.ca\/uqactualites\/wp-json\/wp\/v2\/posts\/127\/revisions\/44876"}],"wp:featuredmedia":[{"embeddable":true,"href":"https:\/\/www.uqac.ca\/uqactualites\/wp-json\/wp\/v2\/media\/100"}],"wp:attachment":[{"href":"https:\/\/www.uqac.ca\/uqactualites\/wp-json\/wp\/v2\/media?parent=127"}],"wp:term":[{"taxonomy":"category","embeddable":true,"href":"https:\/\/www.uqac.ca\/uqactualites\/wp-json\/wp\/v2\/categories?post=127"},{"taxonomy":"post_tag","embeddable":true,"href":"https:\/\/www.uqac.ca\/uqactualites\/wp-json\/wp\/v2\/tags?post=127"}],"curies":[{"name":"wp","href":"https:\/\/api.w.org\/{rel}","templated":true}]}}