{"id":171,"date":"2022-04-26T12:53:08","date_gmt":"2022-04-26T12:53:08","guid":{"rendered":"http:\/\/www.uqac.ca\/blogue-recteur\/?p=171"},"modified":"2023-10-23T09:39:14","modified_gmt":"2023-10-23T13:39:14","slug":"le-dispensaire-urbain-denseignement-clinique-voit-le-jour-a-sept-iles","status":"publish","type":"post","link":"https:\/\/www.uqac.ca\/uqactualites\/2022\/04\/26\/le-dispensaire-urbain-denseignement-clinique-voit-le-jour-a-sept-iles\/","title":{"rendered":"Le Dispensaire urbain d&rsquo;enseignement clinique voit le jour \u00e0 Sept-\u00celes"},"content":{"rendered":"<p>Avec mes coll\u00e8gues vice-recteurs, nous avons eu le plaisir de nous rendre \u00e0 Sept-\u00celes hier pour annoncer un projet que l\u2019on attendait tous depuis longtemps, le Dispensaire urbain d\u2019enseignement clinique (DUEC). En compagnie des professeures de l\u2019UQAC V\u00e9ronique Roberge, directrice du Module des sciences infirmi\u00e8res et des programmes de cycles sup\u00e9rieurs IPSPL, ainsi que Chantale Th\u00e9riault, directrice de la clinique universitaire, nous sommes all\u00e9s \u00e0 la rencontre de nos partenaires, le CISSS C\u00f4te-Nord, le C\u00e9gep de Sept-\u00celes, la ville de Sept-\u00celes ainsi que la Soci\u00e9t\u00e9 du Plan Nord, pour souligner l\u2019occasion.<\/p>\n<p>Le DUEC sera une infrastructure de proximit\u00e9 am\u00e9nag\u00e9e dans les locaux du Pavillon Alouette de l\u2019UQAC sur le campus de Sept-\u00celes. Plus sp\u00e9cifiquement, le dispensaire urbain sera un centre d\u00e9di\u00e9 \u00e0 l&rsquo;enseignement clinique pour des \u00e9tudiantes infirmi\u00e8res de niveaux coll\u00e9gial et universitaire. Ces nouvelles infrastructures deviendront un lieu de stage pour nos \u00e9tudiantes permettant une pratique unique en dispensaire en r\u00e9gion \u00e9loign\u00e9e. Ces installations, permettront \u00e9galement de d\u00e9velopper la recherche, les services \u00e0 la collectivit\u00e9 et de contribuer au d\u00e9veloppement r\u00e9gional, en plus d\u2019ajouter de la valeur aux soins dispens\u00e9s aux communaut\u00e9s incluant les autochtones. Le d\u00e9but des activit\u00e9s du DUEC est pr\u00e9vu au printemps 2023.<\/p>\n<p>De voir se r\u00e9aliser un projet d\u00e9velopp\u00e9 avec les acteurs socio-\u00e9conomiques de nos milieux en r\u00e9ponse aux besoins exprim\u00e9s sur le territoire nord-c\u00f4tier depuis plusieurs ann\u00e9es me rend tr\u00e8s fier. Dans le contexte o\u00f9 le recrutement et la p\u00e9nurie de main-d\u2019\u0153uvre actuelle en soins infirmiers sont un d\u00e9fi, ce projet, je le souhaite, permettra de voir s\u2019accro\u00eetre le nombre d\u2019infirmi\u00e8res disponibles pour la population de la C\u00f4te-Nord rapidement en permettant d\u2019offrir aux infirmi\u00e8res en formation des lieux d\u2019apprentissage \u00e0 la fine pointe de la technologie et respectant les plus hauts standards de qualit\u00e9.<\/p>\n<p>F\u00e9licitations \u00e0 tous ceux et celles qui ont collabor\u00e9 de pr\u00e8s ou de loin \u00e0 ce projet en pr\u00e9paration depuis une dizaine d\u2019ann\u00e9es et longue vie au Dispensaire urbain d\u2019enseignement clinique!<\/p>\n<p>&nbsp;<\/p>\n<p>&nbsp;<\/p>\n","protected":false},"excerpt":{"rendered":"<p>Avec mes coll\u00e8gues vice-recteurs, nous avons eu le plaisir de nous rendre \u00e0 Sept-\u00celes hier pour annoncer un projet que l\u2019on attendait tous depuis longtemps, le Dispensaire urbain d\u2019enseignement clinique (DUEC). En compagnie des professeures de l\u2019UQAC V\u00e9ronique Roberge, directrice du Module des sciences infirmi\u00e8res et des programmes de cycles sup\u00e9rieurs IPSPL, ainsi que Chantale [&hellip;]<\/p>\n","protected":false},"author":10,"featured_media":172,"comment_status":"closed","ping_status":"closed","sticky":false,"template":"","format":"standard","meta":{"footnotes":""},"categories":[2792,1,2793],"tags":[],"yoast_head":"<!-- This site is optimized with the Yoast SEO plugin v24.2 - https:\/\/yoast.com\/wordpress\/plugins\/seo\/ -->\r\n<title>Le Dispensaire urbain d&#039;enseignement clinique voit le jour \u00e0 Sept-\u00celes - UQACtualit\u00e9s<\/title>\r\n<meta name=\"robots\" content=\"index, follow, max-snippet:-1, max-image-preview:large, max-video-preview:-1\" \/>\r\n<link rel=\"canonical\" href=\"https:\/\/www.uqac.ca\/uqactualites\/2022\/04\/26\/le-dispensaire-urbain-denseignement-clinique-voit-le-jour-a-sept-iles\/\" \/>\r\n<meta property=\"og:locale\" content=\"fr_CA\" \/>\r\n<meta property=\"og:type\" content=\"article\" \/>\r\n<meta property=\"og:title\" content=\"Le Dispensaire urbain d&#039;enseignement clinique voit le jour \u00e0 Sept-\u00celes - UQACtualit\u00e9s\" \/>\r\n<meta property=\"og:description\" content=\"Avec mes coll\u00e8gues vice-recteurs, nous avons eu le plaisir de nous rendre \u00e0 Sept-\u00celes hier pour annoncer un projet que l\u2019on attendait tous depuis longtemps, le Dispensaire urbain d\u2019enseignement clinique (DUEC). En compagnie des professeures de l\u2019UQAC V\u00e9ronique Roberge, directrice du Module des sciences infirmi\u00e8res et des programmes de cycles sup\u00e9rieurs IPSPL, ainsi que Chantale [&hellip;]\" \/>\r\n<meta property=\"og:url\" content=\"https:\/\/www.uqac.ca\/uqactualites\/2022\/04\/26\/le-dispensaire-urbain-denseignement-clinique-voit-le-jour-a-sept-iles\/\" \/>\r\n<meta property=\"og:site_name\" content=\"UQACtualit\u00e9s\" \/>\r\n<meta property=\"article:published_time\" content=\"2022-04-26T12:53:08+00:00\" \/>\r\n<meta property=\"article:modified_time\" content=\"2023-10-23T13:39:14+00:00\" \/>\r\n<meta property=\"og:image\" content=\"https:\/\/www.uqac.ca\/uqactualites\/wp-content\/uploads\/2022\/04\/dispensaire.png\" \/>\r\n\t<meta property=\"og:image:width\" content=\"874\" \/>\r\n\t<meta property=\"og:image:height\" content=\"535\" \/>\r\n\t<meta property=\"og:image:type\" content=\"image\/png\" \/>\r\n<meta name=\"author\" content=\"Ghislain Samson\" \/>\r\n<meta name=\"twitter:card\" content=\"summary_large_image\" \/>\r\n<meta name=\"twitter:label1\" content=\"\u00c9crit par\" \/>\n\t<meta name=\"twitter:data1\" content=\"Ghislain Samson\" \/>\n\t<meta name=\"twitter:label2\" content=\"Estimation du temps de lecture\" \/>\n\t<meta name=\"twitter:data2\" content=\"2 minutes\" \/>\r\n<script type=\"application\/ld+json\" class=\"yoast-schema-graph\">{\"@context\":\"https:\/\/schema.org\",\"@graph\":[{\"@type\":\"WebPage\",\"@id\":\"https:\/\/www.uqac.ca\/uqactualites\/2022\/04\/26\/le-dispensaire-urbain-denseignement-clinique-voit-le-jour-a-sept-iles\/\",\"url\":\"https:\/\/www.uqac.ca\/uqactualites\/2022\/04\/26\/le-dispensaire-urbain-denseignement-clinique-voit-le-jour-a-sept-iles\/\",\"name\":\"Le Dispensaire urbain d'enseignement clinique voit le jour \u00e0 Sept-\u00celes - UQACtualit\u00e9s\",\"isPartOf\":{\"@id\":\"https:\/\/www.uqac.ca\/uqactualites\/#website\"},\"primaryImageOfPage\":{\"@id\":\"https:\/\/www.uqac.ca\/uqactualites\/2022\/04\/26\/le-dispensaire-urbain-denseignement-clinique-voit-le-jour-a-sept-iles\/#primaryimage\"},\"image\":{\"@id\":\"https:\/\/www.uqac.ca\/uqactualites\/2022\/04\/26\/le-dispensaire-urbain-denseignement-clinique-voit-le-jour-a-sept-iles\/#primaryimage\"},\"thumbnailUrl\":\"https:\/\/www.uqac.ca\/uqactualites\/wp-content\/uploads\/2022\/04\/dispensaire.png\",\"datePublished\":\"2022-04-26T12:53:08+00:00\",\"dateModified\":\"2023-10-23T13:39:14+00:00\",\"author\":{\"@id\":\"https:\/\/www.uqac.ca\/uqactualites\/#\/schema\/person\/ae2225f9f23eebff67a6e899225952fb\"},\"breadcrumb\":{\"@id\":\"https:\/\/www.uqac.ca\/uqactualites\/2022\/04\/26\/le-dispensaire-urbain-denseignement-clinique-voit-le-jour-a-sept-iles\/#breadcrumb\"},\"inLanguage\":\"fr-CA\",\"potentialAction\":[{\"@type\":\"ReadAction\",\"target\":[\"https:\/\/www.uqac.ca\/uqactualites\/2022\/04\/26\/le-dispensaire-urbain-denseignement-clinique-voit-le-jour-a-sept-iles\/\"]}]},{\"@type\":\"ImageObject\",\"inLanguage\":\"fr-CA\",\"@id\":\"https:\/\/www.uqac.ca\/uqactualites\/2022\/04\/26\/le-dispensaire-urbain-denseignement-clinique-voit-le-jour-a-sept-iles\/#primaryimage\",\"url\":\"https:\/\/www.uqac.ca\/uqactualites\/wp-content\/uploads\/2022\/04\/dispensaire.png\",\"contentUrl\":\"https:\/\/www.uqac.ca\/uqactualites\/wp-content\/uploads\/2022\/04\/dispensaire.png\",\"width\":874,\"height\":535},{\"@type\":\"BreadcrumbList\",\"@id\":\"https:\/\/www.uqac.ca\/uqactualites\/2022\/04\/26\/le-dispensaire-urbain-denseignement-clinique-voit-le-jour-a-sept-iles\/#breadcrumb\",\"itemListElement\":[{\"@type\":\"ListItem\",\"position\":1,\"name\":\"Home\",\"item\":\"https:\/\/www.uqac.ca\/uqactualites\/\"},{\"@type\":\"ListItem\",\"position\":2,\"name\":\"Le Dispensaire urbain d&rsquo;enseignement clinique voit le jour \u00e0 Sept-\u00celes\"}]},{\"@type\":\"WebSite\",\"@id\":\"https:\/\/www.uqac.ca\/uqactualites\/#website\",\"url\":\"https:\/\/www.uqac.ca\/uqactualites\/\",\"name\":\"UQACtualit\u00e9s\",\"description\":\"Le portail des nouvelles de l&#039;UQAC\",\"potentialAction\":[{\"@type\":\"SearchAction\",\"target\":{\"@type\":\"EntryPoint\",\"urlTemplate\":\"https:\/\/www.uqac.ca\/uqactualites\/?s={search_term_string}\"},\"query-input\":{\"@type\":\"PropertyValueSpecification\",\"valueRequired\":true,\"valueName\":\"search_term_string\"}}],\"inLanguage\":\"fr-CA\"},{\"@type\":\"Person\",\"@id\":\"https:\/\/www.uqac.ca\/uqactualites\/#\/schema\/person\/ae2225f9f23eebff67a6e899225952fb\",\"name\":\"Ghislain Samson\",\"image\":{\"@type\":\"ImageObject\",\"inLanguage\":\"fr-CA\",\"@id\":\"https:\/\/www.uqac.ca\/uqactualites\/#\/schema\/person\/image\/\",\"url\":\"https:\/\/secure.gravatar.com\/avatar\/61ad9756d7707fefb25ed321388b2105?s=96&d=mm&r=g\",\"contentUrl\":\"https:\/\/secure.gravatar.com\/avatar\/61ad9756d7707fefb25ed321388b2105?s=96&d=mm&r=g\",\"caption\":\"Ghislain Samson\"},\"url\":\"https:\/\/www.uqac.ca\/uqactualites\/author\/gsamson\/\"}]}<\/script>\r\n<!-- \/ Yoast SEO plugin. -->","yoast_head_json":{"title":"Le Dispensaire urbain d'enseignement clinique voit le jour \u00e0 Sept-\u00celes - UQACtualit\u00e9s","robots":{"index":"index","follow":"follow","max-snippet":"max-snippet:-1","max-image-preview":"max-image-preview:large","max-video-preview":"max-video-preview:-1"},"canonical":"https:\/\/www.uqac.ca\/uqactualites\/2022\/04\/26\/le-dispensaire-urbain-denseignement-clinique-voit-le-jour-a-sept-iles\/","og_locale":"fr_CA","og_type":"article","og_title":"Le Dispensaire urbain d'enseignement clinique voit le jour \u00e0 Sept-\u00celes - UQACtualit\u00e9s","og_description":"Avec mes coll\u00e8gues vice-recteurs, nous avons eu le plaisir de nous rendre \u00e0 Sept-\u00celes hier pour annoncer un projet que l\u2019on attendait tous depuis longtemps, le Dispensaire urbain d\u2019enseignement clinique (DUEC). En compagnie des professeures de l\u2019UQAC V\u00e9ronique Roberge, directrice du Module des sciences infirmi\u00e8res et des programmes de cycles sup\u00e9rieurs IPSPL, ainsi que Chantale [&hellip;]","og_url":"https:\/\/www.uqac.ca\/uqactualites\/2022\/04\/26\/le-dispensaire-urbain-denseignement-clinique-voit-le-jour-a-sept-iles\/","og_site_name":"UQACtualit\u00e9s","article_published_time":"2022-04-26T12:53:08+00:00","article_modified_time":"2023-10-23T13:39:14+00:00","og_image":[{"width":874,"height":535,"url":"https:\/\/www.uqac.ca\/uqactualites\/wp-content\/uploads\/2022\/04\/dispensaire.png","type":"image\/png"}],"author":"Ghislain Samson","twitter_card":"summary_large_image","twitter_misc":{"\u00c9crit par":"Ghislain Samson","Estimation du temps de lecture":"2 minutes"},"schema":{"@context":"https:\/\/schema.org","@graph":[{"@type":"WebPage","@id":"https:\/\/www.uqac.ca\/uqactualites\/2022\/04\/26\/le-dispensaire-urbain-denseignement-clinique-voit-le-jour-a-sept-iles\/","url":"https:\/\/www.uqac.ca\/uqactualites\/2022\/04\/26\/le-dispensaire-urbain-denseignement-clinique-voit-le-jour-a-sept-iles\/","name":"Le Dispensaire urbain d'enseignement clinique voit le jour \u00e0 Sept-\u00celes - UQACtualit\u00e9s","isPartOf":{"@id":"https:\/\/www.uqac.ca\/uqactualites\/#website"},"primaryImageOfPage":{"@id":"https:\/\/www.uqac.ca\/uqactualites\/2022\/04\/26\/le-dispensaire-urbain-denseignement-clinique-voit-le-jour-a-sept-iles\/#primaryimage"},"image":{"@id":"https:\/\/www.uqac.ca\/uqactualites\/2022\/04\/26\/le-dispensaire-urbain-denseignement-clinique-voit-le-jour-a-sept-iles\/#primaryimage"},"thumbnailUrl":"https:\/\/www.uqac.ca\/uqactualites\/wp-content\/uploads\/2022\/04\/dispensaire.png","datePublished":"2022-04-26T12:53:08+00:00","dateModified":"2023-10-23T13:39:14+00:00","author":{"@id":"https:\/\/www.uqac.ca\/uqactualites\/#\/schema\/person\/ae2225f9f23eebff67a6e899225952fb"},"breadcrumb":{"@id":"https:\/\/www.uqac.ca\/uqactualites\/2022\/04\/26\/le-dispensaire-urbain-denseignement-clinique-voit-le-jour-a-sept-iles\/#breadcrumb"},"inLanguage":"fr-CA","potentialAction":[{"@type":"ReadAction","target":["https:\/\/www.uqac.ca\/uqactualites\/2022\/04\/26\/le-dispensaire-urbain-denseignement-clinique-voit-le-jour-a-sept-iles\/"]}]},{"@type":"ImageObject","inLanguage":"fr-CA","@id":"https:\/\/www.uqac.ca\/uqactualites\/2022\/04\/26\/le-dispensaire-urbain-denseignement-clinique-voit-le-jour-a-sept-iles\/#primaryimage","url":"https:\/\/www.uqac.ca\/uqactualites\/wp-content\/uploads\/2022\/04\/dispensaire.png","contentUrl":"https:\/\/www.uqac.ca\/uqactualites\/wp-content\/uploads\/2022\/04\/dispensaire.png","width":874,"height":535},{"@type":"BreadcrumbList","@id":"https:\/\/www.uqac.ca\/uqactualites\/2022\/04\/26\/le-dispensaire-urbain-denseignement-clinique-voit-le-jour-a-sept-iles\/#breadcrumb","itemListElement":[{"@type":"ListItem","position":1,"name":"Home","item":"https:\/\/www.uqac.ca\/uqactualites\/"},{"@type":"ListItem","position":2,"name":"Le Dispensaire urbain d&rsquo;enseignement clinique voit le jour \u00e0 Sept-\u00celes"}]},{"@type":"WebSite","@id":"https:\/\/www.uqac.ca\/uqactualites\/#website","url":"https:\/\/www.uqac.ca\/uqactualites\/","name":"UQACtualit\u00e9s","description":"Le portail des nouvelles de l&#039;UQAC","potentialAction":[{"@type":"SearchAction","target":{"@type":"EntryPoint","urlTemplate":"https:\/\/www.uqac.ca\/uqactualites\/?s={search_term_string}"},"query-input":{"@type":"PropertyValueSpecification","valueRequired":true,"valueName":"search_term_string"}}],"inLanguage":"fr-CA"},{"@type":"Person","@id":"https:\/\/www.uqac.ca\/uqactualites\/#\/schema\/person\/ae2225f9f23eebff67a6e899225952fb","name":"Ghislain Samson","image":{"@type":"ImageObject","inLanguage":"fr-CA","@id":"https:\/\/www.uqac.ca\/uqactualites\/#\/schema\/person\/image\/","url":"https:\/\/secure.gravatar.com\/avatar\/61ad9756d7707fefb25ed321388b2105?s=96&d=mm&r=g","contentUrl":"https:\/\/secure.gravatar.com\/avatar\/61ad9756d7707fefb25ed321388b2105?s=96&d=mm&r=g","caption":"Ghislain Samson"},"url":"https:\/\/www.uqac.ca\/uqactualites\/author\/gsamson\/"}]}},"_links":{"self":[{"href":"https:\/\/www.uqac.ca\/uqactualites\/wp-json\/wp\/v2\/posts\/171"}],"collection":[{"href":"https:\/\/www.uqac.ca\/uqactualites\/wp-json\/wp\/v2\/posts"}],"about":[{"href":"https:\/\/www.uqac.ca\/uqactualites\/wp-json\/wp\/v2\/types\/post"}],"author":[{"embeddable":true,"href":"https:\/\/www.uqac.ca\/uqactualites\/wp-json\/wp\/v2\/users\/10"}],"replies":[{"embeddable":true,"href":"https:\/\/www.uqac.ca\/uqactualites\/wp-json\/wp\/v2\/comments?post=171"}],"version-history":[{"count":1,"href":"https:\/\/www.uqac.ca\/uqactualites\/wp-json\/wp\/v2\/posts\/171\/revisions"}],"predecessor-version":[{"id":44866,"href":"https:\/\/www.uqac.ca\/uqactualites\/wp-json\/wp\/v2\/posts\/171\/revisions\/44866"}],"wp:featuredmedia":[{"embeddable":true,"href":"https:\/\/www.uqac.ca\/uqactualites\/wp-json\/wp\/v2\/media\/172"}],"wp:attachment":[{"href":"https:\/\/www.uqac.ca\/uqactualites\/wp-json\/wp\/v2\/media?parent=171"}],"wp:term":[{"taxonomy":"category","embeddable":true,"href":"https:\/\/www.uqac.ca\/uqactualites\/wp-json\/wp\/v2\/categories?post=171"},{"taxonomy":"post_tag","embeddable":true,"href":"https:\/\/www.uqac.ca\/uqactualites\/wp-json\/wp\/v2\/tags?post=171"}],"curies":[{"name":"wp","href":"https:\/\/api.w.org\/{rel}","templated":true}]}}