{"id":19173,"date":"2011-12-01T15:17:15","date_gmt":"2011-12-01T20:47:15","guid":{"rendered":"http:\/\/uqactualite.odev.ca\/2011\/12\/nouvelle-webserie-sur-leconomie-du-savoir-un-vent-de-changements-souffle-sur-la-region\/"},"modified":"2011-12-01T15:17:15","modified_gmt":"2011-12-01T20:47:15","slug":"nouvelle-webserie-sur-leconomie-du-savoir-un-vent-de-changements-souffle-sur-la-region","status":"publish","type":"post","link":"https:\/\/www.uqac.ca\/uqactualites\/2011\/12\/01\/nouvelle-webserie-sur-leconomie-du-savoir-un-vent-de-changements-souffle-sur-la-region\/","title":{"rendered":"Nouvelle webs\u00e9rie sur l&rsquo;\u00e9conomie du savoir &#8211; Un vent de changements souffle sur la r\u00e9gion"},"content":{"rendered":"<figure id=\"attachment_19173\" aria-describedby=\"caption-attachment-19173\" style=\"width: 300px\" class=\"wp-caption alignright\"><a href=\"http:\/\/www.uqac.ca\/wp-content\/uploads\/2012\/03\/9FnvcYe4luEtg03Z.jpg\"><img loading=\"lazy\" decoding=\"async\" class=\"size-medium wp-image-19173\" title=\"9FnvcYe4luEtg03Z\" src=\"http:\/\/www.uqac.ca\/wp-content\/uploads\/2012\/03\/9FnvcYe4luEtg03Z-300x138.jpg\" alt=\"\" width=\"300\" height=\"138\" \/><\/a><figcaption id=\"caption-attachment-19173\" class=\"wp-caption-text\">MM. Gilles Bergeron, \u00e9conomiste \u00e0 l&#039;UQAC, et Charles Tisseyre, vulgarisateur scientifique, livre leur vision dans le 1er \u00e9pisode de la nouvelle webs\u00e9rie sur l&#039;\u00e9conomie du savoir.<\/figcaption><\/figure>\n<p>Une importante mutation vers une \u00e9conomie orient\u00e9e sur le savoir est en cours, et elle changera radicalement les perspectives d&#8217;emploi pour les prochaines ann\u00e9es. Sensible \u00e0 la probl\u00e9matique, le CLS du Saguenay\u2013Lac-Saint-Jean a entrepris de l&rsquo;explorer \u00e0 travers une toute nouvelle webs\u00e9rie accessible via le site <a href=\"http:\/\/www.coulissesdelascience.tv\">www.coulissesdelascience.tv<\/a>.<\/p>\n<p>Une premi\u00e8re vid\u00e9o vient d&rsquo;ailleurs d&rsquo;\u00eatre mise en ligne. Visant essentiellement \u00e0 mettre la table en pr\u00e9sentant en termes clairs le concept d&rsquo;\u00e9conomie du savoir et les perspectives d&#8217;emploi au Saguenay\u2013Lac-Saint-Jean, cette premi\u00e8re vid\u00e9o propose \u00e9galement des pistes de solution pour la r\u00e9gion.<\/p>\n<p>Le train du changement est en marche. Selon Emploi-Qu\u00e9bec, plus de 6000 emplois seront \u00e0 pourvoir d&rsquo;ici 2014 dans les domaines de la science, de la technologie et de la sant\u00e9. Ces quinze derni\u00e8res ann\u00e9es, seuls les secteurs d&#8217;emploi li\u00e9s \u00e0 un savoir \u00e9lev\u00e9 ont connu une croissance.<\/p>\n<p>La vitesse \u00e0 laquelle ces changements s&rsquo;effectuent est \u00e9tonnante. Disposons-nous des outils pour relever les d\u00e9fis que pose cette nouvelle \u00e9conomie dans la r\u00e9gion? Les \u00e9conomies \u00e9mergentes menacent-elles notre d\u00e9veloppement \u00e9conomique? \u00c9coutez les r\u00e9ponses avanc\u00e9es notamment par l&rsquo;\u00e9conomiste Gilles Bergeron et le vulgarisateur scientifique Charles Tisseyre dans le premier \u00e9pisode de cette webs\u00e9rie sur l&rsquo;\u00e9conomie du savoir.<\/p>\n<p><strong>Perspectives d&#8217;emploi<\/strong><\/p>\n<p>Selon Jocelyn Caron, directeur du CLS, \u00ab s&rsquo;il est possible de rapidement gagner sa vie avec un dipl\u00f4me d&rsquo;\u00e9tudes professionnelles, pour assurer le d\u00e9veloppement \u00e9conomique de notre r\u00e9gion et cr\u00e9er de la richesse pour les g\u00e9n\u00e9rations futures, les employeurs ont toutefois besoin d&rsquo;une main-d&rsquo;\u0153uvre hautement qualifi\u00e9e. Des experts qui pourront offrir des biens \u00e0 valeur ajout\u00e9e pour l&rsquo;exportation et soutenir une offre de service sp\u00e9cialis\u00e9e, notamment dans les secteurs a\u00e9ronautique, pharmaceutique, de la sant\u00e9 et des technologies de l&rsquo;information et des communications \u00bb.<\/p>\n<p>Dans un contexte de mondialisation qui bouscule notre vision de l&rsquo;\u00e9conomie, des choix de carri\u00e8res s&rsquo;imposent aux jeunes. Nos entreprises doivent cr\u00e9er de nouveaux produits \u00e0 exporter et conqu\u00e9rir de nouveaux march\u00e9s pour assurer notre p\u00e9rennit\u00e9.<\/p>\n<p>\u00ab Nous entrons aujourd&rsquo;hui dans un monde nouveau qui est \u00e0 notre port\u00e9e et c&rsquo;est aux jeunes que revient le mandat de maintenir notre avance dans certains domaines pour garder la distance dans cette comp\u00e9tition \u00e9conomique internationale qui a cours. \u00bb<\/p>\n<p>Des industries et des entreprises r\u00e9gionales ont d\u00e9j\u00e0 op\u00e9r\u00e9 le virage vers une \u00e9conomie orient\u00e9 sur le savoir. Aussi, les prochaines vid\u00e9os, ayant pour th\u00e8me l&rsquo;innovation et le potentiel de d\u00e9veloppement de la main-d&rsquo;\u0153uvre dans les secteurs de l&rsquo;aluminium et du bois. d\u00e9montreront le dynamisme de la r\u00e9gion dans ces secteurs.<\/p>\n<p><strong>www.CoulissesDeLaScience.TV<\/strong><\/p>\n<p>Qu&rsquo;importe le lieu ou l&rsquo;activit\u00e9 humaine, plus rien n&rsquo;\u00e9chappe aux prouesses de la science. Son omnipr\u00e9sence dans notre environnement nous invite \u00e0 y r\u00e9fl\u00e9chir et \u00e0 en saisir les enjeux pour s&rsquo;en faire une alli\u00e9e, une partenaire du d\u00e9veloppement harmonieux de notre r\u00e9gion.<\/p>\n<p>Depuis deux ans, un portail web se consacre \u00e0 la diffusion de vid\u00e9os visant \u00e0 sensibiliser les gens de la r\u00e9gion aux carri\u00e8res en science &amp; technologie. Pr\u00e8s d&rsquo;une centaine de clips et de reportages ont ainsi \u00e9t\u00e9 mis en ligne par le CLS sp\u00e9cialement \u00e0 leur intention.<\/p>\n<p>SOURCE : Conseil du loisir scientifique<\/p>\n","protected":false},"excerpt":{"rendered":"<p>Une importante mutation vers une \u00e9conomie orient\u00e9e sur le savoir est en cours, et elle changera radicalement les perspectives d&#8217;emploi pour les prochaines ann\u00e9es. Sensible \u00e0 la probl\u00e9matique, le CLS du Saguenay\u2013Lac-Saint-Jean a entrepris de l&rsquo;explorer \u00e0 travers une toute nouvelle webs\u00e9rie accessible via le site www.coulissesdelascience.tv. Une premi\u00e8re vid\u00e9o vient d&rsquo;ailleurs d&rsquo;\u00eatre mise en [&hellip;]<\/p>\n","protected":false},"author":5,"featured_media":0,"comment_status":"closed","ping_status":"closed","sticky":false,"template":"","format":"standard","meta":{"footnotes":""},"categories":[2],"tags":[],"yoast_head":"<!-- This site is optimized with the Yoast SEO plugin v24.2 - https:\/\/yoast.com\/wordpress\/plugins\/seo\/ -->\r\n<title>Nouvelle webs\u00e9rie sur l&#039;\u00e9conomie du savoir - Un vent de changements souffle sur la r\u00e9gion - UQACtualit\u00e9s<\/title>\r\n<meta name=\"robots\" content=\"index, follow, max-snippet:-1, max-image-preview:large, max-video-preview:-1\" \/>\r\n<link rel=\"canonical\" href=\"https:\/\/www.uqac.ca\/uqactualites\/2011\/12\/01\/nouvelle-webserie-sur-leconomie-du-savoir-un-vent-de-changements-souffle-sur-la-region\/\" \/>\r\n<meta property=\"og:locale\" content=\"fr_CA\" \/>\r\n<meta property=\"og:type\" content=\"article\" \/>\r\n<meta property=\"og:title\" content=\"Nouvelle webs\u00e9rie sur l&#039;\u00e9conomie du savoir - Un vent de changements souffle sur la r\u00e9gion - UQACtualit\u00e9s\" \/>\r\n<meta property=\"og:description\" content=\"Une importante mutation vers une \u00e9conomie orient\u00e9e sur le savoir est en cours, et elle changera radicalement les perspectives d&#8217;emploi pour les prochaines ann\u00e9es. Sensible \u00e0 la probl\u00e9matique, le CLS du Saguenay\u2013Lac-Saint-Jean a entrepris de l&rsquo;explorer \u00e0 travers une toute nouvelle webs\u00e9rie accessible via le site www.coulissesdelascience.tv. Une premi\u00e8re vid\u00e9o vient d&rsquo;ailleurs d&rsquo;\u00eatre mise en [&hellip;]\" \/>\r\n<meta property=\"og:url\" content=\"https:\/\/www.uqac.ca\/uqactualites\/2011\/12\/01\/nouvelle-webserie-sur-leconomie-du-savoir-un-vent-de-changements-souffle-sur-la-region\/\" \/>\r\n<meta property=\"og:site_name\" content=\"UQACtualit\u00e9s\" \/>\r\n<meta property=\"article:published_time\" content=\"2011-12-01T20:47:15+00:00\" \/>\r\n<meta property=\"og:image\" content=\"http:\/\/www.uqac.ca\/wp-content\/uploads\/2012\/03\/9FnvcYe4luEtg03Z-300x138.jpg\" \/>\r\n<meta name=\"author\" content=\"Service des communications et des relations publiques\" \/>\r\n<meta name=\"twitter:card\" content=\"summary_large_image\" \/>\r\n<meta name=\"twitter:label1\" content=\"\u00c9crit par\" \/>\n\t<meta name=\"twitter:data1\" content=\"Service des communications et des relations publiques\" \/>\n\t<meta name=\"twitter:label2\" content=\"Estimation du temps de lecture\" \/>\n\t<meta name=\"twitter:data2\" content=\"3 minutes\" \/>\r\n<script type=\"application\/ld+json\" class=\"yoast-schema-graph\">{\"@context\":\"https:\/\/schema.org\",\"@graph\":[{\"@type\":\"WebPage\",\"@id\":\"https:\/\/www.uqac.ca\/uqactualites\/2011\/12\/01\/nouvelle-webserie-sur-leconomie-du-savoir-un-vent-de-changements-souffle-sur-la-region\/\",\"url\":\"https:\/\/www.uqac.ca\/uqactualites\/2011\/12\/01\/nouvelle-webserie-sur-leconomie-du-savoir-un-vent-de-changements-souffle-sur-la-region\/\",\"name\":\"Nouvelle webs\u00e9rie sur l'\u00e9conomie du savoir - Un vent de changements souffle sur la r\u00e9gion - UQACtualit\u00e9s\",\"isPartOf\":{\"@id\":\"https:\/\/www.uqac.ca\/uqactualites\/#website\"},\"primaryImageOfPage\":{\"@id\":\"https:\/\/www.uqac.ca\/uqactualites\/2011\/12\/01\/nouvelle-webserie-sur-leconomie-du-savoir-un-vent-de-changements-souffle-sur-la-region\/#primaryimage\"},\"image\":{\"@id\":\"https:\/\/www.uqac.ca\/uqactualites\/2011\/12\/01\/nouvelle-webserie-sur-leconomie-du-savoir-un-vent-de-changements-souffle-sur-la-region\/#primaryimage\"},\"thumbnailUrl\":\"http:\/\/www.uqac.ca\/wp-content\/uploads\/2012\/03\/9FnvcYe4luEtg03Z-300x138.jpg\",\"datePublished\":\"2011-12-01T20:47:15+00:00\",\"dateModified\":\"2011-12-01T20:47:15+00:00\",\"author\":{\"@id\":\"https:\/\/www.uqac.ca\/uqactualites\/#\/schema\/person\/366c45a0c4f0e677b41b4af5886e2018\"},\"breadcrumb\":{\"@id\":\"https:\/\/www.uqac.ca\/uqactualites\/2011\/12\/01\/nouvelle-webserie-sur-leconomie-du-savoir-un-vent-de-changements-souffle-sur-la-region\/#breadcrumb\"},\"inLanguage\":\"fr-CA\",\"potentialAction\":[{\"@type\":\"ReadAction\",\"target\":[\"https:\/\/www.uqac.ca\/uqactualites\/2011\/12\/01\/nouvelle-webserie-sur-leconomie-du-savoir-un-vent-de-changements-souffle-sur-la-region\/\"]}]},{\"@type\":\"ImageObject\",\"inLanguage\":\"fr-CA\",\"@id\":\"https:\/\/www.uqac.ca\/uqactualites\/2011\/12\/01\/nouvelle-webserie-sur-leconomie-du-savoir-un-vent-de-changements-souffle-sur-la-region\/#primaryimage\",\"url\":\"http:\/\/www.uqac.ca\/wp-content\/uploads\/2012\/03\/9FnvcYe4luEtg03Z-300x138.jpg\",\"contentUrl\":\"http:\/\/www.uqac.ca\/wp-content\/uploads\/2012\/03\/9FnvcYe4luEtg03Z-300x138.jpg\"},{\"@type\":\"BreadcrumbList\",\"@id\":\"https:\/\/www.uqac.ca\/uqactualites\/2011\/12\/01\/nouvelle-webserie-sur-leconomie-du-savoir-un-vent-de-changements-souffle-sur-la-region\/#breadcrumb\",\"itemListElement\":[{\"@type\":\"ListItem\",\"position\":1,\"name\":\"Home\",\"item\":\"https:\/\/www.uqac.ca\/uqactualites\/\"},{\"@type\":\"ListItem\",\"position\":2,\"name\":\"Nouvelle webs\u00e9rie sur l&rsquo;\u00e9conomie du savoir &#8211; Un vent de changements souffle sur la r\u00e9gion\"}]},{\"@type\":\"WebSite\",\"@id\":\"https:\/\/www.uqac.ca\/uqactualites\/#website\",\"url\":\"https:\/\/www.uqac.ca\/uqactualites\/\",\"name\":\"UQACtualit\u00e9s\",\"description\":\"Le portail des nouvelles de l&#039;UQAC\",\"potentialAction\":[{\"@type\":\"SearchAction\",\"target\":{\"@type\":\"EntryPoint\",\"urlTemplate\":\"https:\/\/www.uqac.ca\/uqactualites\/?s={search_term_string}\"},\"query-input\":{\"@type\":\"PropertyValueSpecification\",\"valueRequired\":true,\"valueName\":\"search_term_string\"}}],\"inLanguage\":\"fr-CA\"},{\"@type\":\"Person\",\"@id\":\"https:\/\/www.uqac.ca\/uqactualites\/#\/schema\/person\/366c45a0c4f0e677b41b4af5886e2018\",\"name\":\"Service des communications et des relations publiques\",\"image\":{\"@type\":\"ImageObject\",\"inLanguage\":\"fr-CA\",\"@id\":\"https:\/\/www.uqac.ca\/uqactualites\/#\/schema\/person\/image\/\",\"url\":\"https:\/\/secure.gravatar.com\/avatar\/20fbbda8a292f59f2d3461a5b999c00b?s=96&d=mm&r=g\",\"contentUrl\":\"https:\/\/secure.gravatar.com\/avatar\/20fbbda8a292f59f2d3461a5b999c00b?s=96&d=mm&r=g\",\"caption\":\"Service des communications et des relations publiques\"},\"url\":\"https:\/\/www.uqac.ca\/uqactualites\/author\/bap\/\"}]}<\/script>\r\n<!-- \/ Yoast SEO plugin. -->","yoast_head_json":{"title":"Nouvelle webs\u00e9rie sur l'\u00e9conomie du savoir - Un vent de changements souffle sur la r\u00e9gion - UQACtualit\u00e9s","robots":{"index":"index","follow":"follow","max-snippet":"max-snippet:-1","max-image-preview":"max-image-preview:large","max-video-preview":"max-video-preview:-1"},"canonical":"https:\/\/www.uqac.ca\/uqactualites\/2011\/12\/01\/nouvelle-webserie-sur-leconomie-du-savoir-un-vent-de-changements-souffle-sur-la-region\/","og_locale":"fr_CA","og_type":"article","og_title":"Nouvelle webs\u00e9rie sur l'\u00e9conomie du savoir - Un vent de changements souffle sur la r\u00e9gion - UQACtualit\u00e9s","og_description":"Une importante mutation vers une \u00e9conomie orient\u00e9e sur le savoir est en cours, et elle changera radicalement les perspectives d&#8217;emploi pour les prochaines ann\u00e9es. Sensible \u00e0 la probl\u00e9matique, le CLS du Saguenay\u2013Lac-Saint-Jean a entrepris de l&rsquo;explorer \u00e0 travers une toute nouvelle webs\u00e9rie accessible via le site www.coulissesdelascience.tv. Une premi\u00e8re vid\u00e9o vient d&rsquo;ailleurs d&rsquo;\u00eatre mise en [&hellip;]","og_url":"https:\/\/www.uqac.ca\/uqactualites\/2011\/12\/01\/nouvelle-webserie-sur-leconomie-du-savoir-un-vent-de-changements-souffle-sur-la-region\/","og_site_name":"UQACtualit\u00e9s","article_published_time":"2011-12-01T20:47:15+00:00","og_image":[{"url":"http:\/\/www.uqac.ca\/wp-content\/uploads\/2012\/03\/9FnvcYe4luEtg03Z-300x138.jpg","type":"","width":"","height":""}],"author":"Service des communications et des relations publiques","twitter_card":"summary_large_image","twitter_misc":{"\u00c9crit par":"Service des communications et des relations publiques","Estimation du temps de lecture":"3 minutes"},"schema":{"@context":"https:\/\/schema.org","@graph":[{"@type":"WebPage","@id":"https:\/\/www.uqac.ca\/uqactualites\/2011\/12\/01\/nouvelle-webserie-sur-leconomie-du-savoir-un-vent-de-changements-souffle-sur-la-region\/","url":"https:\/\/www.uqac.ca\/uqactualites\/2011\/12\/01\/nouvelle-webserie-sur-leconomie-du-savoir-un-vent-de-changements-souffle-sur-la-region\/","name":"Nouvelle webs\u00e9rie sur l'\u00e9conomie du savoir - Un vent de changements souffle sur la r\u00e9gion - UQACtualit\u00e9s","isPartOf":{"@id":"https:\/\/www.uqac.ca\/uqactualites\/#website"},"primaryImageOfPage":{"@id":"https:\/\/www.uqac.ca\/uqactualites\/2011\/12\/01\/nouvelle-webserie-sur-leconomie-du-savoir-un-vent-de-changements-souffle-sur-la-region\/#primaryimage"},"image":{"@id":"https:\/\/www.uqac.ca\/uqactualites\/2011\/12\/01\/nouvelle-webserie-sur-leconomie-du-savoir-un-vent-de-changements-souffle-sur-la-region\/#primaryimage"},"thumbnailUrl":"http:\/\/www.uqac.ca\/wp-content\/uploads\/2012\/03\/9FnvcYe4luEtg03Z-300x138.jpg","datePublished":"2011-12-01T20:47:15+00:00","dateModified":"2011-12-01T20:47:15+00:00","author":{"@id":"https:\/\/www.uqac.ca\/uqactualites\/#\/schema\/person\/366c45a0c4f0e677b41b4af5886e2018"},"breadcrumb":{"@id":"https:\/\/www.uqac.ca\/uqactualites\/2011\/12\/01\/nouvelle-webserie-sur-leconomie-du-savoir-un-vent-de-changements-souffle-sur-la-region\/#breadcrumb"},"inLanguage":"fr-CA","potentialAction":[{"@type":"ReadAction","target":["https:\/\/www.uqac.ca\/uqactualites\/2011\/12\/01\/nouvelle-webserie-sur-leconomie-du-savoir-un-vent-de-changements-souffle-sur-la-region\/"]}]},{"@type":"ImageObject","inLanguage":"fr-CA","@id":"https:\/\/www.uqac.ca\/uqactualites\/2011\/12\/01\/nouvelle-webserie-sur-leconomie-du-savoir-un-vent-de-changements-souffle-sur-la-region\/#primaryimage","url":"http:\/\/www.uqac.ca\/wp-content\/uploads\/2012\/03\/9FnvcYe4luEtg03Z-300x138.jpg","contentUrl":"http:\/\/www.uqac.ca\/wp-content\/uploads\/2012\/03\/9FnvcYe4luEtg03Z-300x138.jpg"},{"@type":"BreadcrumbList","@id":"https:\/\/www.uqac.ca\/uqactualites\/2011\/12\/01\/nouvelle-webserie-sur-leconomie-du-savoir-un-vent-de-changements-souffle-sur-la-region\/#breadcrumb","itemListElement":[{"@type":"ListItem","position":1,"name":"Home","item":"https:\/\/www.uqac.ca\/uqactualites\/"},{"@type":"ListItem","position":2,"name":"Nouvelle webs\u00e9rie sur l&rsquo;\u00e9conomie du savoir &#8211; Un vent de changements souffle sur la r\u00e9gion"}]},{"@type":"WebSite","@id":"https:\/\/www.uqac.ca\/uqactualites\/#website","url":"https:\/\/www.uqac.ca\/uqactualites\/","name":"UQACtualit\u00e9s","description":"Le portail des nouvelles de l&#039;UQAC","potentialAction":[{"@type":"SearchAction","target":{"@type":"EntryPoint","urlTemplate":"https:\/\/www.uqac.ca\/uqactualites\/?s={search_term_string}"},"query-input":{"@type":"PropertyValueSpecification","valueRequired":true,"valueName":"search_term_string"}}],"inLanguage":"fr-CA"},{"@type":"Person","@id":"https:\/\/www.uqac.ca\/uqactualites\/#\/schema\/person\/366c45a0c4f0e677b41b4af5886e2018","name":"Service des communications et des relations publiques","image":{"@type":"ImageObject","inLanguage":"fr-CA","@id":"https:\/\/www.uqac.ca\/uqactualites\/#\/schema\/person\/image\/","url":"https:\/\/secure.gravatar.com\/avatar\/20fbbda8a292f59f2d3461a5b999c00b?s=96&d=mm&r=g","contentUrl":"https:\/\/secure.gravatar.com\/avatar\/20fbbda8a292f59f2d3461a5b999c00b?s=96&d=mm&r=g","caption":"Service des communications et des relations publiques"},"url":"https:\/\/www.uqac.ca\/uqactualites\/author\/bap\/"}]}},"_links":{"self":[{"href":"https:\/\/www.uqac.ca\/uqactualites\/wp-json\/wp\/v2\/posts\/19173"}],"collection":[{"href":"https:\/\/www.uqac.ca\/uqactualites\/wp-json\/wp\/v2\/posts"}],"about":[{"href":"https:\/\/www.uqac.ca\/uqactualites\/wp-json\/wp\/v2\/types\/post"}],"author":[{"embeddable":true,"href":"https:\/\/www.uqac.ca\/uqactualites\/wp-json\/wp\/v2\/users\/5"}],"replies":[{"embeddable":true,"href":"https:\/\/www.uqac.ca\/uqactualites\/wp-json\/wp\/v2\/comments?post=19173"}],"version-history":[{"count":0,"href":"https:\/\/www.uqac.ca\/uqactualites\/wp-json\/wp\/v2\/posts\/19173\/revisions"}],"wp:attachment":[{"href":"https:\/\/www.uqac.ca\/uqactualites\/wp-json\/wp\/v2\/media?parent=19173"}],"wp:term":[{"taxonomy":"category","embeddable":true,"href":"https:\/\/www.uqac.ca\/uqactualites\/wp-json\/wp\/v2\/categories?post=19173"},{"taxonomy":"post_tag","embeddable":true,"href":"https:\/\/www.uqac.ca\/uqactualites\/wp-json\/wp\/v2\/tags?post=19173"}],"curies":[{"name":"wp","href":"https:\/\/api.w.org\/{rel}","templated":true}]}}