{"id":19174,"date":"2011-12-01T13:31:43","date_gmt":"2011-12-01T19:01:43","guid":{"rendered":"http:\/\/uqactualite.odev.ca\/2011\/12\/un-juste-prix-pour-lenergie-du-quebec-un-nouvel-ouvrage-sur-leconomie-reliee-aux-ressources-energetiques-signe-marc-urbain-proulx-et-diane-brassard\/"},"modified":"2011-12-01T13:31:43","modified_gmt":"2011-12-01T19:01:43","slug":"un-juste-prix-pour-lenergie-du-quebec-un-nouvel-ouvrage-sur-leconomie-reliee-aux-ressources-energetiques-signe-marc-urbain-proulx-et-diane-brassard","status":"publish","type":"post","link":"https:\/\/www.uqac.ca\/uqactualites\/2011\/12\/01\/un-juste-prix-pour-lenergie-du-quebec-un-nouvel-ouvrage-sur-leconomie-reliee-aux-ressources-energetiques-signe-marc-urbain-proulx-et-diane-brassard\/","title":{"rendered":"\u00ab Un juste prix pour l&rsquo;\u00e9nergie du Qu\u00e9bec? \u00bb Un nouvel ouvrage sur l&rsquo;\u00e9conomie reli\u00e9e aux ressources \u00e9nerg\u00e9tiques sign\u00e9 Marc-Urbain Proulx et Diane Brassard"},"content":{"rendered":"<figure id=\"attachment_19174\" aria-describedby=\"caption-attachment-19174\" style=\"width: 300px\" class=\"wp-caption alignright\"><a href=\"http:\/\/www.uqac.ca\/wp-content\/uploads\/2012\/03\/uklhxG2lfDs9dBEX.jpg\"><img loading=\"lazy\" decoding=\"async\" class=\"size-medium wp-image-19174\" title=\"uklhxG2lfDs9dBEX\" src=\"http:\/\/www.uqac.ca\/wp-content\/uploads\/2012\/03\/uklhxG2lfDs9dBEX-300x224.jpg\" alt=\"\" width=\"300\" height=\"224\" \/><\/a><figcaption id=\"caption-attachment-19174\" class=\"wp-caption-text\">Professeur et chercheur en \u00e9conomie r\u00e9gionale de renomm\u00e9e mondiale, Monsieur Marc-Urbain Proulx est aussi l&#039;auteur de plusieurs livres scientifiques et p\u00e9dagogiques sur le d\u00e9veloppement local et r\u00e9gional. Depuis 2005, Madame Diane Brassard oeuvre au CRDT de l&#039;UQAC comme professionnelle de recherche dans le cadre du projet Vision 2025.<\/figcaption><\/figure>\n<p>Monsieur Marc-Urbain Proulx, professeur titulaire en \u00e9conomie r\u00e9gionale \u00e0 l&rsquo;Universit\u00e9 du Qu\u00e9bec \u00e0 Chicoutimi (UQAC) et directeur scientifique du Centre de recherche sur le d\u00e9veloppement territorial (CRDT) et madame Diane Brassard, professionnelle de recherche au sein du CRDT de l&rsquo;UQAC ont lanc\u00e9 leur ouvrage intitul\u00e9<strong> \u00ab Un juste prix pour l&rsquo;\u00e9nergie du Qu\u00e9bec? \u00bb<\/strong>publi\u00e9 aux Presses de l&rsquo;Universit\u00e9 du Qu\u00e9bec.<\/p>\n<p>De tr\u00e8s nombreux d\u00e9bats sur l&rsquo;\u00e9nergie suscitent pr\u00e9sentement l&rsquo;int\u00e9r\u00eat de la population dans les diff\u00e9rentes r\u00e9gions du Qu\u00e9bec. Mais avons-nous vraiment une vision d&rsquo;ensemble et connaissons-nous l&rsquo;immense potentiel \u00e9nerg\u00e9tique du Qu\u00e9bec? Les Qu\u00e9b\u00e9cois obtiennent-ils un juste prix pour leurs importantes ressources \u00e9nerg\u00e9tiques, exploit\u00e9es ou non? Pourrions-nous relancer le d\u00e9veloppement \u00e9conomique des r\u00e9gions \u00e0 partir de leurs ressources \u00e9nerg\u00e9tiques sp\u00e9cifiques?<\/p>\n<p><strong>\u00ab Un juste prix pour l&rsquo;\u00e9nergie du Qu\u00e9bec? \u00bb <\/strong>propose des pistes de r\u00e9flexion sur les habitudes de consommation li\u00e9es aux ressources \u00e9nerg\u00e9tiques au sein de la population qu\u00e9b\u00e9coise, tout en d\u00e9voilant des informations qui pourraient en surprendre plus d&rsquo;un.<\/p>\n<p>Disponible d\u00e8s aujourd&rsquo;hui \u00e0 la COOPSCO de l&rsquo;UQAC.<\/p>\n<p><a href=\"http:\/\/www.uqac.ca\/wp-content\/uploads\/2012\/03\/963CaY16YU1eZmj2.jpg\"><img loading=\"lazy\" decoding=\"async\" class=\"size-medium wp-image-19174\" title=\"963CaY16YU1eZmj2\" src=\"http:\/\/www.uqac.ca\/wp-content\/uploads\/2012\/03\/963CaY16YU1eZmj2-241x300.jpg\" alt=\"\" width=\"241\" height=\"300\" \/><\/a><\/p>\n","protected":false},"excerpt":{"rendered":"<p>Monsieur Marc-Urbain Proulx, professeur titulaire en \u00e9conomie r\u00e9gionale \u00e0 l&rsquo;Universit\u00e9 du Qu\u00e9bec \u00e0 Chicoutimi (UQAC) et directeur scientifique du Centre de recherche sur le d\u00e9veloppement territorial (CRDT) et madame Diane Brassard, professionnelle de recherche au sein du CRDT de l&rsquo;UQAC ont lanc\u00e9 leur ouvrage intitul\u00e9 \u00ab Un juste prix pour l&rsquo;\u00e9nergie du Qu\u00e9bec? \u00bbpubli\u00e9 aux [&hellip;]<\/p>\n","protected":false},"author":5,"featured_media":0,"comment_status":"closed","ping_status":"closed","sticky":false,"template":"","format":"standard","meta":{"footnotes":""},"categories":[25],"tags":[],"yoast_head":"<!-- This site is optimized with the Yoast SEO plugin v24.2 - https:\/\/yoast.com\/wordpress\/plugins\/seo\/ -->\r\n<title>\u00ab Un juste prix pour l&#039;\u00e9nergie du Qu\u00e9bec? \u00bb Un nouvel ouvrage sur l&#039;\u00e9conomie reli\u00e9e aux ressources \u00e9nerg\u00e9tiques sign\u00e9 Marc-Urbain Proulx et Diane Brassard - UQACtualit\u00e9s<\/title>\r\n<meta name=\"robots\" content=\"index, follow, max-snippet:-1, max-image-preview:large, max-video-preview:-1\" \/>\r\n<link rel=\"canonical\" href=\"https:\/\/www.uqac.ca\/uqactualites\/2011\/12\/01\/un-juste-prix-pour-lenergie-du-quebec-un-nouvel-ouvrage-sur-leconomie-reliee-aux-ressources-energetiques-signe-marc-urbain-proulx-et-diane-brassard\/\" \/>\r\n<meta property=\"og:locale\" content=\"fr_CA\" \/>\r\n<meta property=\"og:type\" content=\"article\" \/>\r\n<meta property=\"og:title\" content=\"\u00ab Un juste prix pour l&#039;\u00e9nergie du Qu\u00e9bec? \u00bb Un nouvel ouvrage sur l&#039;\u00e9conomie reli\u00e9e aux ressources \u00e9nerg\u00e9tiques sign\u00e9 Marc-Urbain Proulx et Diane Brassard - UQACtualit\u00e9s\" \/>\r\n<meta property=\"og:description\" content=\"Monsieur Marc-Urbain Proulx, professeur titulaire en \u00e9conomie r\u00e9gionale \u00e0 l&rsquo;Universit\u00e9 du Qu\u00e9bec \u00e0 Chicoutimi (UQAC) et directeur scientifique du Centre de recherche sur le d\u00e9veloppement territorial (CRDT) et madame Diane Brassard, professionnelle de recherche au sein du CRDT de l&rsquo;UQAC ont lanc\u00e9 leur ouvrage intitul\u00e9 \u00ab Un juste prix pour l&rsquo;\u00e9nergie du Qu\u00e9bec? \u00bbpubli\u00e9 aux [&hellip;]\" \/>\r\n<meta property=\"og:url\" content=\"https:\/\/www.uqac.ca\/uqactualites\/2011\/12\/01\/un-juste-prix-pour-lenergie-du-quebec-un-nouvel-ouvrage-sur-leconomie-reliee-aux-ressources-energetiques-signe-marc-urbain-proulx-et-diane-brassard\/\" \/>\r\n<meta property=\"og:site_name\" content=\"UQACtualit\u00e9s\" \/>\r\n<meta property=\"article:published_time\" content=\"2011-12-01T19:01:43+00:00\" \/>\r\n<meta property=\"og:image\" content=\"http:\/\/www.uqac.ca\/wp-content\/uploads\/2012\/03\/uklhxG2lfDs9dBEX-300x224.jpg\" \/>\r\n<meta name=\"author\" content=\"Service des communications et des relations publiques\" \/>\r\n<meta name=\"twitter:card\" content=\"summary_large_image\" \/>\r\n<meta name=\"twitter:label1\" content=\"\u00c9crit par\" \/>\n\t<meta name=\"twitter:data1\" content=\"Service des communications et des relations publiques\" \/>\n\t<meta name=\"twitter:label2\" content=\"Estimation du temps de lecture\" \/>\n\t<meta name=\"twitter:data2\" content=\"1 minute\" \/>\r\n<script type=\"application\/ld+json\" class=\"yoast-schema-graph\">{\"@context\":\"https:\/\/schema.org\",\"@graph\":[{\"@type\":\"WebPage\",\"@id\":\"https:\/\/www.uqac.ca\/uqactualites\/2011\/12\/01\/un-juste-prix-pour-lenergie-du-quebec-un-nouvel-ouvrage-sur-leconomie-reliee-aux-ressources-energetiques-signe-marc-urbain-proulx-et-diane-brassard\/\",\"url\":\"https:\/\/www.uqac.ca\/uqactualites\/2011\/12\/01\/un-juste-prix-pour-lenergie-du-quebec-un-nouvel-ouvrage-sur-leconomie-reliee-aux-ressources-energetiques-signe-marc-urbain-proulx-et-diane-brassard\/\",\"name\":\"\u00ab Un juste prix pour l'\u00e9nergie du Qu\u00e9bec? \u00bb Un nouvel ouvrage sur l'\u00e9conomie reli\u00e9e aux ressources \u00e9nerg\u00e9tiques sign\u00e9 Marc-Urbain Proulx et Diane Brassard - UQACtualit\u00e9s\",\"isPartOf\":{\"@id\":\"https:\/\/www.uqac.ca\/uqactualites\/#website\"},\"primaryImageOfPage\":{\"@id\":\"https:\/\/www.uqac.ca\/uqactualites\/2011\/12\/01\/un-juste-prix-pour-lenergie-du-quebec-un-nouvel-ouvrage-sur-leconomie-reliee-aux-ressources-energetiques-signe-marc-urbain-proulx-et-diane-brassard\/#primaryimage\"},\"image\":{\"@id\":\"https:\/\/www.uqac.ca\/uqactualites\/2011\/12\/01\/un-juste-prix-pour-lenergie-du-quebec-un-nouvel-ouvrage-sur-leconomie-reliee-aux-ressources-energetiques-signe-marc-urbain-proulx-et-diane-brassard\/#primaryimage\"},\"thumbnailUrl\":\"http:\/\/www.uqac.ca\/wp-content\/uploads\/2012\/03\/uklhxG2lfDs9dBEX-300x224.jpg\",\"datePublished\":\"2011-12-01T19:01:43+00:00\",\"dateModified\":\"2011-12-01T19:01:43+00:00\",\"author\":{\"@id\":\"https:\/\/www.uqac.ca\/uqactualites\/#\/schema\/person\/366c45a0c4f0e677b41b4af5886e2018\"},\"breadcrumb\":{\"@id\":\"https:\/\/www.uqac.ca\/uqactualites\/2011\/12\/01\/un-juste-prix-pour-lenergie-du-quebec-un-nouvel-ouvrage-sur-leconomie-reliee-aux-ressources-energetiques-signe-marc-urbain-proulx-et-diane-brassard\/#breadcrumb\"},\"inLanguage\":\"fr-CA\",\"potentialAction\":[{\"@type\":\"ReadAction\",\"target\":[\"https:\/\/www.uqac.ca\/uqactualites\/2011\/12\/01\/un-juste-prix-pour-lenergie-du-quebec-un-nouvel-ouvrage-sur-leconomie-reliee-aux-ressources-energetiques-signe-marc-urbain-proulx-et-diane-brassard\/\"]}]},{\"@type\":\"ImageObject\",\"inLanguage\":\"fr-CA\",\"@id\":\"https:\/\/www.uqac.ca\/uqactualites\/2011\/12\/01\/un-juste-prix-pour-lenergie-du-quebec-un-nouvel-ouvrage-sur-leconomie-reliee-aux-ressources-energetiques-signe-marc-urbain-proulx-et-diane-brassard\/#primaryimage\",\"url\":\"http:\/\/www.uqac.ca\/wp-content\/uploads\/2012\/03\/uklhxG2lfDs9dBEX-300x224.jpg\",\"contentUrl\":\"http:\/\/www.uqac.ca\/wp-content\/uploads\/2012\/03\/uklhxG2lfDs9dBEX-300x224.jpg\"},{\"@type\":\"BreadcrumbList\",\"@id\":\"https:\/\/www.uqac.ca\/uqactualites\/2011\/12\/01\/un-juste-prix-pour-lenergie-du-quebec-un-nouvel-ouvrage-sur-leconomie-reliee-aux-ressources-energetiques-signe-marc-urbain-proulx-et-diane-brassard\/#breadcrumb\",\"itemListElement\":[{\"@type\":\"ListItem\",\"position\":1,\"name\":\"Home\",\"item\":\"https:\/\/www.uqac.ca\/uqactualites\/\"},{\"@type\":\"ListItem\",\"position\":2,\"name\":\"\u00ab Un juste prix pour l&rsquo;\u00e9nergie du Qu\u00e9bec? \u00bb Un nouvel ouvrage sur l&rsquo;\u00e9conomie reli\u00e9e aux ressources \u00e9nerg\u00e9tiques sign\u00e9 Marc-Urbain Proulx et Diane Brassard\"}]},{\"@type\":\"WebSite\",\"@id\":\"https:\/\/www.uqac.ca\/uqactualites\/#website\",\"url\":\"https:\/\/www.uqac.ca\/uqactualites\/\",\"name\":\"UQACtualit\u00e9s\",\"description\":\"Le portail des nouvelles de l&#039;UQAC\",\"potentialAction\":[{\"@type\":\"SearchAction\",\"target\":{\"@type\":\"EntryPoint\",\"urlTemplate\":\"https:\/\/www.uqac.ca\/uqactualites\/?s={search_term_string}\"},\"query-input\":{\"@type\":\"PropertyValueSpecification\",\"valueRequired\":true,\"valueName\":\"search_term_string\"}}],\"inLanguage\":\"fr-CA\"},{\"@type\":\"Person\",\"@id\":\"https:\/\/www.uqac.ca\/uqactualites\/#\/schema\/person\/366c45a0c4f0e677b41b4af5886e2018\",\"name\":\"Service des communications et des relations publiques\",\"image\":{\"@type\":\"ImageObject\",\"inLanguage\":\"fr-CA\",\"@id\":\"https:\/\/www.uqac.ca\/uqactualites\/#\/schema\/person\/image\/\",\"url\":\"https:\/\/secure.gravatar.com\/avatar\/20fbbda8a292f59f2d3461a5b999c00b?s=96&d=mm&r=g\",\"contentUrl\":\"https:\/\/secure.gravatar.com\/avatar\/20fbbda8a292f59f2d3461a5b999c00b?s=96&d=mm&r=g\",\"caption\":\"Service des communications et des relations publiques\"},\"url\":\"https:\/\/www.uqac.ca\/uqactualites\/author\/bap\/\"}]}<\/script>\r\n<!-- \/ Yoast SEO plugin. -->","yoast_head_json":{"title":"\u00ab Un juste prix pour l'\u00e9nergie du Qu\u00e9bec? \u00bb Un nouvel ouvrage sur l'\u00e9conomie reli\u00e9e aux ressources \u00e9nerg\u00e9tiques sign\u00e9 Marc-Urbain Proulx et Diane Brassard - UQACtualit\u00e9s","robots":{"index":"index","follow":"follow","max-snippet":"max-snippet:-1","max-image-preview":"max-image-preview:large","max-video-preview":"max-video-preview:-1"},"canonical":"https:\/\/www.uqac.ca\/uqactualites\/2011\/12\/01\/un-juste-prix-pour-lenergie-du-quebec-un-nouvel-ouvrage-sur-leconomie-reliee-aux-ressources-energetiques-signe-marc-urbain-proulx-et-diane-brassard\/","og_locale":"fr_CA","og_type":"article","og_title":"\u00ab Un juste prix pour l'\u00e9nergie du Qu\u00e9bec? \u00bb Un nouvel ouvrage sur l'\u00e9conomie reli\u00e9e aux ressources \u00e9nerg\u00e9tiques sign\u00e9 Marc-Urbain Proulx et Diane Brassard - UQACtualit\u00e9s","og_description":"Monsieur Marc-Urbain Proulx, professeur titulaire en \u00e9conomie r\u00e9gionale \u00e0 l&rsquo;Universit\u00e9 du Qu\u00e9bec \u00e0 Chicoutimi (UQAC) et directeur scientifique du Centre de recherche sur le d\u00e9veloppement territorial (CRDT) et madame Diane Brassard, professionnelle de recherche au sein du CRDT de l&rsquo;UQAC ont lanc\u00e9 leur ouvrage intitul\u00e9 \u00ab Un juste prix pour l&rsquo;\u00e9nergie du Qu\u00e9bec? \u00bbpubli\u00e9 aux [&hellip;]","og_url":"https:\/\/www.uqac.ca\/uqactualites\/2011\/12\/01\/un-juste-prix-pour-lenergie-du-quebec-un-nouvel-ouvrage-sur-leconomie-reliee-aux-ressources-energetiques-signe-marc-urbain-proulx-et-diane-brassard\/","og_site_name":"UQACtualit\u00e9s","article_published_time":"2011-12-01T19:01:43+00:00","og_image":[{"url":"http:\/\/www.uqac.ca\/wp-content\/uploads\/2012\/03\/uklhxG2lfDs9dBEX-300x224.jpg","type":"","width":"","height":""}],"author":"Service des communications et des relations publiques","twitter_card":"summary_large_image","twitter_misc":{"\u00c9crit par":"Service des communications et des relations publiques","Estimation du temps de lecture":"1 minute"},"schema":{"@context":"https:\/\/schema.org","@graph":[{"@type":"WebPage","@id":"https:\/\/www.uqac.ca\/uqactualites\/2011\/12\/01\/un-juste-prix-pour-lenergie-du-quebec-un-nouvel-ouvrage-sur-leconomie-reliee-aux-ressources-energetiques-signe-marc-urbain-proulx-et-diane-brassard\/","url":"https:\/\/www.uqac.ca\/uqactualites\/2011\/12\/01\/un-juste-prix-pour-lenergie-du-quebec-un-nouvel-ouvrage-sur-leconomie-reliee-aux-ressources-energetiques-signe-marc-urbain-proulx-et-diane-brassard\/","name":"\u00ab Un juste prix pour l'\u00e9nergie du Qu\u00e9bec? \u00bb Un nouvel ouvrage sur l'\u00e9conomie reli\u00e9e aux ressources \u00e9nerg\u00e9tiques sign\u00e9 Marc-Urbain Proulx et Diane Brassard - UQACtualit\u00e9s","isPartOf":{"@id":"https:\/\/www.uqac.ca\/uqactualites\/#website"},"primaryImageOfPage":{"@id":"https:\/\/www.uqac.ca\/uqactualites\/2011\/12\/01\/un-juste-prix-pour-lenergie-du-quebec-un-nouvel-ouvrage-sur-leconomie-reliee-aux-ressources-energetiques-signe-marc-urbain-proulx-et-diane-brassard\/#primaryimage"},"image":{"@id":"https:\/\/www.uqac.ca\/uqactualites\/2011\/12\/01\/un-juste-prix-pour-lenergie-du-quebec-un-nouvel-ouvrage-sur-leconomie-reliee-aux-ressources-energetiques-signe-marc-urbain-proulx-et-diane-brassard\/#primaryimage"},"thumbnailUrl":"http:\/\/www.uqac.ca\/wp-content\/uploads\/2012\/03\/uklhxG2lfDs9dBEX-300x224.jpg","datePublished":"2011-12-01T19:01:43+00:00","dateModified":"2011-12-01T19:01:43+00:00","author":{"@id":"https:\/\/www.uqac.ca\/uqactualites\/#\/schema\/person\/366c45a0c4f0e677b41b4af5886e2018"},"breadcrumb":{"@id":"https:\/\/www.uqac.ca\/uqactualites\/2011\/12\/01\/un-juste-prix-pour-lenergie-du-quebec-un-nouvel-ouvrage-sur-leconomie-reliee-aux-ressources-energetiques-signe-marc-urbain-proulx-et-diane-brassard\/#breadcrumb"},"inLanguage":"fr-CA","potentialAction":[{"@type":"ReadAction","target":["https:\/\/www.uqac.ca\/uqactualites\/2011\/12\/01\/un-juste-prix-pour-lenergie-du-quebec-un-nouvel-ouvrage-sur-leconomie-reliee-aux-ressources-energetiques-signe-marc-urbain-proulx-et-diane-brassard\/"]}]},{"@type":"ImageObject","inLanguage":"fr-CA","@id":"https:\/\/www.uqac.ca\/uqactualites\/2011\/12\/01\/un-juste-prix-pour-lenergie-du-quebec-un-nouvel-ouvrage-sur-leconomie-reliee-aux-ressources-energetiques-signe-marc-urbain-proulx-et-diane-brassard\/#primaryimage","url":"http:\/\/www.uqac.ca\/wp-content\/uploads\/2012\/03\/uklhxG2lfDs9dBEX-300x224.jpg","contentUrl":"http:\/\/www.uqac.ca\/wp-content\/uploads\/2012\/03\/uklhxG2lfDs9dBEX-300x224.jpg"},{"@type":"BreadcrumbList","@id":"https:\/\/www.uqac.ca\/uqactualites\/2011\/12\/01\/un-juste-prix-pour-lenergie-du-quebec-un-nouvel-ouvrage-sur-leconomie-reliee-aux-ressources-energetiques-signe-marc-urbain-proulx-et-diane-brassard\/#breadcrumb","itemListElement":[{"@type":"ListItem","position":1,"name":"Home","item":"https:\/\/www.uqac.ca\/uqactualites\/"},{"@type":"ListItem","position":2,"name":"\u00ab Un juste prix pour l&rsquo;\u00e9nergie du Qu\u00e9bec? \u00bb Un nouvel ouvrage sur l&rsquo;\u00e9conomie reli\u00e9e aux ressources \u00e9nerg\u00e9tiques sign\u00e9 Marc-Urbain Proulx et Diane Brassard"}]},{"@type":"WebSite","@id":"https:\/\/www.uqac.ca\/uqactualites\/#website","url":"https:\/\/www.uqac.ca\/uqactualites\/","name":"UQACtualit\u00e9s","description":"Le portail des nouvelles de l&#039;UQAC","potentialAction":[{"@type":"SearchAction","target":{"@type":"EntryPoint","urlTemplate":"https:\/\/www.uqac.ca\/uqactualites\/?s={search_term_string}"},"query-input":{"@type":"PropertyValueSpecification","valueRequired":true,"valueName":"search_term_string"}}],"inLanguage":"fr-CA"},{"@type":"Person","@id":"https:\/\/www.uqac.ca\/uqactualites\/#\/schema\/person\/366c45a0c4f0e677b41b4af5886e2018","name":"Service des communications et des relations publiques","image":{"@type":"ImageObject","inLanguage":"fr-CA","@id":"https:\/\/www.uqac.ca\/uqactualites\/#\/schema\/person\/image\/","url":"https:\/\/secure.gravatar.com\/avatar\/20fbbda8a292f59f2d3461a5b999c00b?s=96&d=mm&r=g","contentUrl":"https:\/\/secure.gravatar.com\/avatar\/20fbbda8a292f59f2d3461a5b999c00b?s=96&d=mm&r=g","caption":"Service des communications et des relations publiques"},"url":"https:\/\/www.uqac.ca\/uqactualites\/author\/bap\/"}]}},"_links":{"self":[{"href":"https:\/\/www.uqac.ca\/uqactualites\/wp-json\/wp\/v2\/posts\/19174"}],"collection":[{"href":"https:\/\/www.uqac.ca\/uqactualites\/wp-json\/wp\/v2\/posts"}],"about":[{"href":"https:\/\/www.uqac.ca\/uqactualites\/wp-json\/wp\/v2\/types\/post"}],"author":[{"embeddable":true,"href":"https:\/\/www.uqac.ca\/uqactualites\/wp-json\/wp\/v2\/users\/5"}],"replies":[{"embeddable":true,"href":"https:\/\/www.uqac.ca\/uqactualites\/wp-json\/wp\/v2\/comments?post=19174"}],"version-history":[{"count":0,"href":"https:\/\/www.uqac.ca\/uqactualites\/wp-json\/wp\/v2\/posts\/19174\/revisions"}],"wp:attachment":[{"href":"https:\/\/www.uqac.ca\/uqactualites\/wp-json\/wp\/v2\/media?parent=19174"}],"wp:term":[{"taxonomy":"category","embeddable":true,"href":"https:\/\/www.uqac.ca\/uqactualites\/wp-json\/wp\/v2\/categories?post=19174"},{"taxonomy":"post_tag","embeddable":true,"href":"https:\/\/www.uqac.ca\/uqactualites\/wp-json\/wp\/v2\/tags?post=19174"}],"curies":[{"name":"wp","href":"https:\/\/api.w.org\/{rel}","templated":true}]}}