{"id":19179,"date":"2011-11-17T08:35:29","date_gmt":"2011-11-17T14:05:29","guid":{"rendered":"http:\/\/uqactualite.odev.ca\/2011\/11\/nomination-de-michel-belley-a-titre-de-recteur-par-interim-a-luniversite-du-quebec-a-chicoutimi\/"},"modified":"2011-11-17T08:35:29","modified_gmt":"2011-11-17T14:05:29","slug":"nomination-de-michel-belley-a-titre-de-recteur-par-interim-a-luniversite-du-quebec-a-chicoutimi","status":"publish","type":"post","link":"https:\/\/www.uqac.ca\/uqactualites\/2011\/11\/17\/nomination-de-michel-belley-a-titre-de-recteur-par-interim-a-luniversite-du-quebec-a-chicoutimi\/","title":{"rendered":"Nomination de Michel Belley \u00e0 titre de recteur par int\u00e9rim \u00e0 l&rsquo;Universit\u00e9 du Qu\u00e9bec \u00e0 Chicoutimi"},"content":{"rendered":"<p><a href=\"http:\/\/www.uqac.ca\/wp-content\/uploads\/2012\/03\/2MasUtWtT4QV7qCZ.jpg\"><img loading=\"lazy\" decoding=\"async\" class=\"size-medium wp-image-19179 alignright\" title=\"2MasUtWtT4QV7qCZ\" src=\"http:\/\/www.uqac.ca\/wp-content\/uploads\/2012\/03\/2MasUtWtT4QV7qCZ-300x145.jpg\" alt=\"\" width=\"300\" height=\"145\" \/><\/a><\/p>\n<p>La pr\u00e9sidente de l&rsquo;Universit\u00e9 du Qu\u00e9bec, Sylvie Beauchamp, annonce que l&rsquo;Assembl\u00e9e des gouverneurs a nomm\u00e9 Michel Belley \u00e0 titre de recteur par int\u00e9rim de l&rsquo;Universit\u00e9 du Qu\u00e9bec \u00e0 Chicoutimi (UQAC), \u00e0 compter du 26 novembre 2011. M. Belley terminera son second mandat au rectorat le 25 novembre. Il a accept\u00e9 de poursuivre l&rsquo;exercice de ses fonctions jusqu&rsquo;\u00e0 l&rsquo;arriv\u00e9e du prochain titulaire de ce poste. Entre-temps, le processus de consultation en vue de la d\u00e9signation du chef d&rsquo;\u00e9tablissement de l&rsquo;UQAC se poursuit.<\/p>\n<p>L&rsquo;Assembl\u00e9e des gouverneurs se compose de la pr\u00e9sidente et des neuf dirigeants d&rsquo;\u00e9tablissements de l&rsquo;Universit\u00e9 du Qu\u00e9bec (Universit\u00e9 du Qu\u00e9bec \u00e0 Montr\u00e9al, Universit\u00e9 du Qu\u00e9bec \u00e0 Trois-Rivi\u00e8res, Universit\u00e9 du Qu\u00e9bec \u00e0 Chicoutimi, Universit\u00e9 du Qu\u00e9bec \u00e0 Rimouski, Universit\u00e9 du Qu\u00e9bec en Outaouais, Universit\u00e9 du Qu\u00e9bec en Abitibi-T\u00e9miscamingue, Institut national de la recherche scientifique, \u00c9cole nationale d&rsquo;administration publique, \u00c9cole de technologie sup\u00e9rieure) ainsi que de trois professeurs, deux \u00e9tudiants et huit membres socio\u00e9conomiques.<\/p>\n<p><strong>Source : <\/strong><br \/>\nVal\u00e9rie Reuillard<br \/>\nDirectrice des communications<br \/>\nUniversit\u00e9 du Qu\u00e9bec<\/p>\n<p>Vous pouvez consulter le r\u00e8glement g\u00e9n\u00e9ral 11 de l&rsquo;Universit\u00e9 du Qu\u00e9bec qui traite du Processus de consultation en vue de la d\u00e9signation des chefs d&rsquo;\u00e9tablissement, <a href=\"http:\/\/www.uquebec.ca\/sgdaj\/Dossier\/reglements\/regle_11.pdf\">en cliquant ici<\/a>.<\/p>\n","protected":false},"excerpt":{"rendered":"<p>La pr\u00e9sidente de l&rsquo;Universit\u00e9 du Qu\u00e9bec, Sylvie Beauchamp, annonce que l&rsquo;Assembl\u00e9e des gouverneurs a nomm\u00e9 Michel Belley \u00e0 titre de recteur par int\u00e9rim de l&rsquo;Universit\u00e9 du Qu\u00e9bec \u00e0 Chicoutimi (UQAC), \u00e0 compter du 26 novembre 2011. M. Belley terminera son second mandat au rectorat le 25 novembre. Il a accept\u00e9 de poursuivre l&rsquo;exercice de ses [&hellip;]<\/p>\n","protected":false},"author":5,"featured_media":0,"comment_status":"closed","ping_status":"closed","sticky":false,"template":"","format":"standard","meta":{"footnotes":""},"categories":[2],"tags":[],"yoast_head":"<!-- This site is optimized with the Yoast SEO plugin v24.2 - https:\/\/yoast.com\/wordpress\/plugins\/seo\/ -->\r\n<title>Nomination de Michel Belley \u00e0 titre de recteur par int\u00e9rim \u00e0 l&#039;Universit\u00e9 du Qu\u00e9bec \u00e0 Chicoutimi - UQACtualit\u00e9s<\/title>\r\n<meta name=\"robots\" content=\"index, follow, max-snippet:-1, max-image-preview:large, max-video-preview:-1\" \/>\r\n<link rel=\"canonical\" href=\"https:\/\/www.uqac.ca\/uqactualites\/2011\/11\/17\/nomination-de-michel-belley-a-titre-de-recteur-par-interim-a-luniversite-du-quebec-a-chicoutimi\/\" \/>\r\n<meta property=\"og:locale\" content=\"fr_CA\" \/>\r\n<meta property=\"og:type\" content=\"article\" \/>\r\n<meta property=\"og:title\" content=\"Nomination de Michel Belley \u00e0 titre de recteur par int\u00e9rim \u00e0 l&#039;Universit\u00e9 du Qu\u00e9bec \u00e0 Chicoutimi - UQACtualit\u00e9s\" \/>\r\n<meta property=\"og:description\" content=\"La pr\u00e9sidente de l&rsquo;Universit\u00e9 du Qu\u00e9bec, Sylvie Beauchamp, annonce que l&rsquo;Assembl\u00e9e des gouverneurs a nomm\u00e9 Michel Belley \u00e0 titre de recteur par int\u00e9rim de l&rsquo;Universit\u00e9 du Qu\u00e9bec \u00e0 Chicoutimi (UQAC), \u00e0 compter du 26 novembre 2011. M. Belley terminera son second mandat au rectorat le 25 novembre. Il a accept\u00e9 de poursuivre l&rsquo;exercice de ses [&hellip;]\" \/>\r\n<meta property=\"og:url\" content=\"https:\/\/www.uqac.ca\/uqactualites\/2011\/11\/17\/nomination-de-michel-belley-a-titre-de-recteur-par-interim-a-luniversite-du-quebec-a-chicoutimi\/\" \/>\r\n<meta property=\"og:site_name\" content=\"UQACtualit\u00e9s\" \/>\r\n<meta property=\"article:published_time\" content=\"2011-11-17T14:05:29+00:00\" \/>\r\n<meta property=\"og:image\" content=\"http:\/\/www.uqac.ca\/wp-content\/uploads\/2012\/03\/2MasUtWtT4QV7qCZ-300x145.jpg\" \/>\r\n<meta name=\"author\" content=\"Service des communications et des relations publiques\" \/>\r\n<meta name=\"twitter:card\" content=\"summary_large_image\" \/>\r\n<meta name=\"twitter:label1\" content=\"\u00c9crit par\" \/>\n\t<meta name=\"twitter:data1\" content=\"Service des communications et des relations publiques\" \/>\n\t<meta name=\"twitter:label2\" content=\"Estimation du temps de lecture\" \/>\n\t<meta name=\"twitter:data2\" content=\"1 minute\" \/>\r\n<script type=\"application\/ld+json\" class=\"yoast-schema-graph\">{\"@context\":\"https:\/\/schema.org\",\"@graph\":[{\"@type\":\"WebPage\",\"@id\":\"https:\/\/www.uqac.ca\/uqactualites\/2011\/11\/17\/nomination-de-michel-belley-a-titre-de-recteur-par-interim-a-luniversite-du-quebec-a-chicoutimi\/\",\"url\":\"https:\/\/www.uqac.ca\/uqactualites\/2011\/11\/17\/nomination-de-michel-belley-a-titre-de-recteur-par-interim-a-luniversite-du-quebec-a-chicoutimi\/\",\"name\":\"Nomination de Michel Belley \u00e0 titre de recteur par int\u00e9rim \u00e0 l'Universit\u00e9 du Qu\u00e9bec \u00e0 Chicoutimi - UQACtualit\u00e9s\",\"isPartOf\":{\"@id\":\"https:\/\/www.uqac.ca\/uqactualites\/#website\"},\"primaryImageOfPage\":{\"@id\":\"https:\/\/www.uqac.ca\/uqactualites\/2011\/11\/17\/nomination-de-michel-belley-a-titre-de-recteur-par-interim-a-luniversite-du-quebec-a-chicoutimi\/#primaryimage\"},\"image\":{\"@id\":\"https:\/\/www.uqac.ca\/uqactualites\/2011\/11\/17\/nomination-de-michel-belley-a-titre-de-recteur-par-interim-a-luniversite-du-quebec-a-chicoutimi\/#primaryimage\"},\"thumbnailUrl\":\"http:\/\/www.uqac.ca\/wp-content\/uploads\/2012\/03\/2MasUtWtT4QV7qCZ-300x145.jpg\",\"datePublished\":\"2011-11-17T14:05:29+00:00\",\"dateModified\":\"2011-11-17T14:05:29+00:00\",\"author\":{\"@id\":\"https:\/\/www.uqac.ca\/uqactualites\/#\/schema\/person\/366c45a0c4f0e677b41b4af5886e2018\"},\"breadcrumb\":{\"@id\":\"https:\/\/www.uqac.ca\/uqactualites\/2011\/11\/17\/nomination-de-michel-belley-a-titre-de-recteur-par-interim-a-luniversite-du-quebec-a-chicoutimi\/#breadcrumb\"},\"inLanguage\":\"fr-CA\",\"potentialAction\":[{\"@type\":\"ReadAction\",\"target\":[\"https:\/\/www.uqac.ca\/uqactualites\/2011\/11\/17\/nomination-de-michel-belley-a-titre-de-recteur-par-interim-a-luniversite-du-quebec-a-chicoutimi\/\"]}]},{\"@type\":\"ImageObject\",\"inLanguage\":\"fr-CA\",\"@id\":\"https:\/\/www.uqac.ca\/uqactualites\/2011\/11\/17\/nomination-de-michel-belley-a-titre-de-recteur-par-interim-a-luniversite-du-quebec-a-chicoutimi\/#primaryimage\",\"url\":\"http:\/\/www.uqac.ca\/wp-content\/uploads\/2012\/03\/2MasUtWtT4QV7qCZ-300x145.jpg\",\"contentUrl\":\"http:\/\/www.uqac.ca\/wp-content\/uploads\/2012\/03\/2MasUtWtT4QV7qCZ-300x145.jpg\"},{\"@type\":\"BreadcrumbList\",\"@id\":\"https:\/\/www.uqac.ca\/uqactualites\/2011\/11\/17\/nomination-de-michel-belley-a-titre-de-recteur-par-interim-a-luniversite-du-quebec-a-chicoutimi\/#breadcrumb\",\"itemListElement\":[{\"@type\":\"ListItem\",\"position\":1,\"name\":\"Home\",\"item\":\"https:\/\/www.uqac.ca\/uqactualites\/\"},{\"@type\":\"ListItem\",\"position\":2,\"name\":\"Nomination de Michel Belley \u00e0 titre de recteur par int\u00e9rim \u00e0 l&rsquo;Universit\u00e9 du Qu\u00e9bec \u00e0 Chicoutimi\"}]},{\"@type\":\"WebSite\",\"@id\":\"https:\/\/www.uqac.ca\/uqactualites\/#website\",\"url\":\"https:\/\/www.uqac.ca\/uqactualites\/\",\"name\":\"UQACtualit\u00e9s\",\"description\":\"Le portail des nouvelles de l&#039;UQAC\",\"potentialAction\":[{\"@type\":\"SearchAction\",\"target\":{\"@type\":\"EntryPoint\",\"urlTemplate\":\"https:\/\/www.uqac.ca\/uqactualites\/?s={search_term_string}\"},\"query-input\":{\"@type\":\"PropertyValueSpecification\",\"valueRequired\":true,\"valueName\":\"search_term_string\"}}],\"inLanguage\":\"fr-CA\"},{\"@type\":\"Person\",\"@id\":\"https:\/\/www.uqac.ca\/uqactualites\/#\/schema\/person\/366c45a0c4f0e677b41b4af5886e2018\",\"name\":\"Service des communications et des relations publiques\",\"image\":{\"@type\":\"ImageObject\",\"inLanguage\":\"fr-CA\",\"@id\":\"https:\/\/www.uqac.ca\/uqactualites\/#\/schema\/person\/image\/\",\"url\":\"https:\/\/secure.gravatar.com\/avatar\/20fbbda8a292f59f2d3461a5b999c00b?s=96&d=mm&r=g\",\"contentUrl\":\"https:\/\/secure.gravatar.com\/avatar\/20fbbda8a292f59f2d3461a5b999c00b?s=96&d=mm&r=g\",\"caption\":\"Service des communications et des relations publiques\"},\"url\":\"https:\/\/www.uqac.ca\/uqactualites\/author\/bap\/\"}]}<\/script>\r\n<!-- \/ Yoast SEO plugin. -->","yoast_head_json":{"title":"Nomination de Michel Belley \u00e0 titre de recteur par int\u00e9rim \u00e0 l'Universit\u00e9 du Qu\u00e9bec \u00e0 Chicoutimi - UQACtualit\u00e9s","robots":{"index":"index","follow":"follow","max-snippet":"max-snippet:-1","max-image-preview":"max-image-preview:large","max-video-preview":"max-video-preview:-1"},"canonical":"https:\/\/www.uqac.ca\/uqactualites\/2011\/11\/17\/nomination-de-michel-belley-a-titre-de-recteur-par-interim-a-luniversite-du-quebec-a-chicoutimi\/","og_locale":"fr_CA","og_type":"article","og_title":"Nomination de Michel Belley \u00e0 titre de recteur par int\u00e9rim \u00e0 l'Universit\u00e9 du Qu\u00e9bec \u00e0 Chicoutimi - UQACtualit\u00e9s","og_description":"La pr\u00e9sidente de l&rsquo;Universit\u00e9 du Qu\u00e9bec, Sylvie Beauchamp, annonce que l&rsquo;Assembl\u00e9e des gouverneurs a nomm\u00e9 Michel Belley \u00e0 titre de recteur par int\u00e9rim de l&rsquo;Universit\u00e9 du Qu\u00e9bec \u00e0 Chicoutimi (UQAC), \u00e0 compter du 26 novembre 2011. M. Belley terminera son second mandat au rectorat le 25 novembre. Il a accept\u00e9 de poursuivre l&rsquo;exercice de ses [&hellip;]","og_url":"https:\/\/www.uqac.ca\/uqactualites\/2011\/11\/17\/nomination-de-michel-belley-a-titre-de-recteur-par-interim-a-luniversite-du-quebec-a-chicoutimi\/","og_site_name":"UQACtualit\u00e9s","article_published_time":"2011-11-17T14:05:29+00:00","og_image":[{"url":"http:\/\/www.uqac.ca\/wp-content\/uploads\/2012\/03\/2MasUtWtT4QV7qCZ-300x145.jpg","type":"","width":"","height":""}],"author":"Service des communications et des relations publiques","twitter_card":"summary_large_image","twitter_misc":{"\u00c9crit par":"Service des communications et des relations publiques","Estimation du temps de lecture":"1 minute"},"schema":{"@context":"https:\/\/schema.org","@graph":[{"@type":"WebPage","@id":"https:\/\/www.uqac.ca\/uqactualites\/2011\/11\/17\/nomination-de-michel-belley-a-titre-de-recteur-par-interim-a-luniversite-du-quebec-a-chicoutimi\/","url":"https:\/\/www.uqac.ca\/uqactualites\/2011\/11\/17\/nomination-de-michel-belley-a-titre-de-recteur-par-interim-a-luniversite-du-quebec-a-chicoutimi\/","name":"Nomination de Michel Belley \u00e0 titre de recteur par int\u00e9rim \u00e0 l'Universit\u00e9 du Qu\u00e9bec \u00e0 Chicoutimi - UQACtualit\u00e9s","isPartOf":{"@id":"https:\/\/www.uqac.ca\/uqactualites\/#website"},"primaryImageOfPage":{"@id":"https:\/\/www.uqac.ca\/uqactualites\/2011\/11\/17\/nomination-de-michel-belley-a-titre-de-recteur-par-interim-a-luniversite-du-quebec-a-chicoutimi\/#primaryimage"},"image":{"@id":"https:\/\/www.uqac.ca\/uqactualites\/2011\/11\/17\/nomination-de-michel-belley-a-titre-de-recteur-par-interim-a-luniversite-du-quebec-a-chicoutimi\/#primaryimage"},"thumbnailUrl":"http:\/\/www.uqac.ca\/wp-content\/uploads\/2012\/03\/2MasUtWtT4QV7qCZ-300x145.jpg","datePublished":"2011-11-17T14:05:29+00:00","dateModified":"2011-11-17T14:05:29+00:00","author":{"@id":"https:\/\/www.uqac.ca\/uqactualites\/#\/schema\/person\/366c45a0c4f0e677b41b4af5886e2018"},"breadcrumb":{"@id":"https:\/\/www.uqac.ca\/uqactualites\/2011\/11\/17\/nomination-de-michel-belley-a-titre-de-recteur-par-interim-a-luniversite-du-quebec-a-chicoutimi\/#breadcrumb"},"inLanguage":"fr-CA","potentialAction":[{"@type":"ReadAction","target":["https:\/\/www.uqac.ca\/uqactualites\/2011\/11\/17\/nomination-de-michel-belley-a-titre-de-recteur-par-interim-a-luniversite-du-quebec-a-chicoutimi\/"]}]},{"@type":"ImageObject","inLanguage":"fr-CA","@id":"https:\/\/www.uqac.ca\/uqactualites\/2011\/11\/17\/nomination-de-michel-belley-a-titre-de-recteur-par-interim-a-luniversite-du-quebec-a-chicoutimi\/#primaryimage","url":"http:\/\/www.uqac.ca\/wp-content\/uploads\/2012\/03\/2MasUtWtT4QV7qCZ-300x145.jpg","contentUrl":"http:\/\/www.uqac.ca\/wp-content\/uploads\/2012\/03\/2MasUtWtT4QV7qCZ-300x145.jpg"},{"@type":"BreadcrumbList","@id":"https:\/\/www.uqac.ca\/uqactualites\/2011\/11\/17\/nomination-de-michel-belley-a-titre-de-recteur-par-interim-a-luniversite-du-quebec-a-chicoutimi\/#breadcrumb","itemListElement":[{"@type":"ListItem","position":1,"name":"Home","item":"https:\/\/www.uqac.ca\/uqactualites\/"},{"@type":"ListItem","position":2,"name":"Nomination de Michel Belley \u00e0 titre de recteur par int\u00e9rim \u00e0 l&rsquo;Universit\u00e9 du Qu\u00e9bec \u00e0 Chicoutimi"}]},{"@type":"WebSite","@id":"https:\/\/www.uqac.ca\/uqactualites\/#website","url":"https:\/\/www.uqac.ca\/uqactualites\/","name":"UQACtualit\u00e9s","description":"Le portail des nouvelles de l&#039;UQAC","potentialAction":[{"@type":"SearchAction","target":{"@type":"EntryPoint","urlTemplate":"https:\/\/www.uqac.ca\/uqactualites\/?s={search_term_string}"},"query-input":{"@type":"PropertyValueSpecification","valueRequired":true,"valueName":"search_term_string"}}],"inLanguage":"fr-CA"},{"@type":"Person","@id":"https:\/\/www.uqac.ca\/uqactualites\/#\/schema\/person\/366c45a0c4f0e677b41b4af5886e2018","name":"Service des communications et des relations publiques","image":{"@type":"ImageObject","inLanguage":"fr-CA","@id":"https:\/\/www.uqac.ca\/uqactualites\/#\/schema\/person\/image\/","url":"https:\/\/secure.gravatar.com\/avatar\/20fbbda8a292f59f2d3461a5b999c00b?s=96&d=mm&r=g","contentUrl":"https:\/\/secure.gravatar.com\/avatar\/20fbbda8a292f59f2d3461a5b999c00b?s=96&d=mm&r=g","caption":"Service des communications et des relations publiques"},"url":"https:\/\/www.uqac.ca\/uqactualites\/author\/bap\/"}]}},"_links":{"self":[{"href":"https:\/\/www.uqac.ca\/uqactualites\/wp-json\/wp\/v2\/posts\/19179"}],"collection":[{"href":"https:\/\/www.uqac.ca\/uqactualites\/wp-json\/wp\/v2\/posts"}],"about":[{"href":"https:\/\/www.uqac.ca\/uqactualites\/wp-json\/wp\/v2\/types\/post"}],"author":[{"embeddable":true,"href":"https:\/\/www.uqac.ca\/uqactualites\/wp-json\/wp\/v2\/users\/5"}],"replies":[{"embeddable":true,"href":"https:\/\/www.uqac.ca\/uqactualites\/wp-json\/wp\/v2\/comments?post=19179"}],"version-history":[{"count":0,"href":"https:\/\/www.uqac.ca\/uqactualites\/wp-json\/wp\/v2\/posts\/19179\/revisions"}],"wp:attachment":[{"href":"https:\/\/www.uqac.ca\/uqactualites\/wp-json\/wp\/v2\/media?parent=19179"}],"wp:term":[{"taxonomy":"category","embeddable":true,"href":"https:\/\/www.uqac.ca\/uqactualites\/wp-json\/wp\/v2\/categories?post=19179"},{"taxonomy":"post_tag","embeddable":true,"href":"https:\/\/www.uqac.ca\/uqactualites\/wp-json\/wp\/v2\/tags?post=19179"}],"curies":[{"name":"wp","href":"https:\/\/api.w.org\/{rel}","templated":true}]}}