{"id":19234,"date":"2011-03-14T16:22:04","date_gmt":"2011-03-14T21:52:04","guid":{"rendered":"http:\/\/uqactualite.odev.ca\/2011\/03\/une-equipe-de-recherche-met-a-profit-leurs-interets-communs-afin-didentifier-les-facteurs-lies-a-la-detresse-des-parents-denfants-ayant-une-deficience-intellectuelle\/"},"modified":"2011-03-14T16:22:04","modified_gmt":"2011-03-14T21:52:04","slug":"une-equipe-de-recherche-met-a-profit-leurs-interets-communs-afin-didentifier-les-facteurs-lies-a-la-detresse-des-parents-denfants-ayant-une-deficience-intellectuelle","status":"publish","type":"post","link":"https:\/\/www.uqac.ca\/uqactualites\/2011\/03\/14\/une-equipe-de-recherche-met-a-profit-leurs-interets-communs-afin-didentifier-les-facteurs-lies-a-la-detresse-des-parents-denfants-ayant-une-deficience-intellectuelle\/","title":{"rendered":"Une \u00e9quipe de recherche met \u00e0 profit leurs int\u00e9r\u00eats communs afin d&rsquo;identifier les facteurs li\u00e9s \u00e0 la d\u00e9tresse des parents d&rsquo;enfants ayant une d\u00e9ficience intellectuelle"},"content":{"rendered":"<p><a href=\"http:\/\/www.uqac.ca\/wp-content\/uploads\/2012\/03\/RQ15e7lF3uVnt2Tx.jpg\"><img loading=\"lazy\" decoding=\"async\" class=\"size-medium wp-image-19234 alignright\" title=\"RQ15e7lF3uVnt2Tx\" src=\"http:\/\/www.uqac.ca\/wp-content\/uploads\/2012\/03\/RQ15e7lF3uVnt2Tx-300x200.jpg\" alt=\"\" width=\"300\" height=\"200\" \/><\/a><\/p>\n<p>Dans le cadre du 60<sup>e<\/sup> anniversaire de la <em>Semaine qu\u00e9b\u00e9coise de la d\u00e9ficience intellectuelle<\/em>, le Consortium national de recherche sur l&rsquo;int\u00e9gration sociale (CNRIS), un organisme subventionnaire pour la recherche en d\u00e9ficience intellectuelle et en troubles envahissants du d\u00e9veloppement, souhaite mettre en valeur les recherches en d\u00e9ficience intellectuelle dans les universit\u00e9s. Par le fait m\u00eame, nous d\u00e9sirons souligner l&rsquo;importance de la recherche en milieu universitaire.<\/p>\n<p>Louis Richer (UQAC), Lise Lachance (UQAC), Karine N. Tremblay (UQAC) et Alain C\u00f4t\u00e9 (CRDITED du Saguenay-Lac-Saint-Jean), ont comme int\u00e9r\u00eat commun la d\u00e9ficience intellectuelle et le souhait de travailler ensemble en mettant \u00e0 profit les expertises compl\u00e9mentaires. Le projet s&rsquo;est d\u00e9velopp\u00e9 sur les assises partenariales mises en place entre le CRDITED du Saguenay\u2013Lac-Saint-Jean et l&rsquo;UQAC en 2001, mais aussi \u00e0 partir de r\u00e9sultats obtenus par l&rsquo;\u00e9quipe dans le cadre d&rsquo;une \u00e9tude ant\u00e9rieure financ\u00e9e par le Minist\u00e8re de la Famille et de l&rsquo;Enfance du Qu\u00e9bec. Dans ce projet, l&rsquo;\u00e9quipe s&rsquo;est int\u00e9ress\u00e9e <span style=\"text-decoration: underline\">aux facteurs explicatifs de la d\u00e9tresse des parents d&rsquo;enfants ayant une d\u00e9ficience intellectuelle en tenant compte de leurs besoins en mati\u00e8re de services selon les caract\u00e9ristiques de l&rsquo;enfant.<\/span><\/p>\n<p>Comme l&rsquo;explique l&rsquo;\u00e9quipe de recherche : \u00ab <em>Ce projet avait pour but d&rsquo;identifier les facteurs pouvant pr\u00e9venir ou att\u00e9nuer les cons\u00e9quences du stress des parents d&rsquo;enfants ayant une d\u00e9ficience intellectuelle en consid\u00e9rant plusieurs aspects : leurs caract\u00e9ristiques personnelles, leurs situations familiale et professionnelle, les caract\u00e9ristiques de leur enfant ainsi que les ressources et les services dont ils disposent. L&rsquo;id\u00e9e \u00e9tait de comparer le v\u00e9cu des parents qui manifestent un niveau \u00e9lev\u00e9 de d\u00e9tresse \u00e0 celui de ceux qui en \u00e9prouvent peu ou pas<\/em>.\u00bb Leur m\u00e9thodologie de recherche consistait \u00e0 demander aux m\u00e8res et aux p\u00e8res d&rsquo;enfants d&rsquo;\u00e2ge scolaire ayant une d\u00e9ficience intellectuelle et recevant des services du CRDITED du Saguenay\u2013Lac-Saint-Jean de r\u00e9pondre \u00e0 un questionnaire de fa\u00e7on individuelle. Pendant ce temps, un psychom\u00e9tricien \u00e9valuait les fonctions intellectuelles de l&rsquo;enfant. L&rsquo;\u00e9ducateur et l&rsquo;enseignant de ce dernier ont \u00e9galement contribu\u00e9 \u00e0 r\u00e9pertorier ses comportements adaptatifs et probl\u00e9matiques. Plusieurs parents ont aussi \u00e9t\u00e9 rencontr\u00e9s individuellement en entrevue semi-dirig\u00e9e afin de mieux comprendre leur v\u00e9cu.<\/p>\n<p>La recherche a relev\u00e9 un nombre pr\u00e9occupant de parents d&rsquo;enfants ayant une d\u00e9ficience intellectuelle pr\u00e9sentant de la d\u00e9tresse psychologique, soit 43%. L&rsquo;\u00e9quipe a \u00e9t\u00e9 en mesure de d\u00e9montrer que ce sont principalement les comportements probl\u00e9matiques chez l&rsquo;enfant qui expliquent cette d\u00e9tresse. Ceci soul\u00e8ve des questions notamment sur les ressources disponibles et leurs modes d&rsquo;attribution. \u00ab <em>Il devient alors pertinent de se demander si l&rsquo;aide et les services offerts aux parents r\u00e9pondent v\u00e9ritablement \u00e0 leurs besoins.<\/em> \u00bb comme le soulignent les chercheurs. Selon des informations recueillies, l&rsquo;application du Programme de soutien \u00e0 la famille des personnes handicap\u00e9es n&rsquo;est pas uniforme d&rsquo;une r\u00e9gion ou d&rsquo;une localit\u00e9 \u00e0 l&rsquo;autre. Il devient donc n\u00e9cessaire d&rsquo;\u00e9valuer les v\u00e9ritables besoins des parents d&rsquo;enfants ayant une d\u00e9ficience intellectuelle et de s&rsquo;assurer que les ressources disponibles permettent d&rsquo;y r\u00e9pondre.<\/p>\n<p>L&rsquo;\u00e9quipe conclut en soulignant que : \u00ab <em>De nombreux d\u00e9fis sont \u00e0 relever pour d\u00e9velopper les connaissances, la pratique, les outils d&rsquo;\u00e9valuation et d&rsquo;intervention dans le domaine de la d\u00e9ficience intellectuelle. En continuit\u00e9 avec les r\u00e9sultats de cette recherche, il importe de mieux identifier et intervenir au niveau de la d\u00e9tresse parentale. Il est aussi n\u00e9cessaire de faire avancer les connaissances concernant le d\u00e9veloppement des troubles du comportement d\u00e8s l&rsquo;enfance afin d&rsquo;am\u00e9liorer les pratiques visant leur pr\u00e9vention.<\/em> \u00bb<\/p>\n<p><strong>Source : Joanie Rancourt (CNRIS) en collaboration avec Louis Richer (UQAC), Lise Lachance (UQAC), Karine N. Tremblay (UQAC) et Alain C\u00f4t\u00e9 (CRDITED du Saguenay-Lac-Saint-Jean)<\/strong><\/p>\n<p>Le Consortium national de recherche sur l&rsquo;int\u00e9gration sociale (CNRIS) soutient le financement de la recherche dans les domaines de la d\u00e9ficience intellectuelle et des troubles envahissants du d\u00e9veloppement et d\u00e9sire contribuer au transfert des connaissances issues de la recherche.<br \/>\nL&rsquo;organisme a donc mis sur pied un programme de bourses d&rsquo;\u00e9tudes en vue de favoriser le d\u00e9veloppement des connaissances qui soutiennent le renouvellement des pratiques visant les personnes ayant une d\u00e9ficience intellectuelle ou un trouble envahissant du d\u00e9veloppement, leur entourage ou la communaut\u00e9.<br \/>\nPar l&rsquo;octroi, annuellement, des bourses d&rsquo;initiation \u00e0 la recherche (stage d&rsquo;\u00e9t\u00e9), d&rsquo;une valeur de 5 000 $ chacune, le CNRIS veut contribuer \u00e0 susciter, d\u00e8s le 1<sup>er<\/sup> cycle universitaire, l&rsquo;int\u00e9r\u00eat des \u00e9tudiants pour la recherche dans ces domaines, et ce, afin de participer \u00e0 la formation de la rel\u00e8ve en d\u00e9ficience intellectuelle et en troubles envahissants du d\u00e9veloppement.<\/p>\n<p>Date limite : 26 mars 2011<\/p>\n<p>Nous vous invitons \u00e0 consulter le <a href=\"http:\/\/www.cnris.org\/programme\">www.cnris.org\/programme<\/a> pour plus de d\u00e9tails.<\/p>\n","protected":false},"excerpt":{"rendered":"<p>Dans le cadre du 60e anniversaire de la Semaine qu\u00e9b\u00e9coise de la d\u00e9ficience intellectuelle, le Consortium national de recherche sur l&rsquo;int\u00e9gration sociale (CNRIS), un organisme subventionnaire pour la recherche en d\u00e9ficience intellectuelle et en troubles envahissants du d\u00e9veloppement, souhaite mettre en valeur les recherches en d\u00e9ficience intellectuelle dans les universit\u00e9s. Par le fait m\u00eame, nous [&hellip;]<\/p>\n","protected":false},"author":5,"featured_media":0,"comment_status":"closed","ping_status":"closed","sticky":false,"template":"","format":"standard","meta":{"footnotes":""},"categories":[2],"tags":[],"yoast_head":"<!-- This site is optimized with the Yoast SEO plugin v24.2 - https:\/\/yoast.com\/wordpress\/plugins\/seo\/ -->\r\n<title>Une \u00e9quipe de recherche met \u00e0 profit leurs int\u00e9r\u00eats communs afin d&#039;identifier les facteurs li\u00e9s \u00e0 la d\u00e9tresse des parents d&#039;enfants ayant une d\u00e9ficience intellectuelle - UQACtualit\u00e9s<\/title>\r\n<meta name=\"robots\" content=\"index, follow, max-snippet:-1, max-image-preview:large, max-video-preview:-1\" \/>\r\n<link rel=\"canonical\" href=\"https:\/\/www.uqac.ca\/uqactualites\/2011\/03\/14\/une-equipe-de-recherche-met-a-profit-leurs-interets-communs-afin-didentifier-les-facteurs-lies-a-la-detresse-des-parents-denfants-ayant-une-deficience-intellectuelle\/\" \/>\r\n<meta property=\"og:locale\" content=\"fr_CA\" \/>\r\n<meta property=\"og:type\" content=\"article\" \/>\r\n<meta property=\"og:title\" content=\"Une \u00e9quipe de recherche met \u00e0 profit leurs int\u00e9r\u00eats communs afin d&#039;identifier les facteurs li\u00e9s \u00e0 la d\u00e9tresse des parents d&#039;enfants ayant une d\u00e9ficience intellectuelle - UQACtualit\u00e9s\" \/>\r\n<meta property=\"og:description\" content=\"Dans le cadre du 60e anniversaire de la Semaine qu\u00e9b\u00e9coise de la d\u00e9ficience intellectuelle, le Consortium national de recherche sur l&rsquo;int\u00e9gration sociale (CNRIS), un organisme subventionnaire pour la recherche en d\u00e9ficience intellectuelle et en troubles envahissants du d\u00e9veloppement, souhaite mettre en valeur les recherches en d\u00e9ficience intellectuelle dans les universit\u00e9s. Par le fait m\u00eame, nous [&hellip;]\" \/>\r\n<meta property=\"og:url\" content=\"https:\/\/www.uqac.ca\/uqactualites\/2011\/03\/14\/une-equipe-de-recherche-met-a-profit-leurs-interets-communs-afin-didentifier-les-facteurs-lies-a-la-detresse-des-parents-denfants-ayant-une-deficience-intellectuelle\/\" \/>\r\n<meta property=\"og:site_name\" content=\"UQACtualit\u00e9s\" \/>\r\n<meta property=\"article:published_time\" content=\"2011-03-14T21:52:04+00:00\" \/>\r\n<meta property=\"og:image\" content=\"http:\/\/www.uqac.ca\/wp-content\/uploads\/2012\/03\/RQ15e7lF3uVnt2Tx-300x200.jpg\" \/>\r\n<meta name=\"author\" content=\"Service des communications et des relations publiques\" \/>\r\n<meta name=\"twitter:card\" content=\"summary_large_image\" \/>\r\n<meta name=\"twitter:label1\" content=\"\u00c9crit par\" \/>\n\t<meta name=\"twitter:data1\" content=\"Service des communications et des relations publiques\" \/>\n\t<meta name=\"twitter:label2\" content=\"Estimation du temps de lecture\" \/>\n\t<meta name=\"twitter:data2\" content=\"4 minutes\" \/>\r\n<script type=\"application\/ld+json\" class=\"yoast-schema-graph\">{\"@context\":\"https:\/\/schema.org\",\"@graph\":[{\"@type\":\"WebPage\",\"@id\":\"https:\/\/www.uqac.ca\/uqactualites\/2011\/03\/14\/une-equipe-de-recherche-met-a-profit-leurs-interets-communs-afin-didentifier-les-facteurs-lies-a-la-detresse-des-parents-denfants-ayant-une-deficience-intellectuelle\/\",\"url\":\"https:\/\/www.uqac.ca\/uqactualites\/2011\/03\/14\/une-equipe-de-recherche-met-a-profit-leurs-interets-communs-afin-didentifier-les-facteurs-lies-a-la-detresse-des-parents-denfants-ayant-une-deficience-intellectuelle\/\",\"name\":\"Une \u00e9quipe de recherche met \u00e0 profit leurs int\u00e9r\u00eats communs afin d'identifier les facteurs li\u00e9s \u00e0 la d\u00e9tresse des parents d'enfants ayant une d\u00e9ficience intellectuelle - UQACtualit\u00e9s\",\"isPartOf\":{\"@id\":\"https:\/\/www.uqac.ca\/uqactualites\/#website\"},\"primaryImageOfPage\":{\"@id\":\"https:\/\/www.uqac.ca\/uqactualites\/2011\/03\/14\/une-equipe-de-recherche-met-a-profit-leurs-interets-communs-afin-didentifier-les-facteurs-lies-a-la-detresse-des-parents-denfants-ayant-une-deficience-intellectuelle\/#primaryimage\"},\"image\":{\"@id\":\"https:\/\/www.uqac.ca\/uqactualites\/2011\/03\/14\/une-equipe-de-recherche-met-a-profit-leurs-interets-communs-afin-didentifier-les-facteurs-lies-a-la-detresse-des-parents-denfants-ayant-une-deficience-intellectuelle\/#primaryimage\"},\"thumbnailUrl\":\"http:\/\/www.uqac.ca\/wp-content\/uploads\/2012\/03\/RQ15e7lF3uVnt2Tx-300x200.jpg\",\"datePublished\":\"2011-03-14T21:52:04+00:00\",\"dateModified\":\"2011-03-14T21:52:04+00:00\",\"author\":{\"@id\":\"https:\/\/www.uqac.ca\/uqactualites\/#\/schema\/person\/366c45a0c4f0e677b41b4af5886e2018\"},\"breadcrumb\":{\"@id\":\"https:\/\/www.uqac.ca\/uqactualites\/2011\/03\/14\/une-equipe-de-recherche-met-a-profit-leurs-interets-communs-afin-didentifier-les-facteurs-lies-a-la-detresse-des-parents-denfants-ayant-une-deficience-intellectuelle\/#breadcrumb\"},\"inLanguage\":\"fr-CA\",\"potentialAction\":[{\"@type\":\"ReadAction\",\"target\":[\"https:\/\/www.uqac.ca\/uqactualites\/2011\/03\/14\/une-equipe-de-recherche-met-a-profit-leurs-interets-communs-afin-didentifier-les-facteurs-lies-a-la-detresse-des-parents-denfants-ayant-une-deficience-intellectuelle\/\"]}]},{\"@type\":\"ImageObject\",\"inLanguage\":\"fr-CA\",\"@id\":\"https:\/\/www.uqac.ca\/uqactualites\/2011\/03\/14\/une-equipe-de-recherche-met-a-profit-leurs-interets-communs-afin-didentifier-les-facteurs-lies-a-la-detresse-des-parents-denfants-ayant-une-deficience-intellectuelle\/#primaryimage\",\"url\":\"http:\/\/www.uqac.ca\/wp-content\/uploads\/2012\/03\/RQ15e7lF3uVnt2Tx-300x200.jpg\",\"contentUrl\":\"http:\/\/www.uqac.ca\/wp-content\/uploads\/2012\/03\/RQ15e7lF3uVnt2Tx-300x200.jpg\"},{\"@type\":\"BreadcrumbList\",\"@id\":\"https:\/\/www.uqac.ca\/uqactualites\/2011\/03\/14\/une-equipe-de-recherche-met-a-profit-leurs-interets-communs-afin-didentifier-les-facteurs-lies-a-la-detresse-des-parents-denfants-ayant-une-deficience-intellectuelle\/#breadcrumb\",\"itemListElement\":[{\"@type\":\"ListItem\",\"position\":1,\"name\":\"Home\",\"item\":\"https:\/\/www.uqac.ca\/uqactualites\/\"},{\"@type\":\"ListItem\",\"position\":2,\"name\":\"Une \u00e9quipe de recherche met \u00e0 profit leurs int\u00e9r\u00eats communs afin d&rsquo;identifier les facteurs li\u00e9s \u00e0 la d\u00e9tresse des parents d&rsquo;enfants ayant une d\u00e9ficience intellectuelle\"}]},{\"@type\":\"WebSite\",\"@id\":\"https:\/\/www.uqac.ca\/uqactualites\/#website\",\"url\":\"https:\/\/www.uqac.ca\/uqactualites\/\",\"name\":\"UQACtualit\u00e9s\",\"description\":\"Le portail des nouvelles de l&#039;UQAC\",\"potentialAction\":[{\"@type\":\"SearchAction\",\"target\":{\"@type\":\"EntryPoint\",\"urlTemplate\":\"https:\/\/www.uqac.ca\/uqactualites\/?s={search_term_string}\"},\"query-input\":{\"@type\":\"PropertyValueSpecification\",\"valueRequired\":true,\"valueName\":\"search_term_string\"}}],\"inLanguage\":\"fr-CA\"},{\"@type\":\"Person\",\"@id\":\"https:\/\/www.uqac.ca\/uqactualites\/#\/schema\/person\/366c45a0c4f0e677b41b4af5886e2018\",\"name\":\"Service des communications et des relations publiques\",\"image\":{\"@type\":\"ImageObject\",\"inLanguage\":\"fr-CA\",\"@id\":\"https:\/\/www.uqac.ca\/uqactualites\/#\/schema\/person\/image\/\",\"url\":\"https:\/\/secure.gravatar.com\/avatar\/20fbbda8a292f59f2d3461a5b999c00b?s=96&d=mm&r=g\",\"contentUrl\":\"https:\/\/secure.gravatar.com\/avatar\/20fbbda8a292f59f2d3461a5b999c00b?s=96&d=mm&r=g\",\"caption\":\"Service des communications et des relations publiques\"},\"url\":\"https:\/\/www.uqac.ca\/uqactualites\/author\/bap\/\"}]}<\/script>\r\n<!-- \/ Yoast SEO plugin. -->","yoast_head_json":{"title":"Une \u00e9quipe de recherche met \u00e0 profit leurs int\u00e9r\u00eats communs afin d'identifier les facteurs li\u00e9s \u00e0 la d\u00e9tresse des parents d'enfants ayant une d\u00e9ficience intellectuelle - UQACtualit\u00e9s","robots":{"index":"index","follow":"follow","max-snippet":"max-snippet:-1","max-image-preview":"max-image-preview:large","max-video-preview":"max-video-preview:-1"},"canonical":"https:\/\/www.uqac.ca\/uqactualites\/2011\/03\/14\/une-equipe-de-recherche-met-a-profit-leurs-interets-communs-afin-didentifier-les-facteurs-lies-a-la-detresse-des-parents-denfants-ayant-une-deficience-intellectuelle\/","og_locale":"fr_CA","og_type":"article","og_title":"Une \u00e9quipe de recherche met \u00e0 profit leurs int\u00e9r\u00eats communs afin d'identifier les facteurs li\u00e9s \u00e0 la d\u00e9tresse des parents d'enfants ayant une d\u00e9ficience intellectuelle - UQACtualit\u00e9s","og_description":"Dans le cadre du 60e anniversaire de la Semaine qu\u00e9b\u00e9coise de la d\u00e9ficience intellectuelle, le Consortium national de recherche sur l&rsquo;int\u00e9gration sociale (CNRIS), un organisme subventionnaire pour la recherche en d\u00e9ficience intellectuelle et en troubles envahissants du d\u00e9veloppement, souhaite mettre en valeur les recherches en d\u00e9ficience intellectuelle dans les universit\u00e9s. Par le fait m\u00eame, nous [&hellip;]","og_url":"https:\/\/www.uqac.ca\/uqactualites\/2011\/03\/14\/une-equipe-de-recherche-met-a-profit-leurs-interets-communs-afin-didentifier-les-facteurs-lies-a-la-detresse-des-parents-denfants-ayant-une-deficience-intellectuelle\/","og_site_name":"UQACtualit\u00e9s","article_published_time":"2011-03-14T21:52:04+00:00","og_image":[{"url":"http:\/\/www.uqac.ca\/wp-content\/uploads\/2012\/03\/RQ15e7lF3uVnt2Tx-300x200.jpg","type":"","width":"","height":""}],"author":"Service des communications et des relations publiques","twitter_card":"summary_large_image","twitter_misc":{"\u00c9crit par":"Service des communications et des relations publiques","Estimation du temps de lecture":"4 minutes"},"schema":{"@context":"https:\/\/schema.org","@graph":[{"@type":"WebPage","@id":"https:\/\/www.uqac.ca\/uqactualites\/2011\/03\/14\/une-equipe-de-recherche-met-a-profit-leurs-interets-communs-afin-didentifier-les-facteurs-lies-a-la-detresse-des-parents-denfants-ayant-une-deficience-intellectuelle\/","url":"https:\/\/www.uqac.ca\/uqactualites\/2011\/03\/14\/une-equipe-de-recherche-met-a-profit-leurs-interets-communs-afin-didentifier-les-facteurs-lies-a-la-detresse-des-parents-denfants-ayant-une-deficience-intellectuelle\/","name":"Une \u00e9quipe de recherche met \u00e0 profit leurs int\u00e9r\u00eats communs afin d'identifier les facteurs li\u00e9s \u00e0 la d\u00e9tresse des parents d'enfants ayant une d\u00e9ficience intellectuelle - UQACtualit\u00e9s","isPartOf":{"@id":"https:\/\/www.uqac.ca\/uqactualites\/#website"},"primaryImageOfPage":{"@id":"https:\/\/www.uqac.ca\/uqactualites\/2011\/03\/14\/une-equipe-de-recherche-met-a-profit-leurs-interets-communs-afin-didentifier-les-facteurs-lies-a-la-detresse-des-parents-denfants-ayant-une-deficience-intellectuelle\/#primaryimage"},"image":{"@id":"https:\/\/www.uqac.ca\/uqactualites\/2011\/03\/14\/une-equipe-de-recherche-met-a-profit-leurs-interets-communs-afin-didentifier-les-facteurs-lies-a-la-detresse-des-parents-denfants-ayant-une-deficience-intellectuelle\/#primaryimage"},"thumbnailUrl":"http:\/\/www.uqac.ca\/wp-content\/uploads\/2012\/03\/RQ15e7lF3uVnt2Tx-300x200.jpg","datePublished":"2011-03-14T21:52:04+00:00","dateModified":"2011-03-14T21:52:04+00:00","author":{"@id":"https:\/\/www.uqac.ca\/uqactualites\/#\/schema\/person\/366c45a0c4f0e677b41b4af5886e2018"},"breadcrumb":{"@id":"https:\/\/www.uqac.ca\/uqactualites\/2011\/03\/14\/une-equipe-de-recherche-met-a-profit-leurs-interets-communs-afin-didentifier-les-facteurs-lies-a-la-detresse-des-parents-denfants-ayant-une-deficience-intellectuelle\/#breadcrumb"},"inLanguage":"fr-CA","potentialAction":[{"@type":"ReadAction","target":["https:\/\/www.uqac.ca\/uqactualites\/2011\/03\/14\/une-equipe-de-recherche-met-a-profit-leurs-interets-communs-afin-didentifier-les-facteurs-lies-a-la-detresse-des-parents-denfants-ayant-une-deficience-intellectuelle\/"]}]},{"@type":"ImageObject","inLanguage":"fr-CA","@id":"https:\/\/www.uqac.ca\/uqactualites\/2011\/03\/14\/une-equipe-de-recherche-met-a-profit-leurs-interets-communs-afin-didentifier-les-facteurs-lies-a-la-detresse-des-parents-denfants-ayant-une-deficience-intellectuelle\/#primaryimage","url":"http:\/\/www.uqac.ca\/wp-content\/uploads\/2012\/03\/RQ15e7lF3uVnt2Tx-300x200.jpg","contentUrl":"http:\/\/www.uqac.ca\/wp-content\/uploads\/2012\/03\/RQ15e7lF3uVnt2Tx-300x200.jpg"},{"@type":"BreadcrumbList","@id":"https:\/\/www.uqac.ca\/uqactualites\/2011\/03\/14\/une-equipe-de-recherche-met-a-profit-leurs-interets-communs-afin-didentifier-les-facteurs-lies-a-la-detresse-des-parents-denfants-ayant-une-deficience-intellectuelle\/#breadcrumb","itemListElement":[{"@type":"ListItem","position":1,"name":"Home","item":"https:\/\/www.uqac.ca\/uqactualites\/"},{"@type":"ListItem","position":2,"name":"Une \u00e9quipe de recherche met \u00e0 profit leurs int\u00e9r\u00eats communs afin d&rsquo;identifier les facteurs li\u00e9s \u00e0 la d\u00e9tresse des parents d&rsquo;enfants ayant une d\u00e9ficience intellectuelle"}]},{"@type":"WebSite","@id":"https:\/\/www.uqac.ca\/uqactualites\/#website","url":"https:\/\/www.uqac.ca\/uqactualites\/","name":"UQACtualit\u00e9s","description":"Le portail des nouvelles de l&#039;UQAC","potentialAction":[{"@type":"SearchAction","target":{"@type":"EntryPoint","urlTemplate":"https:\/\/www.uqac.ca\/uqactualites\/?s={search_term_string}"},"query-input":{"@type":"PropertyValueSpecification","valueRequired":true,"valueName":"search_term_string"}}],"inLanguage":"fr-CA"},{"@type":"Person","@id":"https:\/\/www.uqac.ca\/uqactualites\/#\/schema\/person\/366c45a0c4f0e677b41b4af5886e2018","name":"Service des communications et des relations publiques","image":{"@type":"ImageObject","inLanguage":"fr-CA","@id":"https:\/\/www.uqac.ca\/uqactualites\/#\/schema\/person\/image\/","url":"https:\/\/secure.gravatar.com\/avatar\/20fbbda8a292f59f2d3461a5b999c00b?s=96&d=mm&r=g","contentUrl":"https:\/\/secure.gravatar.com\/avatar\/20fbbda8a292f59f2d3461a5b999c00b?s=96&d=mm&r=g","caption":"Service des communications et des relations publiques"},"url":"https:\/\/www.uqac.ca\/uqactualites\/author\/bap\/"}]}},"_links":{"self":[{"href":"https:\/\/www.uqac.ca\/uqactualites\/wp-json\/wp\/v2\/posts\/19234"}],"collection":[{"href":"https:\/\/www.uqac.ca\/uqactualites\/wp-json\/wp\/v2\/posts"}],"about":[{"href":"https:\/\/www.uqac.ca\/uqactualites\/wp-json\/wp\/v2\/types\/post"}],"author":[{"embeddable":true,"href":"https:\/\/www.uqac.ca\/uqactualites\/wp-json\/wp\/v2\/users\/5"}],"replies":[{"embeddable":true,"href":"https:\/\/www.uqac.ca\/uqactualites\/wp-json\/wp\/v2\/comments?post=19234"}],"version-history":[{"count":0,"href":"https:\/\/www.uqac.ca\/uqactualites\/wp-json\/wp\/v2\/posts\/19234\/revisions"}],"wp:attachment":[{"href":"https:\/\/www.uqac.ca\/uqactualites\/wp-json\/wp\/v2\/media?parent=19234"}],"wp:term":[{"taxonomy":"category","embeddable":true,"href":"https:\/\/www.uqac.ca\/uqactualites\/wp-json\/wp\/v2\/categories?post=19234"},{"taxonomy":"post_tag","embeddable":true,"href":"https:\/\/www.uqac.ca\/uqactualites\/wp-json\/wp\/v2\/tags?post=19234"}],"curies":[{"name":"wp","href":"https:\/\/api.w.org\/{rel}","templated":true}]}}