{"id":19243,"date":"2011-02-16T09:22:47","date_gmt":"2011-02-16T14:52:47","guid":{"rendered":"http:\/\/uqactualite.odev.ca\/2011\/02\/personnes-atteintes-de-troubles-mentaux-graves-le-plus-difficile-combattre-les-prejuges\/"},"modified":"2011-02-16T09:22:47","modified_gmt":"2011-02-16T14:52:47","slug":"personnes-atteintes-de-troubles-mentaux-graves-le-plus-difficile-combattre-les-prejuges","status":"publish","type":"post","link":"https:\/\/www.uqac.ca\/uqactualites\/2011\/02\/16\/personnes-atteintes-de-troubles-mentaux-graves-le-plus-difficile-combattre-les-prejuges\/","title":{"rendered":"Personnes atteintes de troubles mentaux graves &#8211; Le plus difficile, combattre les pr\u00e9jug\u00e9s"},"content":{"rendered":"<p><figure id=\"attachment_19243\" aria-describedby=\"caption-attachment-19243\" style=\"width: 163px\" class=\"wp-caption alignright\"><a href=\"http:\/\/www.uqac.ca\/wp-content\/uploads\/2012\/03\/Htg4EUmAXMyUvG0t.jpg\"><img loading=\"lazy\" decoding=\"async\" class=\"size-medium wp-image-19243\" title=\"Htg4EUmAXMyUvG0t\" src=\"http:\/\/www.uqac.ca\/wp-content\/uploads\/2012\/03\/Htg4EUmAXMyUvG0t-163x300.jpg\" width=\"163\" height=\"300\" alt=\"\" \/><\/a><figcaption id=\"caption-attachment-19243\" class=\"wp-caption-text\">Professeure en travail social au D\u00e9partement des sciences humaines de l&#039;UQAC, l&#039;int\u00e9r\u00eat de Christiane Bergeron-Leclerc pour les personnes souffrant de troubles mentaux graves l&#039;a men\u00e9e \u00e0 entreprendre une importante recherche sur le r\u00e9tablissement en sant\u00e9 mentale. (Photo Jeannot L\u00e9vesque) <\/figcaption><\/figure>CHICOUTIMI &#8211; Entre 40 et 60&nbsp;% des personnes atteintes de troubles mentaux graves tels que la schizophr\u00e9nie vont conna\u00eetre le r\u00e9tablissement au cours de leur vie. En d&rsquo;autres mots, ils pourront, \u00e0 un moment donn\u00e9, reprendre leur place comme citoyen dans la soci\u00e9t\u00e9. <\/p>\n<p>Toutefois, seulement 10&nbsp;% r\u00e9ussissent \u00e0 obtenir et garder un emploi en raison des pr\u00e9jug\u00e9s et du contexte socio\u00e9conomique actuel qui pr\u00f4ne des valeurs de comp\u00e9tition et de performance. La plupart de ces gens connaissent donc une situation de pauvret\u00e9 et se sentent \u00e0 l&rsquo;\u00e9cart de la soci\u00e9t\u00e9. <\/p>\n<p>Professeure en travail social au D\u00e9partement des sciences humaines de l&rsquo;Universit\u00e9 du Qu\u00e9bec \u00e0 Chicoutimi (UQAC), Christiane Bergeron-Leclerc s&rsquo;int\u00e9resse \u00e0 la situation des personnes souffrant de troubles mentaux graves qui vivent des \u00e9pisodes psychotiques, de d\u00e9lire, et qui entendent des voix. <\/p>\n<p>\u00ab&nbsp;Je ne m&rsquo;int\u00e9resse pas au c\u00f4t\u00e9 biologique. Je veux savoir s&rsquo;ils peuvent s&rsquo;int\u00e9grer ou non dans la soci\u00e9t\u00e9 en lien avec leur maladie&nbsp;\u00bb, mentionne celle qui a d\u00e9j\u00e0 travaill\u00e9 dans une clinique comme intervenante aupr\u00e8s de ces personnes. <\/p>\n<p>L&rsquo;int\u00e9r\u00eat de la professeure pour le domaine, qui lui a d&rsquo;ailleurs servi pour compl\u00e9ter sa th\u00e8se de doctorat, l&rsquo;a men\u00e9e \u00e0 entreprendre une importante recherche sur le r\u00e9tablissement en sant\u00e9 mentale. Elle en est pr\u00e9sentement \u00e0 la phase de d\u00e9marrage du projet. <\/p>\n<p>\u00ab&nbsp;Je fais partie de l&rsquo;Alliance de recherche sur le r\u00e9tablissement qui rassemble 30 chercheurs du Qu\u00e9bec. Cela me permet d&rsquo;obtenir des subventions pour financer les \u00e9tudes des dix \u00e9tudiants \u00e0 la ma\u00eetrise qui participent au projet&nbsp;\u00bb, soutient-elle. <\/p>\n<p>Le programme de recherche comprend trois objectifs principaux, soit comprendre les facteurs qui facilitent ou nuisent \u00e0 l&rsquo;int\u00e9gration sociale des personnes ayant des troubles mentaux graves, identifier les facteurs qui facilitent ou nuisent \u00e0 la mise en place de services orient\u00e9s vers l&rsquo;int\u00e9gration sociale et, finalement, identifier les pratiques communautaires et psychosociales qui facilitent ou nuisent \u00e0 leur int\u00e9gration. <\/p>\n<p>La recherche devrait s&rsquo;\u00e9tendre sur trois ans, en collaboration avec l&rsquo;Agence r\u00e9gionale de la sant\u00e9 et des services sociaux (ARSSS) ainsi que la division r\u00e9gionale de l&rsquo;Association canadienne pour la sant\u00e9 mentale et le Centre de sant\u00e9 et de services sociaux (CSSS) de Chicoutimi. <\/p>\n<p>\u00ab&nbsp;Un projet de recherche en science sociale n\u00e9cessite beaucoup de rencontres cliniques avec des intervenants afin de savoir comment ils travaillent avec les personnes ayant des troubles psychotiques. Cet \u00e9t\u00e9, on va observer deux types de cliniques qui offrent un suivi intensif dans le milieu et un suivi d&rsquo;intensit\u00e9 variable. Ces services sont offerts par les CSSS. Ensuite, nous allons \u00e9valuer les \u00e9quipes de soutien \u00e0 l&#8217;emploi pour la r\u00e9insertion au march\u00e9 du travail. Ce service est, quant \u00e0 lui, offert par diff\u00e9rents organismes dans la r\u00e9gion&nbsp;\u00bb, ajoute-t-elle. <\/p>\n<p>Ainsi, l&rsquo;\u00e9quipe de chercheurs pourra \u00e9tablir un portrait de ces pratiques pour ensuite donner une formation aux intervenants sociaux afin de mieux les outiller. Le tout dans le but de trouver des pratiques plus efficaces pour favoriser le r\u00e9tablissement en sant\u00e9 mentale. <\/p>\n<p>\u00ab&nbsp;Les traitements pharmacologiques et psychosociaux sont les meilleurs rem\u00e8des. Lorsqu&rsquo;on a enlev\u00e9 les lits dans les h\u00f4pitaux avec la d\u00e9sinstitutionnalisation, on n&rsquo;a pas offert le soutien n\u00e9cessaire. Gr\u00e2ce \u00e0 nos observations, on va voir si on favorise l&rsquo;appropriation du pouvoir lors des consultations et comment les patients \u00e9voluent. Les intervenants nous disent souvent que le plus dur n&rsquo;est pas de g\u00e9rer les sympt\u00f4mes de la maladie, mais le poids de celle-ci en raison des pr\u00e9jug\u00e9s&nbsp;\u00bb, conclut-elle. <\/p>\n<p>Audrey Pouliot<br \/>\nLe Quotidien<br \/>\nActualit\u00e9s, samedi, 12 f\u00e9vrier 2011, p. 12<\/p>\n","protected":false},"excerpt":{"rendered":"<p>CHICOUTIMI &#8211; Entre 40 et 60&nbsp;% des personnes atteintes de troubles mentaux graves tels que la schizophr\u00e9nie vont conna\u00eetre le r\u00e9tablissement au cours de leur vie. En d&rsquo;autres mots, ils pourront, \u00e0 un moment donn\u00e9, reprendre leur place comme citoyen dans la soci\u00e9t\u00e9. Toutefois, seulement 10&nbsp;% r\u00e9ussissent \u00e0 obtenir et garder un emploi en raison [&hellip;]<\/p>\n","protected":false},"author":5,"featured_media":0,"comment_status":"closed","ping_status":"1","sticky":false,"template":"","format":"standard","meta":{"footnotes":""},"categories":[2772],"tags":[],"yoast_head":"<!-- This site is optimized with the Yoast SEO plugin v24.2 - https:\/\/yoast.com\/wordpress\/plugins\/seo\/ -->\r\n<title>Personnes atteintes de troubles mentaux graves - Le plus difficile, combattre les pr\u00e9jug\u00e9s - UQACtualit\u00e9s<\/title>\r\n<meta name=\"robots\" content=\"index, follow, max-snippet:-1, max-image-preview:large, max-video-preview:-1\" \/>\r\n<link rel=\"canonical\" href=\"https:\/\/www.uqac.ca\/uqactualites\/2011\/02\/16\/personnes-atteintes-de-troubles-mentaux-graves-le-plus-difficile-combattre-les-prejuges\/\" \/>\r\n<meta property=\"og:locale\" content=\"fr_CA\" \/>\r\n<meta property=\"og:type\" content=\"article\" \/>\r\n<meta property=\"og:title\" content=\"Personnes atteintes de troubles mentaux graves - Le plus difficile, combattre les pr\u00e9jug\u00e9s - UQACtualit\u00e9s\" \/>\r\n<meta property=\"og:description\" content=\"CHICOUTIMI &#8211; Entre 40 et 60&nbsp;% des personnes atteintes de troubles mentaux graves tels que la schizophr\u00e9nie vont conna\u00eetre le r\u00e9tablissement au cours de leur vie. En d&rsquo;autres mots, ils pourront, \u00e0 un moment donn\u00e9, reprendre leur place comme citoyen dans la soci\u00e9t\u00e9. Toutefois, seulement 10&nbsp;% r\u00e9ussissent \u00e0 obtenir et garder un emploi en raison [&hellip;]\" \/>\r\n<meta property=\"og:url\" content=\"https:\/\/www.uqac.ca\/uqactualites\/2011\/02\/16\/personnes-atteintes-de-troubles-mentaux-graves-le-plus-difficile-combattre-les-prejuges\/\" \/>\r\n<meta property=\"og:site_name\" content=\"UQACtualit\u00e9s\" \/>\r\n<meta property=\"article:published_time\" content=\"2011-02-16T14:52:47+00:00\" \/>\r\n<meta property=\"og:image\" content=\"http:\/\/www.uqac.ca\/wp-content\/uploads\/2012\/03\/Htg4EUmAXMyUvG0t-163x300.jpg\" \/>\r\n<meta name=\"author\" content=\"Service des communications et des relations publiques\" \/>\r\n<meta name=\"twitter:card\" content=\"summary_large_image\" \/>\r\n<meta name=\"twitter:label1\" content=\"\u00c9crit par\" \/>\n\t<meta name=\"twitter:data1\" content=\"Service des communications et des relations publiques\" \/>\n\t<meta name=\"twitter:label2\" content=\"Estimation du temps de lecture\" \/>\n\t<meta name=\"twitter:data2\" content=\"3 minutes\" \/>\r\n<script type=\"application\/ld+json\" class=\"yoast-schema-graph\">{\"@context\":\"https:\/\/schema.org\",\"@graph\":[{\"@type\":\"WebPage\",\"@id\":\"https:\/\/www.uqac.ca\/uqactualites\/2011\/02\/16\/personnes-atteintes-de-troubles-mentaux-graves-le-plus-difficile-combattre-les-prejuges\/\",\"url\":\"https:\/\/www.uqac.ca\/uqactualites\/2011\/02\/16\/personnes-atteintes-de-troubles-mentaux-graves-le-plus-difficile-combattre-les-prejuges\/\",\"name\":\"Personnes atteintes de troubles mentaux graves - Le plus difficile, combattre les pr\u00e9jug\u00e9s - UQACtualit\u00e9s\",\"isPartOf\":{\"@id\":\"https:\/\/www.uqac.ca\/uqactualites\/#website\"},\"primaryImageOfPage\":{\"@id\":\"https:\/\/www.uqac.ca\/uqactualites\/2011\/02\/16\/personnes-atteintes-de-troubles-mentaux-graves-le-plus-difficile-combattre-les-prejuges\/#primaryimage\"},\"image\":{\"@id\":\"https:\/\/www.uqac.ca\/uqactualites\/2011\/02\/16\/personnes-atteintes-de-troubles-mentaux-graves-le-plus-difficile-combattre-les-prejuges\/#primaryimage\"},\"thumbnailUrl\":\"http:\/\/www.uqac.ca\/wp-content\/uploads\/2012\/03\/Htg4EUmAXMyUvG0t-163x300.jpg\",\"datePublished\":\"2011-02-16T14:52:47+00:00\",\"dateModified\":\"2011-02-16T14:52:47+00:00\",\"author\":{\"@id\":\"https:\/\/www.uqac.ca\/uqactualites\/#\/schema\/person\/366c45a0c4f0e677b41b4af5886e2018\"},\"breadcrumb\":{\"@id\":\"https:\/\/www.uqac.ca\/uqactualites\/2011\/02\/16\/personnes-atteintes-de-troubles-mentaux-graves-le-plus-difficile-combattre-les-prejuges\/#breadcrumb\"},\"inLanguage\":\"fr-CA\",\"potentialAction\":[{\"@type\":\"ReadAction\",\"target\":[\"https:\/\/www.uqac.ca\/uqactualites\/2011\/02\/16\/personnes-atteintes-de-troubles-mentaux-graves-le-plus-difficile-combattre-les-prejuges\/\"]}]},{\"@type\":\"ImageObject\",\"inLanguage\":\"fr-CA\",\"@id\":\"https:\/\/www.uqac.ca\/uqactualites\/2011\/02\/16\/personnes-atteintes-de-troubles-mentaux-graves-le-plus-difficile-combattre-les-prejuges\/#primaryimage\",\"url\":\"http:\/\/www.uqac.ca\/wp-content\/uploads\/2012\/03\/Htg4EUmAXMyUvG0t-163x300.jpg\",\"contentUrl\":\"http:\/\/www.uqac.ca\/wp-content\/uploads\/2012\/03\/Htg4EUmAXMyUvG0t-163x300.jpg\"},{\"@type\":\"BreadcrumbList\",\"@id\":\"https:\/\/www.uqac.ca\/uqactualites\/2011\/02\/16\/personnes-atteintes-de-troubles-mentaux-graves-le-plus-difficile-combattre-les-prejuges\/#breadcrumb\",\"itemListElement\":[{\"@type\":\"ListItem\",\"position\":1,\"name\":\"Home\",\"item\":\"https:\/\/www.uqac.ca\/uqactualites\/\"},{\"@type\":\"ListItem\",\"position\":2,\"name\":\"Personnes atteintes de troubles mentaux graves &#8211; Le plus difficile, combattre les pr\u00e9jug\u00e9s\"}]},{\"@type\":\"WebSite\",\"@id\":\"https:\/\/www.uqac.ca\/uqactualites\/#website\",\"url\":\"https:\/\/www.uqac.ca\/uqactualites\/\",\"name\":\"UQACtualit\u00e9s\",\"description\":\"Le portail des nouvelles de l&#039;UQAC\",\"potentialAction\":[{\"@type\":\"SearchAction\",\"target\":{\"@type\":\"EntryPoint\",\"urlTemplate\":\"https:\/\/www.uqac.ca\/uqactualites\/?s={search_term_string}\"},\"query-input\":{\"@type\":\"PropertyValueSpecification\",\"valueRequired\":true,\"valueName\":\"search_term_string\"}}],\"inLanguage\":\"fr-CA\"},{\"@type\":\"Person\",\"@id\":\"https:\/\/www.uqac.ca\/uqactualites\/#\/schema\/person\/366c45a0c4f0e677b41b4af5886e2018\",\"name\":\"Service des communications et des relations publiques\",\"image\":{\"@type\":\"ImageObject\",\"inLanguage\":\"fr-CA\",\"@id\":\"https:\/\/www.uqac.ca\/uqactualites\/#\/schema\/person\/image\/\",\"url\":\"https:\/\/secure.gravatar.com\/avatar\/20fbbda8a292f59f2d3461a5b999c00b?s=96&d=mm&r=g\",\"contentUrl\":\"https:\/\/secure.gravatar.com\/avatar\/20fbbda8a292f59f2d3461a5b999c00b?s=96&d=mm&r=g\",\"caption\":\"Service des communications et des relations publiques\"},\"url\":\"https:\/\/www.uqac.ca\/uqactualites\/author\/bap\/\"}]}<\/script>\r\n<!-- \/ Yoast SEO plugin. -->","yoast_head_json":{"title":"Personnes atteintes de troubles mentaux graves - Le plus difficile, combattre les pr\u00e9jug\u00e9s - UQACtualit\u00e9s","robots":{"index":"index","follow":"follow","max-snippet":"max-snippet:-1","max-image-preview":"max-image-preview:large","max-video-preview":"max-video-preview:-1"},"canonical":"https:\/\/www.uqac.ca\/uqactualites\/2011\/02\/16\/personnes-atteintes-de-troubles-mentaux-graves-le-plus-difficile-combattre-les-prejuges\/","og_locale":"fr_CA","og_type":"article","og_title":"Personnes atteintes de troubles mentaux graves - Le plus difficile, combattre les pr\u00e9jug\u00e9s - UQACtualit\u00e9s","og_description":"CHICOUTIMI &#8211; Entre 40 et 60&nbsp;% des personnes atteintes de troubles mentaux graves tels que la schizophr\u00e9nie vont conna\u00eetre le r\u00e9tablissement au cours de leur vie. En d&rsquo;autres mots, ils pourront, \u00e0 un moment donn\u00e9, reprendre leur place comme citoyen dans la soci\u00e9t\u00e9. Toutefois, seulement 10&nbsp;% r\u00e9ussissent \u00e0 obtenir et garder un emploi en raison [&hellip;]","og_url":"https:\/\/www.uqac.ca\/uqactualites\/2011\/02\/16\/personnes-atteintes-de-troubles-mentaux-graves-le-plus-difficile-combattre-les-prejuges\/","og_site_name":"UQACtualit\u00e9s","article_published_time":"2011-02-16T14:52:47+00:00","og_image":[{"url":"http:\/\/www.uqac.ca\/wp-content\/uploads\/2012\/03\/Htg4EUmAXMyUvG0t-163x300.jpg","type":"","width":"","height":""}],"author":"Service des communications et des relations publiques","twitter_card":"summary_large_image","twitter_misc":{"\u00c9crit par":"Service des communications et des relations publiques","Estimation du temps de lecture":"3 minutes"},"schema":{"@context":"https:\/\/schema.org","@graph":[{"@type":"WebPage","@id":"https:\/\/www.uqac.ca\/uqactualites\/2011\/02\/16\/personnes-atteintes-de-troubles-mentaux-graves-le-plus-difficile-combattre-les-prejuges\/","url":"https:\/\/www.uqac.ca\/uqactualites\/2011\/02\/16\/personnes-atteintes-de-troubles-mentaux-graves-le-plus-difficile-combattre-les-prejuges\/","name":"Personnes atteintes de troubles mentaux graves - Le plus difficile, combattre les pr\u00e9jug\u00e9s - UQACtualit\u00e9s","isPartOf":{"@id":"https:\/\/www.uqac.ca\/uqactualites\/#website"},"primaryImageOfPage":{"@id":"https:\/\/www.uqac.ca\/uqactualites\/2011\/02\/16\/personnes-atteintes-de-troubles-mentaux-graves-le-plus-difficile-combattre-les-prejuges\/#primaryimage"},"image":{"@id":"https:\/\/www.uqac.ca\/uqactualites\/2011\/02\/16\/personnes-atteintes-de-troubles-mentaux-graves-le-plus-difficile-combattre-les-prejuges\/#primaryimage"},"thumbnailUrl":"http:\/\/www.uqac.ca\/wp-content\/uploads\/2012\/03\/Htg4EUmAXMyUvG0t-163x300.jpg","datePublished":"2011-02-16T14:52:47+00:00","dateModified":"2011-02-16T14:52:47+00:00","author":{"@id":"https:\/\/www.uqac.ca\/uqactualites\/#\/schema\/person\/366c45a0c4f0e677b41b4af5886e2018"},"breadcrumb":{"@id":"https:\/\/www.uqac.ca\/uqactualites\/2011\/02\/16\/personnes-atteintes-de-troubles-mentaux-graves-le-plus-difficile-combattre-les-prejuges\/#breadcrumb"},"inLanguage":"fr-CA","potentialAction":[{"@type":"ReadAction","target":["https:\/\/www.uqac.ca\/uqactualites\/2011\/02\/16\/personnes-atteintes-de-troubles-mentaux-graves-le-plus-difficile-combattre-les-prejuges\/"]}]},{"@type":"ImageObject","inLanguage":"fr-CA","@id":"https:\/\/www.uqac.ca\/uqactualites\/2011\/02\/16\/personnes-atteintes-de-troubles-mentaux-graves-le-plus-difficile-combattre-les-prejuges\/#primaryimage","url":"http:\/\/www.uqac.ca\/wp-content\/uploads\/2012\/03\/Htg4EUmAXMyUvG0t-163x300.jpg","contentUrl":"http:\/\/www.uqac.ca\/wp-content\/uploads\/2012\/03\/Htg4EUmAXMyUvG0t-163x300.jpg"},{"@type":"BreadcrumbList","@id":"https:\/\/www.uqac.ca\/uqactualites\/2011\/02\/16\/personnes-atteintes-de-troubles-mentaux-graves-le-plus-difficile-combattre-les-prejuges\/#breadcrumb","itemListElement":[{"@type":"ListItem","position":1,"name":"Home","item":"https:\/\/www.uqac.ca\/uqactualites\/"},{"@type":"ListItem","position":2,"name":"Personnes atteintes de troubles mentaux graves &#8211; Le plus difficile, combattre les pr\u00e9jug\u00e9s"}]},{"@type":"WebSite","@id":"https:\/\/www.uqac.ca\/uqactualites\/#website","url":"https:\/\/www.uqac.ca\/uqactualites\/","name":"UQACtualit\u00e9s","description":"Le portail des nouvelles de l&#039;UQAC","potentialAction":[{"@type":"SearchAction","target":{"@type":"EntryPoint","urlTemplate":"https:\/\/www.uqac.ca\/uqactualites\/?s={search_term_string}"},"query-input":{"@type":"PropertyValueSpecification","valueRequired":true,"valueName":"search_term_string"}}],"inLanguage":"fr-CA"},{"@type":"Person","@id":"https:\/\/www.uqac.ca\/uqactualites\/#\/schema\/person\/366c45a0c4f0e677b41b4af5886e2018","name":"Service des communications et des relations publiques","image":{"@type":"ImageObject","inLanguage":"fr-CA","@id":"https:\/\/www.uqac.ca\/uqactualites\/#\/schema\/person\/image\/","url":"https:\/\/secure.gravatar.com\/avatar\/20fbbda8a292f59f2d3461a5b999c00b?s=96&d=mm&r=g","contentUrl":"https:\/\/secure.gravatar.com\/avatar\/20fbbda8a292f59f2d3461a5b999c00b?s=96&d=mm&r=g","caption":"Service des communications et des relations publiques"},"url":"https:\/\/www.uqac.ca\/uqactualites\/author\/bap\/"}]}},"_links":{"self":[{"href":"https:\/\/www.uqac.ca\/uqactualites\/wp-json\/wp\/v2\/posts\/19243"}],"collection":[{"href":"https:\/\/www.uqac.ca\/uqactualites\/wp-json\/wp\/v2\/posts"}],"about":[{"href":"https:\/\/www.uqac.ca\/uqactualites\/wp-json\/wp\/v2\/types\/post"}],"author":[{"embeddable":true,"href":"https:\/\/www.uqac.ca\/uqactualites\/wp-json\/wp\/v2\/users\/5"}],"replies":[{"embeddable":true,"href":"https:\/\/www.uqac.ca\/uqactualites\/wp-json\/wp\/v2\/comments?post=19243"}],"version-history":[{"count":0,"href":"https:\/\/www.uqac.ca\/uqactualites\/wp-json\/wp\/v2\/posts\/19243\/revisions"}],"wp:attachment":[{"href":"https:\/\/www.uqac.ca\/uqactualites\/wp-json\/wp\/v2\/media?parent=19243"}],"wp:term":[{"taxonomy":"category","embeddable":true,"href":"https:\/\/www.uqac.ca\/uqactualites\/wp-json\/wp\/v2\/categories?post=19243"},{"taxonomy":"post_tag","embeddable":true,"href":"https:\/\/www.uqac.ca\/uqactualites\/wp-json\/wp\/v2\/tags?post=19243"}],"curies":[{"name":"wp","href":"https:\/\/api.w.org\/{rel}","templated":true}]}}