{"id":19246,"date":"2011-02-08T11:15:36","date_gmt":"2011-02-08T16:45:36","guid":{"rendered":"http:\/\/uqactualite.odev.ca\/2011\/02\/contribution-a-la-geographie-de-la-nuit\/"},"modified":"2011-02-08T11:15:36","modified_gmt":"2011-02-08T16:45:36","slug":"contribution-a-la-geographie-de-la-nuit","status":"publish","type":"post","link":"https:\/\/www.uqac.ca\/uqactualites\/2011\/02\/08\/contribution-a-la-geographie-de-la-nuit\/","title":{"rendered":"Contribution \u00e0 la g\u00e9ographie de la nuit"},"content":{"rendered":"<p><figure id=\"attachment_19246\" aria-describedby=\"caption-attachment-19246\" style=\"width: 300px\" class=\"wp-caption alignright\"><a href=\"http:\/\/www.uqac.ca\/wp-content\/uploads\/2012\/03\/aeBe9BdaPvv7mI41.jpg\"><img loading=\"lazy\" decoding=\"async\" class=\"size-medium wp-image-19246\" title=\"aeBe9BdaPvv7mI41\" src=\"http:\/\/www.uqac.ca\/wp-content\/uploads\/2012\/03\/aeBe9BdaPvv7mI41-300x225.jpg\" width=\"300\" height=\"225\" alt=\"\" \/><\/a><figcaption id=\"caption-attachment-19246\" class=\"wp-caption-text\">Les auteurs de cette recherche Daniel Beaulieu-Gagnon, jeune gradu\u00e9 en g\u00e9ographie; Majella J. Gauthier, g\u00e9ographe et professeur \u00e9m\u00e9rite<\/figcaption><\/figure>Un g\u00e9ographe n&rsquo;a-t-il pas dit un jour \u00ab&nbsp;<em>une ville o\u00f9 on ne peut manger la nuit n&rsquo;est pas une ville!<\/em>&nbsp;\u00bb Alors, o\u00f9 manger \u00e0 Ville de Saguenay la nuit?<\/p>\n<p>Cette pr\u00e9misse a amen\u00e9 Majella J. Gauthier, g\u00e9ographe et professeur \u00e9m\u00e9rite de l&rsquo;UQAC et Daniel Beaulieu-Gagnon, jeune gradu\u00e9 en g\u00e9ographie, \u00e0 se questionner sur le sujet. Ils ont cherch\u00e9 \u00e0 comprendre comment les activit\u00e9s li\u00e9es \u00e0 la prise de repas varient au cours de la journ\u00e9e et, plus particuli\u00e8rement, comment elles se distinguent entre le jour et la nuit.<\/p>\n<p>Ils ont identifi\u00e9 220 \u00e9tablissements, \u00e0 Saguenay, o\u00f9 l&rsquo;on peut manger (restaurants, bars et lieux d&rsquo;h\u00e9bergement). \u00c0 partir de cette donn\u00e9e, 23 \u00e9tablissements demeurent ouverts la nuit, soit 11 %. Ces derniers correspondent davantage \u00e0 de la restauration rapide et sont localis\u00e9s dans le centre-ville de l&rsquo;agglom\u00e9ration Jonqui\u00e8re.<\/p>\n<p>Nous vous invitons \u00e0 consulter leur analyse au <a href=\"http:\/\/www.uqac.ca\/atlas\">www.uqac.ca\/atlas<\/a> qui d\u00e9montre clairement, \u00e0 l&rsquo;aide de cartes et de diagrammes, que la vie continue bel et bien la nuit, \u00e0 Saguenay.<\/p>\n","protected":false},"excerpt":{"rendered":"<p>Un g\u00e9ographe n&rsquo;a-t-il pas dit un jour \u00ab&nbsp;une ville o\u00f9 on ne peut manger la nuit n&rsquo;est pas une ville!&nbsp;\u00bb Alors, o\u00f9 manger \u00e0 Ville de Saguenay la nuit? Cette pr\u00e9misse a amen\u00e9 Majella J. Gauthier, g\u00e9ographe et professeur \u00e9m\u00e9rite de l&rsquo;UQAC et Daniel Beaulieu-Gagnon, jeune gradu\u00e9 en g\u00e9ographie, \u00e0 se questionner sur le sujet. [&hellip;]<\/p>\n","protected":false},"author":5,"featured_media":0,"comment_status":"closed","ping_status":"1","sticky":false,"template":"","format":"standard","meta":{"footnotes":""},"categories":[2],"tags":[],"yoast_head":"<!-- This site is optimized with the Yoast SEO plugin v24.2 - https:\/\/yoast.com\/wordpress\/plugins\/seo\/ -->\r\n<title>Contribution \u00e0 la g\u00e9ographie de la nuit - UQACtualit\u00e9s<\/title>\r\n<meta name=\"robots\" content=\"index, follow, max-snippet:-1, max-image-preview:large, max-video-preview:-1\" \/>\r\n<link rel=\"canonical\" href=\"https:\/\/www.uqac.ca\/uqactualites\/2011\/02\/08\/contribution-a-la-geographie-de-la-nuit\/\" \/>\r\n<meta property=\"og:locale\" content=\"fr_CA\" \/>\r\n<meta property=\"og:type\" content=\"article\" \/>\r\n<meta property=\"og:title\" content=\"Contribution \u00e0 la g\u00e9ographie de la nuit - UQACtualit\u00e9s\" \/>\r\n<meta property=\"og:description\" content=\"Un g\u00e9ographe n&rsquo;a-t-il pas dit un jour \u00ab&nbsp;une ville o\u00f9 on ne peut manger la nuit n&rsquo;est pas une ville!&nbsp;\u00bb Alors, o\u00f9 manger \u00e0 Ville de Saguenay la nuit? Cette pr\u00e9misse a amen\u00e9 Majella J. Gauthier, g\u00e9ographe et professeur \u00e9m\u00e9rite de l&rsquo;UQAC et Daniel Beaulieu-Gagnon, jeune gradu\u00e9 en g\u00e9ographie, \u00e0 se questionner sur le sujet. [&hellip;]\" \/>\r\n<meta property=\"og:url\" content=\"https:\/\/www.uqac.ca\/uqactualites\/2011\/02\/08\/contribution-a-la-geographie-de-la-nuit\/\" \/>\r\n<meta property=\"og:site_name\" content=\"UQACtualit\u00e9s\" \/>\r\n<meta property=\"article:published_time\" content=\"2011-02-08T16:45:36+00:00\" \/>\r\n<meta property=\"og:image\" content=\"http:\/\/www.uqac.ca\/wp-content\/uploads\/2012\/03\/aeBe9BdaPvv7mI41-300x225.jpg\" \/>\r\n<meta name=\"author\" content=\"Service des communications et des relations publiques\" \/>\r\n<meta name=\"twitter:card\" content=\"summary_large_image\" \/>\r\n<meta name=\"twitter:label1\" content=\"\u00c9crit par\" \/>\n\t<meta name=\"twitter:data1\" content=\"Service des communications et des relations publiques\" \/>\n\t<meta name=\"twitter:label2\" content=\"Estimation du temps de lecture\" \/>\n\t<meta name=\"twitter:data2\" content=\"1 minute\" \/>\r\n<script type=\"application\/ld+json\" class=\"yoast-schema-graph\">{\"@context\":\"https:\/\/schema.org\",\"@graph\":[{\"@type\":\"WebPage\",\"@id\":\"https:\/\/www.uqac.ca\/uqactualites\/2011\/02\/08\/contribution-a-la-geographie-de-la-nuit\/\",\"url\":\"https:\/\/www.uqac.ca\/uqactualites\/2011\/02\/08\/contribution-a-la-geographie-de-la-nuit\/\",\"name\":\"Contribution \u00e0 la g\u00e9ographie de la nuit - UQACtualit\u00e9s\",\"isPartOf\":{\"@id\":\"https:\/\/www.uqac.ca\/uqactualites\/#website\"},\"primaryImageOfPage\":{\"@id\":\"https:\/\/www.uqac.ca\/uqactualites\/2011\/02\/08\/contribution-a-la-geographie-de-la-nuit\/#primaryimage\"},\"image\":{\"@id\":\"https:\/\/www.uqac.ca\/uqactualites\/2011\/02\/08\/contribution-a-la-geographie-de-la-nuit\/#primaryimage\"},\"thumbnailUrl\":\"http:\/\/www.uqac.ca\/wp-content\/uploads\/2012\/03\/aeBe9BdaPvv7mI41-300x225.jpg\",\"datePublished\":\"2011-02-08T16:45:36+00:00\",\"dateModified\":\"2011-02-08T16:45:36+00:00\",\"author\":{\"@id\":\"https:\/\/www.uqac.ca\/uqactualites\/#\/schema\/person\/366c45a0c4f0e677b41b4af5886e2018\"},\"breadcrumb\":{\"@id\":\"https:\/\/www.uqac.ca\/uqactualites\/2011\/02\/08\/contribution-a-la-geographie-de-la-nuit\/#breadcrumb\"},\"inLanguage\":\"fr-CA\",\"potentialAction\":[{\"@type\":\"ReadAction\",\"target\":[\"https:\/\/www.uqac.ca\/uqactualites\/2011\/02\/08\/contribution-a-la-geographie-de-la-nuit\/\"]}]},{\"@type\":\"ImageObject\",\"inLanguage\":\"fr-CA\",\"@id\":\"https:\/\/www.uqac.ca\/uqactualites\/2011\/02\/08\/contribution-a-la-geographie-de-la-nuit\/#primaryimage\",\"url\":\"http:\/\/www.uqac.ca\/wp-content\/uploads\/2012\/03\/aeBe9BdaPvv7mI41-300x225.jpg\",\"contentUrl\":\"http:\/\/www.uqac.ca\/wp-content\/uploads\/2012\/03\/aeBe9BdaPvv7mI41-300x225.jpg\"},{\"@type\":\"BreadcrumbList\",\"@id\":\"https:\/\/www.uqac.ca\/uqactualites\/2011\/02\/08\/contribution-a-la-geographie-de-la-nuit\/#breadcrumb\",\"itemListElement\":[{\"@type\":\"ListItem\",\"position\":1,\"name\":\"Home\",\"item\":\"https:\/\/www.uqac.ca\/uqactualites\/\"},{\"@type\":\"ListItem\",\"position\":2,\"name\":\"Contribution \u00e0 la g\u00e9ographie de la nuit\"}]},{\"@type\":\"WebSite\",\"@id\":\"https:\/\/www.uqac.ca\/uqactualites\/#website\",\"url\":\"https:\/\/www.uqac.ca\/uqactualites\/\",\"name\":\"UQACtualit\u00e9s\",\"description\":\"Le portail des nouvelles de l&#039;UQAC\",\"potentialAction\":[{\"@type\":\"SearchAction\",\"target\":{\"@type\":\"EntryPoint\",\"urlTemplate\":\"https:\/\/www.uqac.ca\/uqactualites\/?s={search_term_string}\"},\"query-input\":{\"@type\":\"PropertyValueSpecification\",\"valueRequired\":true,\"valueName\":\"search_term_string\"}}],\"inLanguage\":\"fr-CA\"},{\"@type\":\"Person\",\"@id\":\"https:\/\/www.uqac.ca\/uqactualites\/#\/schema\/person\/366c45a0c4f0e677b41b4af5886e2018\",\"name\":\"Service des communications et des relations publiques\",\"image\":{\"@type\":\"ImageObject\",\"inLanguage\":\"fr-CA\",\"@id\":\"https:\/\/www.uqac.ca\/uqactualites\/#\/schema\/person\/image\/\",\"url\":\"https:\/\/secure.gravatar.com\/avatar\/20fbbda8a292f59f2d3461a5b999c00b?s=96&d=mm&r=g\",\"contentUrl\":\"https:\/\/secure.gravatar.com\/avatar\/20fbbda8a292f59f2d3461a5b999c00b?s=96&d=mm&r=g\",\"caption\":\"Service des communications et des relations publiques\"},\"url\":\"https:\/\/www.uqac.ca\/uqactualites\/author\/bap\/\"}]}<\/script>\r\n<!-- \/ Yoast SEO plugin. -->","yoast_head_json":{"title":"Contribution \u00e0 la g\u00e9ographie de la nuit - UQACtualit\u00e9s","robots":{"index":"index","follow":"follow","max-snippet":"max-snippet:-1","max-image-preview":"max-image-preview:large","max-video-preview":"max-video-preview:-1"},"canonical":"https:\/\/www.uqac.ca\/uqactualites\/2011\/02\/08\/contribution-a-la-geographie-de-la-nuit\/","og_locale":"fr_CA","og_type":"article","og_title":"Contribution \u00e0 la g\u00e9ographie de la nuit - UQACtualit\u00e9s","og_description":"Un g\u00e9ographe n&rsquo;a-t-il pas dit un jour \u00ab&nbsp;une ville o\u00f9 on ne peut manger la nuit n&rsquo;est pas une ville!&nbsp;\u00bb Alors, o\u00f9 manger \u00e0 Ville de Saguenay la nuit? Cette pr\u00e9misse a amen\u00e9 Majella J. Gauthier, g\u00e9ographe et professeur \u00e9m\u00e9rite de l&rsquo;UQAC et Daniel Beaulieu-Gagnon, jeune gradu\u00e9 en g\u00e9ographie, \u00e0 se questionner sur le sujet. [&hellip;]","og_url":"https:\/\/www.uqac.ca\/uqactualites\/2011\/02\/08\/contribution-a-la-geographie-de-la-nuit\/","og_site_name":"UQACtualit\u00e9s","article_published_time":"2011-02-08T16:45:36+00:00","og_image":[{"url":"http:\/\/www.uqac.ca\/wp-content\/uploads\/2012\/03\/aeBe9BdaPvv7mI41-300x225.jpg","type":"","width":"","height":""}],"author":"Service des communications et des relations publiques","twitter_card":"summary_large_image","twitter_misc":{"\u00c9crit par":"Service des communications et des relations publiques","Estimation du temps de lecture":"1 minute"},"schema":{"@context":"https:\/\/schema.org","@graph":[{"@type":"WebPage","@id":"https:\/\/www.uqac.ca\/uqactualites\/2011\/02\/08\/contribution-a-la-geographie-de-la-nuit\/","url":"https:\/\/www.uqac.ca\/uqactualites\/2011\/02\/08\/contribution-a-la-geographie-de-la-nuit\/","name":"Contribution \u00e0 la g\u00e9ographie de la nuit - UQACtualit\u00e9s","isPartOf":{"@id":"https:\/\/www.uqac.ca\/uqactualites\/#website"},"primaryImageOfPage":{"@id":"https:\/\/www.uqac.ca\/uqactualites\/2011\/02\/08\/contribution-a-la-geographie-de-la-nuit\/#primaryimage"},"image":{"@id":"https:\/\/www.uqac.ca\/uqactualites\/2011\/02\/08\/contribution-a-la-geographie-de-la-nuit\/#primaryimage"},"thumbnailUrl":"http:\/\/www.uqac.ca\/wp-content\/uploads\/2012\/03\/aeBe9BdaPvv7mI41-300x225.jpg","datePublished":"2011-02-08T16:45:36+00:00","dateModified":"2011-02-08T16:45:36+00:00","author":{"@id":"https:\/\/www.uqac.ca\/uqactualites\/#\/schema\/person\/366c45a0c4f0e677b41b4af5886e2018"},"breadcrumb":{"@id":"https:\/\/www.uqac.ca\/uqactualites\/2011\/02\/08\/contribution-a-la-geographie-de-la-nuit\/#breadcrumb"},"inLanguage":"fr-CA","potentialAction":[{"@type":"ReadAction","target":["https:\/\/www.uqac.ca\/uqactualites\/2011\/02\/08\/contribution-a-la-geographie-de-la-nuit\/"]}]},{"@type":"ImageObject","inLanguage":"fr-CA","@id":"https:\/\/www.uqac.ca\/uqactualites\/2011\/02\/08\/contribution-a-la-geographie-de-la-nuit\/#primaryimage","url":"http:\/\/www.uqac.ca\/wp-content\/uploads\/2012\/03\/aeBe9BdaPvv7mI41-300x225.jpg","contentUrl":"http:\/\/www.uqac.ca\/wp-content\/uploads\/2012\/03\/aeBe9BdaPvv7mI41-300x225.jpg"},{"@type":"BreadcrumbList","@id":"https:\/\/www.uqac.ca\/uqactualites\/2011\/02\/08\/contribution-a-la-geographie-de-la-nuit\/#breadcrumb","itemListElement":[{"@type":"ListItem","position":1,"name":"Home","item":"https:\/\/www.uqac.ca\/uqactualites\/"},{"@type":"ListItem","position":2,"name":"Contribution \u00e0 la g\u00e9ographie de la nuit"}]},{"@type":"WebSite","@id":"https:\/\/www.uqac.ca\/uqactualites\/#website","url":"https:\/\/www.uqac.ca\/uqactualites\/","name":"UQACtualit\u00e9s","description":"Le portail des nouvelles de l&#039;UQAC","potentialAction":[{"@type":"SearchAction","target":{"@type":"EntryPoint","urlTemplate":"https:\/\/www.uqac.ca\/uqactualites\/?s={search_term_string}"},"query-input":{"@type":"PropertyValueSpecification","valueRequired":true,"valueName":"search_term_string"}}],"inLanguage":"fr-CA"},{"@type":"Person","@id":"https:\/\/www.uqac.ca\/uqactualites\/#\/schema\/person\/366c45a0c4f0e677b41b4af5886e2018","name":"Service des communications et des relations publiques","image":{"@type":"ImageObject","inLanguage":"fr-CA","@id":"https:\/\/www.uqac.ca\/uqactualites\/#\/schema\/person\/image\/","url":"https:\/\/secure.gravatar.com\/avatar\/20fbbda8a292f59f2d3461a5b999c00b?s=96&d=mm&r=g","contentUrl":"https:\/\/secure.gravatar.com\/avatar\/20fbbda8a292f59f2d3461a5b999c00b?s=96&d=mm&r=g","caption":"Service des communications et des relations publiques"},"url":"https:\/\/www.uqac.ca\/uqactualites\/author\/bap\/"}]}},"_links":{"self":[{"href":"https:\/\/www.uqac.ca\/uqactualites\/wp-json\/wp\/v2\/posts\/19246"}],"collection":[{"href":"https:\/\/www.uqac.ca\/uqactualites\/wp-json\/wp\/v2\/posts"}],"about":[{"href":"https:\/\/www.uqac.ca\/uqactualites\/wp-json\/wp\/v2\/types\/post"}],"author":[{"embeddable":true,"href":"https:\/\/www.uqac.ca\/uqactualites\/wp-json\/wp\/v2\/users\/5"}],"replies":[{"embeddable":true,"href":"https:\/\/www.uqac.ca\/uqactualites\/wp-json\/wp\/v2\/comments?post=19246"}],"version-history":[{"count":0,"href":"https:\/\/www.uqac.ca\/uqactualites\/wp-json\/wp\/v2\/posts\/19246\/revisions"}],"wp:attachment":[{"href":"https:\/\/www.uqac.ca\/uqactualites\/wp-json\/wp\/v2\/media?parent=19246"}],"wp:term":[{"taxonomy":"category","embeddable":true,"href":"https:\/\/www.uqac.ca\/uqactualites\/wp-json\/wp\/v2\/categories?post=19246"},{"taxonomy":"post_tag","embeddable":true,"href":"https:\/\/www.uqac.ca\/uqactualites\/wp-json\/wp\/v2\/tags?post=19246"}],"curies":[{"name":"wp","href":"https:\/\/api.w.org\/{rel}","templated":true}]}}