{"id":19247,"date":"2011-02-08T09:33:17","date_gmt":"2011-02-08T15:03:17","guid":{"rendered":"http:\/\/uqactualite.odev.ca\/2011\/02\/un-partenariat-entre-lagence-de-la-sante-et-des-services-sociaux-et-le-centre-du-savoir-sur-mesure-de-luqac\/"},"modified":"2011-02-08T09:33:17","modified_gmt":"2011-02-08T15:03:17","slug":"un-partenariat-entre-lagence-de-la-sante-et-des-services-sociaux-et-le-centre-du-savoir-sur-mesure-de-luqac","status":"publish","type":"post","link":"https:\/\/www.uqac.ca\/uqactualites\/2011\/02\/08\/un-partenariat-entre-lagence-de-la-sante-et-des-services-sociaux-et-le-centre-du-savoir-sur-mesure-de-luqac\/","title":{"rendered":"Un partenariat entre l&rsquo;Agence de la sant\u00e9 et des services sociaux et le Centre du savoir sur mesure de l&rsquo;UQAC"},"content":{"rendered":"<p><figure id=\"attachment_19247\" aria-describedby=\"caption-attachment-19247\" style=\"width: 300px\" class=\"wp-caption alignright\"><a href=\"http:\/\/www.uqac.ca\/wp-content\/uploads\/2012\/03\/XkQJxn0WKoQggTW6.jpg\"><img loading=\"lazy\" decoding=\"async\" class=\"size-medium wp-image-19247\" title=\"XkQJxn0WKoQggTW6\" src=\"http:\/\/www.uqac.ca\/wp-content\/uploads\/2012\/03\/XkQJxn0WKoQggTW6-300x128.jpg\" width=\"300\" height=\"128\" alt=\"\" \/><\/a><figcaption id=\"caption-attachment-19247\" class=\"wp-caption-text\">La 2<sup>e<\/sup> cohorte de finissants au Programme d&#039;int\u00e9gration \u00e0 la fonction d&#039;encadrement (PIFE) - Photo : Courtoisie<\/figcaption><\/figure>Le Centre du savoir sur mesure (CESAM) de l&rsquo;Universit\u00e9 du Qu\u00e9bec \u00e0 Chicoutimi, en collaboration avec l&rsquo;Agence de la sant\u00e9 et des services sociaux (ASSS), a soulign\u00e9 le 27 janvier dernier, la r\u00e9ussite de la 2e cohorte de finissants au Programme d&rsquo;int\u00e9gration \u00e0 la fonction d&rsquo;encadrement (PIFE). Cette c\u00e9r\u00e9monie a eu lieu en pr\u00e9sence des membres de la direction et des cadres de l&rsquo;ASSS.<\/p>\n<p>Cette formation a \u00e9t\u00e9 enti\u00e8rement cr\u00e9\u00e9e par le CESAM en consid\u00e9rant les besoins sp\u00e9cifiques du milieu de la sant\u00e9. Dans sa pratique, le CESAM s&rsquo;applique \u00e0 ce que la d\u00e9marche de formation soit qualifiante, que les objectifs concrets de perfectionnement et de d\u00e9veloppement professionnels soient r\u00e9alis\u00e9s, que l&rsquo;acquisition des savoirs et des apprentissages chez chaque participant deviennent transf\u00e9rables, applicables et praticables en contexte de travail. <\/p>\n<p>F\u00e9licitations \u00e0 tous!<\/p>\n","protected":false},"excerpt":{"rendered":"<p>Le Centre du savoir sur mesure (CESAM) de l&rsquo;Universit\u00e9 du Qu\u00e9bec \u00e0 Chicoutimi, en collaboration avec l&rsquo;Agence de la sant\u00e9 et des services sociaux (ASSS), a soulign\u00e9 le 27 janvier dernier, la r\u00e9ussite de la 2e cohorte de finissants au Programme d&rsquo;int\u00e9gration \u00e0 la fonction d&rsquo;encadrement (PIFE). Cette c\u00e9r\u00e9monie a eu lieu en pr\u00e9sence des [&hellip;]<\/p>\n","protected":false},"author":5,"featured_media":0,"comment_status":"closed","ping_status":"1","sticky":false,"template":"","format":"standard","meta":{"footnotes":""},"categories":[9],"tags":[],"yoast_head":"<!-- This site is optimized with the Yoast SEO plugin v24.2 - https:\/\/yoast.com\/wordpress\/plugins\/seo\/ -->\r\n<title>Un partenariat entre l&#039;Agence de la sant\u00e9 et des services sociaux et le Centre du savoir sur mesure de l&#039;UQAC - UQACtualit\u00e9s<\/title>\r\n<meta name=\"robots\" content=\"index, follow, max-snippet:-1, max-image-preview:large, max-video-preview:-1\" \/>\r\n<link rel=\"canonical\" href=\"https:\/\/www.uqac.ca\/uqactualites\/2011\/02\/08\/un-partenariat-entre-lagence-de-la-sante-et-des-services-sociaux-et-le-centre-du-savoir-sur-mesure-de-luqac\/\" \/>\r\n<meta property=\"og:locale\" content=\"fr_CA\" \/>\r\n<meta property=\"og:type\" content=\"article\" \/>\r\n<meta property=\"og:title\" content=\"Un partenariat entre l&#039;Agence de la sant\u00e9 et des services sociaux et le Centre du savoir sur mesure de l&#039;UQAC - UQACtualit\u00e9s\" \/>\r\n<meta property=\"og:description\" content=\"Le Centre du savoir sur mesure (CESAM) de l&rsquo;Universit\u00e9 du Qu\u00e9bec \u00e0 Chicoutimi, en collaboration avec l&rsquo;Agence de la sant\u00e9 et des services sociaux (ASSS), a soulign\u00e9 le 27 janvier dernier, la r\u00e9ussite de la 2e cohorte de finissants au Programme d&rsquo;int\u00e9gration \u00e0 la fonction d&rsquo;encadrement (PIFE). Cette c\u00e9r\u00e9monie a eu lieu en pr\u00e9sence des [&hellip;]\" \/>\r\n<meta property=\"og:url\" content=\"https:\/\/www.uqac.ca\/uqactualites\/2011\/02\/08\/un-partenariat-entre-lagence-de-la-sante-et-des-services-sociaux-et-le-centre-du-savoir-sur-mesure-de-luqac\/\" \/>\r\n<meta property=\"og:site_name\" content=\"UQACtualit\u00e9s\" \/>\r\n<meta property=\"article:published_time\" content=\"2011-02-08T15:03:17+00:00\" \/>\r\n<meta property=\"og:image\" content=\"http:\/\/www.uqac.ca\/wp-content\/uploads\/2012\/03\/XkQJxn0WKoQggTW6-300x128.jpg\" \/>\r\n<meta name=\"author\" content=\"Service des communications et des relations publiques\" \/>\r\n<meta name=\"twitter:card\" content=\"summary_large_image\" \/>\r\n<meta name=\"twitter:label1\" content=\"\u00c9crit par\" \/>\n\t<meta name=\"twitter:data1\" content=\"Service des communications et des relations publiques\" \/>\n\t<meta name=\"twitter:label2\" content=\"Estimation du temps de lecture\" \/>\n\t<meta name=\"twitter:data2\" content=\"1 minute\" \/>\r\n<script type=\"application\/ld+json\" class=\"yoast-schema-graph\">{\"@context\":\"https:\/\/schema.org\",\"@graph\":[{\"@type\":\"WebPage\",\"@id\":\"https:\/\/www.uqac.ca\/uqactualites\/2011\/02\/08\/un-partenariat-entre-lagence-de-la-sante-et-des-services-sociaux-et-le-centre-du-savoir-sur-mesure-de-luqac\/\",\"url\":\"https:\/\/www.uqac.ca\/uqactualites\/2011\/02\/08\/un-partenariat-entre-lagence-de-la-sante-et-des-services-sociaux-et-le-centre-du-savoir-sur-mesure-de-luqac\/\",\"name\":\"Un partenariat entre l'Agence de la sant\u00e9 et des services sociaux et le Centre du savoir sur mesure de l'UQAC - UQACtualit\u00e9s\",\"isPartOf\":{\"@id\":\"https:\/\/www.uqac.ca\/uqactualites\/#website\"},\"primaryImageOfPage\":{\"@id\":\"https:\/\/www.uqac.ca\/uqactualites\/2011\/02\/08\/un-partenariat-entre-lagence-de-la-sante-et-des-services-sociaux-et-le-centre-du-savoir-sur-mesure-de-luqac\/#primaryimage\"},\"image\":{\"@id\":\"https:\/\/www.uqac.ca\/uqactualites\/2011\/02\/08\/un-partenariat-entre-lagence-de-la-sante-et-des-services-sociaux-et-le-centre-du-savoir-sur-mesure-de-luqac\/#primaryimage\"},\"thumbnailUrl\":\"http:\/\/www.uqac.ca\/wp-content\/uploads\/2012\/03\/XkQJxn0WKoQggTW6-300x128.jpg\",\"datePublished\":\"2011-02-08T15:03:17+00:00\",\"dateModified\":\"2011-02-08T15:03:17+00:00\",\"author\":{\"@id\":\"https:\/\/www.uqac.ca\/uqactualites\/#\/schema\/person\/366c45a0c4f0e677b41b4af5886e2018\"},\"breadcrumb\":{\"@id\":\"https:\/\/www.uqac.ca\/uqactualites\/2011\/02\/08\/un-partenariat-entre-lagence-de-la-sante-et-des-services-sociaux-et-le-centre-du-savoir-sur-mesure-de-luqac\/#breadcrumb\"},\"inLanguage\":\"fr-CA\",\"potentialAction\":[{\"@type\":\"ReadAction\",\"target\":[\"https:\/\/www.uqac.ca\/uqactualites\/2011\/02\/08\/un-partenariat-entre-lagence-de-la-sante-et-des-services-sociaux-et-le-centre-du-savoir-sur-mesure-de-luqac\/\"]}]},{\"@type\":\"ImageObject\",\"inLanguage\":\"fr-CA\",\"@id\":\"https:\/\/www.uqac.ca\/uqactualites\/2011\/02\/08\/un-partenariat-entre-lagence-de-la-sante-et-des-services-sociaux-et-le-centre-du-savoir-sur-mesure-de-luqac\/#primaryimage\",\"url\":\"http:\/\/www.uqac.ca\/wp-content\/uploads\/2012\/03\/XkQJxn0WKoQggTW6-300x128.jpg\",\"contentUrl\":\"http:\/\/www.uqac.ca\/wp-content\/uploads\/2012\/03\/XkQJxn0WKoQggTW6-300x128.jpg\"},{\"@type\":\"BreadcrumbList\",\"@id\":\"https:\/\/www.uqac.ca\/uqactualites\/2011\/02\/08\/un-partenariat-entre-lagence-de-la-sante-et-des-services-sociaux-et-le-centre-du-savoir-sur-mesure-de-luqac\/#breadcrumb\",\"itemListElement\":[{\"@type\":\"ListItem\",\"position\":1,\"name\":\"Home\",\"item\":\"https:\/\/www.uqac.ca\/uqactualites\/\"},{\"@type\":\"ListItem\",\"position\":2,\"name\":\"Un partenariat entre l&rsquo;Agence de la sant\u00e9 et des services sociaux et le Centre du savoir sur mesure de l&rsquo;UQAC\"}]},{\"@type\":\"WebSite\",\"@id\":\"https:\/\/www.uqac.ca\/uqactualites\/#website\",\"url\":\"https:\/\/www.uqac.ca\/uqactualites\/\",\"name\":\"UQACtualit\u00e9s\",\"description\":\"Le portail des nouvelles de l&#039;UQAC\",\"potentialAction\":[{\"@type\":\"SearchAction\",\"target\":{\"@type\":\"EntryPoint\",\"urlTemplate\":\"https:\/\/www.uqac.ca\/uqactualites\/?s={search_term_string}\"},\"query-input\":{\"@type\":\"PropertyValueSpecification\",\"valueRequired\":true,\"valueName\":\"search_term_string\"}}],\"inLanguage\":\"fr-CA\"},{\"@type\":\"Person\",\"@id\":\"https:\/\/www.uqac.ca\/uqactualites\/#\/schema\/person\/366c45a0c4f0e677b41b4af5886e2018\",\"name\":\"Service des communications et des relations publiques\",\"image\":{\"@type\":\"ImageObject\",\"inLanguage\":\"fr-CA\",\"@id\":\"https:\/\/www.uqac.ca\/uqactualites\/#\/schema\/person\/image\/\",\"url\":\"https:\/\/secure.gravatar.com\/avatar\/20fbbda8a292f59f2d3461a5b999c00b?s=96&d=mm&r=g\",\"contentUrl\":\"https:\/\/secure.gravatar.com\/avatar\/20fbbda8a292f59f2d3461a5b999c00b?s=96&d=mm&r=g\",\"caption\":\"Service des communications et des relations publiques\"},\"url\":\"https:\/\/www.uqac.ca\/uqactualites\/author\/bap\/\"}]}<\/script>\r\n<!-- \/ Yoast SEO plugin. -->","yoast_head_json":{"title":"Un partenariat entre l'Agence de la sant\u00e9 et des services sociaux et le Centre du savoir sur mesure de l'UQAC - UQACtualit\u00e9s","robots":{"index":"index","follow":"follow","max-snippet":"max-snippet:-1","max-image-preview":"max-image-preview:large","max-video-preview":"max-video-preview:-1"},"canonical":"https:\/\/www.uqac.ca\/uqactualites\/2011\/02\/08\/un-partenariat-entre-lagence-de-la-sante-et-des-services-sociaux-et-le-centre-du-savoir-sur-mesure-de-luqac\/","og_locale":"fr_CA","og_type":"article","og_title":"Un partenariat entre l'Agence de la sant\u00e9 et des services sociaux et le Centre du savoir sur mesure de l'UQAC - UQACtualit\u00e9s","og_description":"Le Centre du savoir sur mesure (CESAM) de l&rsquo;Universit\u00e9 du Qu\u00e9bec \u00e0 Chicoutimi, en collaboration avec l&rsquo;Agence de la sant\u00e9 et des services sociaux (ASSS), a soulign\u00e9 le 27 janvier dernier, la r\u00e9ussite de la 2e cohorte de finissants au Programme d&rsquo;int\u00e9gration \u00e0 la fonction d&rsquo;encadrement (PIFE). Cette c\u00e9r\u00e9monie a eu lieu en pr\u00e9sence des [&hellip;]","og_url":"https:\/\/www.uqac.ca\/uqactualites\/2011\/02\/08\/un-partenariat-entre-lagence-de-la-sante-et-des-services-sociaux-et-le-centre-du-savoir-sur-mesure-de-luqac\/","og_site_name":"UQACtualit\u00e9s","article_published_time":"2011-02-08T15:03:17+00:00","og_image":[{"url":"http:\/\/www.uqac.ca\/wp-content\/uploads\/2012\/03\/XkQJxn0WKoQggTW6-300x128.jpg","type":"","width":"","height":""}],"author":"Service des communications et des relations publiques","twitter_card":"summary_large_image","twitter_misc":{"\u00c9crit par":"Service des communications et des relations publiques","Estimation du temps de lecture":"1 minute"},"schema":{"@context":"https:\/\/schema.org","@graph":[{"@type":"WebPage","@id":"https:\/\/www.uqac.ca\/uqactualites\/2011\/02\/08\/un-partenariat-entre-lagence-de-la-sante-et-des-services-sociaux-et-le-centre-du-savoir-sur-mesure-de-luqac\/","url":"https:\/\/www.uqac.ca\/uqactualites\/2011\/02\/08\/un-partenariat-entre-lagence-de-la-sante-et-des-services-sociaux-et-le-centre-du-savoir-sur-mesure-de-luqac\/","name":"Un partenariat entre l'Agence de la sant\u00e9 et des services sociaux et le Centre du savoir sur mesure de l'UQAC - UQACtualit\u00e9s","isPartOf":{"@id":"https:\/\/www.uqac.ca\/uqactualites\/#website"},"primaryImageOfPage":{"@id":"https:\/\/www.uqac.ca\/uqactualites\/2011\/02\/08\/un-partenariat-entre-lagence-de-la-sante-et-des-services-sociaux-et-le-centre-du-savoir-sur-mesure-de-luqac\/#primaryimage"},"image":{"@id":"https:\/\/www.uqac.ca\/uqactualites\/2011\/02\/08\/un-partenariat-entre-lagence-de-la-sante-et-des-services-sociaux-et-le-centre-du-savoir-sur-mesure-de-luqac\/#primaryimage"},"thumbnailUrl":"http:\/\/www.uqac.ca\/wp-content\/uploads\/2012\/03\/XkQJxn0WKoQggTW6-300x128.jpg","datePublished":"2011-02-08T15:03:17+00:00","dateModified":"2011-02-08T15:03:17+00:00","author":{"@id":"https:\/\/www.uqac.ca\/uqactualites\/#\/schema\/person\/366c45a0c4f0e677b41b4af5886e2018"},"breadcrumb":{"@id":"https:\/\/www.uqac.ca\/uqactualites\/2011\/02\/08\/un-partenariat-entre-lagence-de-la-sante-et-des-services-sociaux-et-le-centre-du-savoir-sur-mesure-de-luqac\/#breadcrumb"},"inLanguage":"fr-CA","potentialAction":[{"@type":"ReadAction","target":["https:\/\/www.uqac.ca\/uqactualites\/2011\/02\/08\/un-partenariat-entre-lagence-de-la-sante-et-des-services-sociaux-et-le-centre-du-savoir-sur-mesure-de-luqac\/"]}]},{"@type":"ImageObject","inLanguage":"fr-CA","@id":"https:\/\/www.uqac.ca\/uqactualites\/2011\/02\/08\/un-partenariat-entre-lagence-de-la-sante-et-des-services-sociaux-et-le-centre-du-savoir-sur-mesure-de-luqac\/#primaryimage","url":"http:\/\/www.uqac.ca\/wp-content\/uploads\/2012\/03\/XkQJxn0WKoQggTW6-300x128.jpg","contentUrl":"http:\/\/www.uqac.ca\/wp-content\/uploads\/2012\/03\/XkQJxn0WKoQggTW6-300x128.jpg"},{"@type":"BreadcrumbList","@id":"https:\/\/www.uqac.ca\/uqactualites\/2011\/02\/08\/un-partenariat-entre-lagence-de-la-sante-et-des-services-sociaux-et-le-centre-du-savoir-sur-mesure-de-luqac\/#breadcrumb","itemListElement":[{"@type":"ListItem","position":1,"name":"Home","item":"https:\/\/www.uqac.ca\/uqactualites\/"},{"@type":"ListItem","position":2,"name":"Un partenariat entre l&rsquo;Agence de la sant\u00e9 et des services sociaux et le Centre du savoir sur mesure de l&rsquo;UQAC"}]},{"@type":"WebSite","@id":"https:\/\/www.uqac.ca\/uqactualites\/#website","url":"https:\/\/www.uqac.ca\/uqactualites\/","name":"UQACtualit\u00e9s","description":"Le portail des nouvelles de l&#039;UQAC","potentialAction":[{"@type":"SearchAction","target":{"@type":"EntryPoint","urlTemplate":"https:\/\/www.uqac.ca\/uqactualites\/?s={search_term_string}"},"query-input":{"@type":"PropertyValueSpecification","valueRequired":true,"valueName":"search_term_string"}}],"inLanguage":"fr-CA"},{"@type":"Person","@id":"https:\/\/www.uqac.ca\/uqactualites\/#\/schema\/person\/366c45a0c4f0e677b41b4af5886e2018","name":"Service des communications et des relations publiques","image":{"@type":"ImageObject","inLanguage":"fr-CA","@id":"https:\/\/www.uqac.ca\/uqactualites\/#\/schema\/person\/image\/","url":"https:\/\/secure.gravatar.com\/avatar\/20fbbda8a292f59f2d3461a5b999c00b?s=96&d=mm&r=g","contentUrl":"https:\/\/secure.gravatar.com\/avatar\/20fbbda8a292f59f2d3461a5b999c00b?s=96&d=mm&r=g","caption":"Service des communications et des relations publiques"},"url":"https:\/\/www.uqac.ca\/uqactualites\/author\/bap\/"}]}},"_links":{"self":[{"href":"https:\/\/www.uqac.ca\/uqactualites\/wp-json\/wp\/v2\/posts\/19247"}],"collection":[{"href":"https:\/\/www.uqac.ca\/uqactualites\/wp-json\/wp\/v2\/posts"}],"about":[{"href":"https:\/\/www.uqac.ca\/uqactualites\/wp-json\/wp\/v2\/types\/post"}],"author":[{"embeddable":true,"href":"https:\/\/www.uqac.ca\/uqactualites\/wp-json\/wp\/v2\/users\/5"}],"replies":[{"embeddable":true,"href":"https:\/\/www.uqac.ca\/uqactualites\/wp-json\/wp\/v2\/comments?post=19247"}],"version-history":[{"count":0,"href":"https:\/\/www.uqac.ca\/uqactualites\/wp-json\/wp\/v2\/posts\/19247\/revisions"}],"wp:attachment":[{"href":"https:\/\/www.uqac.ca\/uqactualites\/wp-json\/wp\/v2\/media?parent=19247"}],"wp:term":[{"taxonomy":"category","embeddable":true,"href":"https:\/\/www.uqac.ca\/uqactualites\/wp-json\/wp\/v2\/categories?post=19247"},{"taxonomy":"post_tag","embeddable":true,"href":"https:\/\/www.uqac.ca\/uqactualites\/wp-json\/wp\/v2\/tags?post=19247"}],"curies":[{"name":"wp","href":"https:\/\/api.w.org\/{rel}","templated":true}]}}