{"id":19248,"date":"2011-02-04T11:06:24","date_gmt":"2011-02-04T16:36:24","guid":{"rendered":"http:\/\/uqactualite.odev.ca\/2011\/02\/vient-de-paraitre-aux-confins-de-la-nation-pour-une-sociologie-de-la-frontiere\/"},"modified":"2011-02-04T11:06:24","modified_gmt":"2011-02-04T16:36:24","slug":"vient-de-paraitre-aux-confins-de-la-nation-pour-une-sociologie-de-la-frontiere","status":"publish","type":"post","link":"https:\/\/www.uqac.ca\/uqactualites\/2011\/02\/04\/vient-de-paraitre-aux-confins-de-la-nation-pour-une-sociologie-de-la-frontiere\/","title":{"rendered":"Vient de para\u00eetre \u00ab Aux confins de la nation &#8211; Pour une sociologie de la fronti\u00e8re \u00bb"},"content":{"rendered":"<div class=\"mceTemp\">\n<figure id=\"attachment_17146\" aria-describedby=\"caption-attachment-17146\" style=\"width: 150px\" class=\"wp-caption alignleft\"><a href=\"http:\/\/www.uqac.ca\/wp-content\/uploads\/2012\/03\/fK0uDuVRHRJXICbX.jpg\"><img loading=\"lazy\" decoding=\"async\" class=\"size-thumbnail wp-image-17146\" title=\"fK0uDuVRHRJXICbX\" src=\"http:\/\/www.uqac.ca\/wp-content\/uploads\/2012\/03\/fK0uDuVRHRJXICbX-150x150.jpg\" alt=\"\" width=\"150\" height=\"150\" \/><\/a><figcaption id=\"caption-attachment-17146\" class=\"wp-caption-text\">Pierre W. Boudreault est professeur de sociologie, changement social et communication, au D\u00e9partement des sciences humaines; directeur de l&#039;\u00e9quipe de recherche en sciences sociales (\u00c9DRESS) \u00e0 l&#039;UQAC; coresponsable du comit\u00e9 de recherche (CR #1) \u00ab Identit\u00e9, espace et politique \u00bb, et membre de l&#039;Association internationale des sociologues de langue fran\u00e7aise.<\/figcaption><\/figure>\n<\/div>\n<div class=\"mceTemp\">\n<figure id=\"attachment_16894\" aria-describedby=\"caption-attachment-16894\" style=\"width: 150px\" class=\"wp-caption alignleft\"><a href=\"http:\/\/www.uqac.ca\/wp-content\/uploads\/2012\/03\/6luTWqTKgDAmZ0hJ.jpg\"><img loading=\"lazy\" decoding=\"async\" class=\"size-thumbnail wp-image-16894\" title=\"6luTWqTKgDAmZ0hJ\" src=\"http:\/\/www.uqac.ca\/wp-content\/uploads\/2012\/03\/6luTWqTKgDAmZ0hJ-150x150.jpg\" alt=\"\" width=\"150\" height=\"150\" \/><\/a><figcaption id=\"caption-attachment-16894\" class=\"wp-caption-text\">Wanda Dressler est professeure-chercheuse en sociologie \u00e0 l&#039;Universit\u00e9 Paris 10 \u2013 Nanterre et au CNRS (Laboratoire de recherche sur les dynamiques sociales et les recompositions des espaces, LADYSS); coresponsable du comit\u00e9 de recherche (CR #1) \u00ab Identit\u00e9, espace et politique \u00bb et \u00e9galement membre de l&#039;Association internationale des sociologues de langue fran\u00e7aise<\/figcaption><\/figure>\n<\/div>\n<div class=\"mceTemp\">\u00a0Sous la direction de<br \/>\n<strong>Pierre W. BOUDREAULT et Wanda DRESSLER<\/strong><\/div>\n<p>L&rsquo;Harmattan<br \/>\n\u00c9dition &#8211; Diffusion<br \/>\nCollection : Dossiers Sciences Humaines et Sociales<\/p>\n<p>Ce livre pr\u00e9sente le r\u00e9sultat de la r\u00e9flexion \u00e0 partir d&rsquo;enqu\u00eates sociologiques men\u00e9es sur la probl\u00e9matique des fronti\u00e8res. Comment la globalisation \u00e9conomique et la mondialisation culturelle frappent des populations situ\u00e9es aux confins des territoires nationaux et provoquent des \u00ab fissures \u00bb au sein des unit\u00e9s identitaires laborieusement \u00e9rig\u00e9es depuis le XIX<sup>e<\/sup> si\u00e8cle.<\/p>\n<p><strong>R\u00c9SUM\u00c9 : <\/strong>Les peuples ont sign\u00e9 leur territoire de leurs blessures. Ils ont impos\u00e9 leur diff\u00e9rence en dressant des murailles qui soulignent leur souffrance et c\u00e9l\u00e8brent leur identit\u00e9 ainsi cristallis\u00e9e. Les fronti\u00e8res signalent les lieux de l&rsquo;interdit et du sacr\u00e9. Puissance de dissuasion et force de contraintes, elles sont des menaces et, paradoxalement, des obligations prochaines de pactiser.<\/p>\n<p>Depuis le XX<sup>e<\/sup> si\u00e8cle, en d\u00e9pit du devoir de m\u00e9moire et malgr\u00e9 les exigences humanitaires d&rsquo;enrayer les in\u00e9galit\u00e9s, l&rsquo;histoire actuelle engendre de nouvelles diff\u00e9rences et trace des lignes, \u00e9rige des murs de fils \u00e9lectroniques et des gu\u00e9rites arm\u00e9es de cam\u00e9ras de surveillance. Des barri\u00e8res s&rsquo;\u00e9l\u00e8vent entre des cultures et des populations, elles s\u00e9parent des groupes ethniques, tribaux, sociaux ou nationaux, sur fond de pluralit\u00e9 et d&rsquo;\u00e9loge \u00e0 la diversit\u00e9.<\/p>\n<p><em>Aux confins des territoires nationaux s&rsquo;actualisent des pratiques conflictuelles d&rsquo;un ordre particulier. Que sont les nouvelles fronti\u00e8res aux confins des nations? Que sont les espaces complexes o\u00f9 s&rsquo;enchev\u00eatrent plusieurs codes et modes de vie en soci\u00e9t\u00e9? Que sont les territoires souvent clandestins pour qui les risques humanitaires s&rsquo;effacent pour des nouveaux \u00ab farwests \u00bb aux d\u00e9pens des \u00e9galit\u00e9s qu&rsquo;on croyait juridiquement reconnues? Par confins de la nation, ne d\u00e9signe-t-on pas le lieu de franchissement o\u00f9 s&rsquo;imposera la conscience?<\/em><\/p>\n<p><strong>LES CONTRIBUTEURS<\/strong><br \/>\nFr\u00e9d\u00e9ric Beaumont, Pierre-Wilfrid Boudreault, Thierry Brugvin, Laurence Costes, Romaine Didierjean, Wanda Dressler, Virginie Gourhant, Marie-Antoinette Hily, Julieta Leite, Herv\u00e9 Marchal, Malgorzata Melchior, Veronica Mitroi, Fran\u00e7oise Moncomble, Jean-Marc St\u00e9b\u00e9 et Gilles Verpraet<\/p>\n<p><a href=\"http:\/\/www.uqac.ca\/wp-content\/uploads\/2012\/03\/va01ESv9eqaQDcfy.jpg\"><img loading=\"lazy\" decoding=\"async\" class=\"size-medium wp-image-19248\" title=\"va01ESv9eqaQDcfy\" src=\"http:\/\/www.uqac.ca\/wp-content\/uploads\/2012\/03\/va01ESv9eqaQDcfy-190x300.jpg\" alt=\"\" width=\"190\" height=\"300\" \/><\/a><\/p>\n<div class=\"mceTemp\" style=\"text-align: right\"><\/div>\n<p>&nbsp;<\/p>\n<p>&nbsp;<\/p>\n<p>&nbsp;<\/p>\n<p>&nbsp;<\/p>\n","protected":false},"excerpt":{"rendered":"<p>\u00a0Sous la direction de Pierre W. BOUDREAULT et Wanda DRESSLER L&rsquo;Harmattan \u00c9dition &#8211; Diffusion Collection : Dossiers Sciences Humaines et Sociales Ce livre pr\u00e9sente le r\u00e9sultat de la r\u00e9flexion \u00e0 partir d&rsquo;enqu\u00eates sociologiques men\u00e9es sur la probl\u00e9matique des fronti\u00e8res. Comment la globalisation \u00e9conomique et la mondialisation culturelle frappent des populations situ\u00e9es aux confins des territoires [&hellip;]<\/p>\n","protected":false},"author":5,"featured_media":0,"comment_status":"closed","ping_status":"closed","sticky":false,"template":"","format":"standard","meta":{"footnotes":""},"categories":[2],"tags":[],"yoast_head":"<!-- This site is optimized with the Yoast SEO plugin v24.2 - https:\/\/yoast.com\/wordpress\/plugins\/seo\/ -->\r\n<title>Vient de para\u00eetre \u00ab Aux confins de la nation - Pour une sociologie de la fronti\u00e8re \u00bb - UQACtualit\u00e9s<\/title>\r\n<meta name=\"robots\" content=\"index, follow, max-snippet:-1, max-image-preview:large, max-video-preview:-1\" \/>\r\n<link rel=\"canonical\" href=\"https:\/\/www.uqac.ca\/uqactualites\/2011\/02\/04\/vient-de-paraitre-aux-confins-de-la-nation-pour-une-sociologie-de-la-frontiere\/\" \/>\r\n<meta property=\"og:locale\" content=\"fr_CA\" \/>\r\n<meta property=\"og:type\" content=\"article\" \/>\r\n<meta property=\"og:title\" content=\"Vient de para\u00eetre \u00ab Aux confins de la nation - Pour une sociologie de la fronti\u00e8re \u00bb - UQACtualit\u00e9s\" \/>\r\n<meta property=\"og:description\" content=\"\u00a0Sous la direction de Pierre W. BOUDREAULT et Wanda DRESSLER L&rsquo;Harmattan \u00c9dition &#8211; Diffusion Collection : Dossiers Sciences Humaines et Sociales Ce livre pr\u00e9sente le r\u00e9sultat de la r\u00e9flexion \u00e0 partir d&rsquo;enqu\u00eates sociologiques men\u00e9es sur la probl\u00e9matique des fronti\u00e8res. Comment la globalisation \u00e9conomique et la mondialisation culturelle frappent des populations situ\u00e9es aux confins des territoires [&hellip;]\" \/>\r\n<meta property=\"og:url\" content=\"https:\/\/www.uqac.ca\/uqactualites\/2011\/02\/04\/vient-de-paraitre-aux-confins-de-la-nation-pour-une-sociologie-de-la-frontiere\/\" \/>\r\n<meta property=\"og:site_name\" content=\"UQACtualit\u00e9s\" \/>\r\n<meta property=\"article:published_time\" content=\"2011-02-04T16:36:24+00:00\" \/>\r\n<meta property=\"og:image\" content=\"http:\/\/www.uqac.ca\/wp-content\/uploads\/2012\/03\/fK0uDuVRHRJXICbX-150x150.jpg\" \/>\r\n<meta name=\"author\" content=\"Service des communications et des relations publiques\" \/>\r\n<meta name=\"twitter:card\" content=\"summary_large_image\" \/>\r\n<meta name=\"twitter:label1\" content=\"\u00c9crit par\" \/>\n\t<meta name=\"twitter:data1\" content=\"Service des communications et des relations publiques\" \/>\n\t<meta name=\"twitter:label2\" content=\"Estimation du temps de lecture\" \/>\n\t<meta name=\"twitter:data2\" content=\"2 minutes\" \/>\r\n<script type=\"application\/ld+json\" class=\"yoast-schema-graph\">{\"@context\":\"https:\/\/schema.org\",\"@graph\":[{\"@type\":\"WebPage\",\"@id\":\"https:\/\/www.uqac.ca\/uqactualites\/2011\/02\/04\/vient-de-paraitre-aux-confins-de-la-nation-pour-une-sociologie-de-la-frontiere\/\",\"url\":\"https:\/\/www.uqac.ca\/uqactualites\/2011\/02\/04\/vient-de-paraitre-aux-confins-de-la-nation-pour-une-sociologie-de-la-frontiere\/\",\"name\":\"Vient de para\u00eetre \u00ab Aux confins de la nation - Pour une sociologie de la fronti\u00e8re \u00bb - UQACtualit\u00e9s\",\"isPartOf\":{\"@id\":\"https:\/\/www.uqac.ca\/uqactualites\/#website\"},\"primaryImageOfPage\":{\"@id\":\"https:\/\/www.uqac.ca\/uqactualites\/2011\/02\/04\/vient-de-paraitre-aux-confins-de-la-nation-pour-une-sociologie-de-la-frontiere\/#primaryimage\"},\"image\":{\"@id\":\"https:\/\/www.uqac.ca\/uqactualites\/2011\/02\/04\/vient-de-paraitre-aux-confins-de-la-nation-pour-une-sociologie-de-la-frontiere\/#primaryimage\"},\"thumbnailUrl\":\"http:\/\/www.uqac.ca\/wp-content\/uploads\/2012\/03\/fK0uDuVRHRJXICbX-150x150.jpg\",\"datePublished\":\"2011-02-04T16:36:24+00:00\",\"dateModified\":\"2011-02-04T16:36:24+00:00\",\"author\":{\"@id\":\"https:\/\/www.uqac.ca\/uqactualites\/#\/schema\/person\/366c45a0c4f0e677b41b4af5886e2018\"},\"breadcrumb\":{\"@id\":\"https:\/\/www.uqac.ca\/uqactualites\/2011\/02\/04\/vient-de-paraitre-aux-confins-de-la-nation-pour-une-sociologie-de-la-frontiere\/#breadcrumb\"},\"inLanguage\":\"fr-CA\",\"potentialAction\":[{\"@type\":\"ReadAction\",\"target\":[\"https:\/\/www.uqac.ca\/uqactualites\/2011\/02\/04\/vient-de-paraitre-aux-confins-de-la-nation-pour-une-sociologie-de-la-frontiere\/\"]}]},{\"@type\":\"ImageObject\",\"inLanguage\":\"fr-CA\",\"@id\":\"https:\/\/www.uqac.ca\/uqactualites\/2011\/02\/04\/vient-de-paraitre-aux-confins-de-la-nation-pour-une-sociologie-de-la-frontiere\/#primaryimage\",\"url\":\"http:\/\/www.uqac.ca\/wp-content\/uploads\/2012\/03\/fK0uDuVRHRJXICbX-150x150.jpg\",\"contentUrl\":\"http:\/\/www.uqac.ca\/wp-content\/uploads\/2012\/03\/fK0uDuVRHRJXICbX-150x150.jpg\"},{\"@type\":\"BreadcrumbList\",\"@id\":\"https:\/\/www.uqac.ca\/uqactualites\/2011\/02\/04\/vient-de-paraitre-aux-confins-de-la-nation-pour-une-sociologie-de-la-frontiere\/#breadcrumb\",\"itemListElement\":[{\"@type\":\"ListItem\",\"position\":1,\"name\":\"Home\",\"item\":\"https:\/\/www.uqac.ca\/uqactualites\/\"},{\"@type\":\"ListItem\",\"position\":2,\"name\":\"Vient de para\u00eetre \u00ab Aux confins de la nation &#8211; Pour une sociologie de la fronti\u00e8re \u00bb\"}]},{\"@type\":\"WebSite\",\"@id\":\"https:\/\/www.uqac.ca\/uqactualites\/#website\",\"url\":\"https:\/\/www.uqac.ca\/uqactualites\/\",\"name\":\"UQACtualit\u00e9s\",\"description\":\"Le portail des nouvelles de l&#039;UQAC\",\"potentialAction\":[{\"@type\":\"SearchAction\",\"target\":{\"@type\":\"EntryPoint\",\"urlTemplate\":\"https:\/\/www.uqac.ca\/uqactualites\/?s={search_term_string}\"},\"query-input\":{\"@type\":\"PropertyValueSpecification\",\"valueRequired\":true,\"valueName\":\"search_term_string\"}}],\"inLanguage\":\"fr-CA\"},{\"@type\":\"Person\",\"@id\":\"https:\/\/www.uqac.ca\/uqactualites\/#\/schema\/person\/366c45a0c4f0e677b41b4af5886e2018\",\"name\":\"Service des communications et des relations publiques\",\"image\":{\"@type\":\"ImageObject\",\"inLanguage\":\"fr-CA\",\"@id\":\"https:\/\/www.uqac.ca\/uqactualites\/#\/schema\/person\/image\/\",\"url\":\"https:\/\/secure.gravatar.com\/avatar\/20fbbda8a292f59f2d3461a5b999c00b?s=96&d=mm&r=g\",\"contentUrl\":\"https:\/\/secure.gravatar.com\/avatar\/20fbbda8a292f59f2d3461a5b999c00b?s=96&d=mm&r=g\",\"caption\":\"Service des communications et des relations publiques\"},\"url\":\"https:\/\/www.uqac.ca\/uqactualites\/author\/bap\/\"}]}<\/script>\r\n<!-- \/ Yoast SEO plugin. -->","yoast_head_json":{"title":"Vient de para\u00eetre \u00ab Aux confins de la nation - Pour une sociologie de la fronti\u00e8re \u00bb - UQACtualit\u00e9s","robots":{"index":"index","follow":"follow","max-snippet":"max-snippet:-1","max-image-preview":"max-image-preview:large","max-video-preview":"max-video-preview:-1"},"canonical":"https:\/\/www.uqac.ca\/uqactualites\/2011\/02\/04\/vient-de-paraitre-aux-confins-de-la-nation-pour-une-sociologie-de-la-frontiere\/","og_locale":"fr_CA","og_type":"article","og_title":"Vient de para\u00eetre \u00ab Aux confins de la nation - Pour une sociologie de la fronti\u00e8re \u00bb - UQACtualit\u00e9s","og_description":"\u00a0Sous la direction de Pierre W. BOUDREAULT et Wanda DRESSLER L&rsquo;Harmattan \u00c9dition &#8211; Diffusion Collection : Dossiers Sciences Humaines et Sociales Ce livre pr\u00e9sente le r\u00e9sultat de la r\u00e9flexion \u00e0 partir d&rsquo;enqu\u00eates sociologiques men\u00e9es sur la probl\u00e9matique des fronti\u00e8res. Comment la globalisation \u00e9conomique et la mondialisation culturelle frappent des populations situ\u00e9es aux confins des territoires [&hellip;]","og_url":"https:\/\/www.uqac.ca\/uqactualites\/2011\/02\/04\/vient-de-paraitre-aux-confins-de-la-nation-pour-une-sociologie-de-la-frontiere\/","og_site_name":"UQACtualit\u00e9s","article_published_time":"2011-02-04T16:36:24+00:00","og_image":[{"url":"http:\/\/www.uqac.ca\/wp-content\/uploads\/2012\/03\/fK0uDuVRHRJXICbX-150x150.jpg","type":"","width":"","height":""}],"author":"Service des communications et des relations publiques","twitter_card":"summary_large_image","twitter_misc":{"\u00c9crit par":"Service des communications et des relations publiques","Estimation du temps de lecture":"2 minutes"},"schema":{"@context":"https:\/\/schema.org","@graph":[{"@type":"WebPage","@id":"https:\/\/www.uqac.ca\/uqactualites\/2011\/02\/04\/vient-de-paraitre-aux-confins-de-la-nation-pour-une-sociologie-de-la-frontiere\/","url":"https:\/\/www.uqac.ca\/uqactualites\/2011\/02\/04\/vient-de-paraitre-aux-confins-de-la-nation-pour-une-sociologie-de-la-frontiere\/","name":"Vient de para\u00eetre \u00ab Aux confins de la nation - Pour une sociologie de la fronti\u00e8re \u00bb - UQACtualit\u00e9s","isPartOf":{"@id":"https:\/\/www.uqac.ca\/uqactualites\/#website"},"primaryImageOfPage":{"@id":"https:\/\/www.uqac.ca\/uqactualites\/2011\/02\/04\/vient-de-paraitre-aux-confins-de-la-nation-pour-une-sociologie-de-la-frontiere\/#primaryimage"},"image":{"@id":"https:\/\/www.uqac.ca\/uqactualites\/2011\/02\/04\/vient-de-paraitre-aux-confins-de-la-nation-pour-une-sociologie-de-la-frontiere\/#primaryimage"},"thumbnailUrl":"http:\/\/www.uqac.ca\/wp-content\/uploads\/2012\/03\/fK0uDuVRHRJXICbX-150x150.jpg","datePublished":"2011-02-04T16:36:24+00:00","dateModified":"2011-02-04T16:36:24+00:00","author":{"@id":"https:\/\/www.uqac.ca\/uqactualites\/#\/schema\/person\/366c45a0c4f0e677b41b4af5886e2018"},"breadcrumb":{"@id":"https:\/\/www.uqac.ca\/uqactualites\/2011\/02\/04\/vient-de-paraitre-aux-confins-de-la-nation-pour-une-sociologie-de-la-frontiere\/#breadcrumb"},"inLanguage":"fr-CA","potentialAction":[{"@type":"ReadAction","target":["https:\/\/www.uqac.ca\/uqactualites\/2011\/02\/04\/vient-de-paraitre-aux-confins-de-la-nation-pour-une-sociologie-de-la-frontiere\/"]}]},{"@type":"ImageObject","inLanguage":"fr-CA","@id":"https:\/\/www.uqac.ca\/uqactualites\/2011\/02\/04\/vient-de-paraitre-aux-confins-de-la-nation-pour-une-sociologie-de-la-frontiere\/#primaryimage","url":"http:\/\/www.uqac.ca\/wp-content\/uploads\/2012\/03\/fK0uDuVRHRJXICbX-150x150.jpg","contentUrl":"http:\/\/www.uqac.ca\/wp-content\/uploads\/2012\/03\/fK0uDuVRHRJXICbX-150x150.jpg"},{"@type":"BreadcrumbList","@id":"https:\/\/www.uqac.ca\/uqactualites\/2011\/02\/04\/vient-de-paraitre-aux-confins-de-la-nation-pour-une-sociologie-de-la-frontiere\/#breadcrumb","itemListElement":[{"@type":"ListItem","position":1,"name":"Home","item":"https:\/\/www.uqac.ca\/uqactualites\/"},{"@type":"ListItem","position":2,"name":"Vient de para\u00eetre \u00ab Aux confins de la nation &#8211; Pour une sociologie de la fronti\u00e8re \u00bb"}]},{"@type":"WebSite","@id":"https:\/\/www.uqac.ca\/uqactualites\/#website","url":"https:\/\/www.uqac.ca\/uqactualites\/","name":"UQACtualit\u00e9s","description":"Le portail des nouvelles de l&#039;UQAC","potentialAction":[{"@type":"SearchAction","target":{"@type":"EntryPoint","urlTemplate":"https:\/\/www.uqac.ca\/uqactualites\/?s={search_term_string}"},"query-input":{"@type":"PropertyValueSpecification","valueRequired":true,"valueName":"search_term_string"}}],"inLanguage":"fr-CA"},{"@type":"Person","@id":"https:\/\/www.uqac.ca\/uqactualites\/#\/schema\/person\/366c45a0c4f0e677b41b4af5886e2018","name":"Service des communications et des relations publiques","image":{"@type":"ImageObject","inLanguage":"fr-CA","@id":"https:\/\/www.uqac.ca\/uqactualites\/#\/schema\/person\/image\/","url":"https:\/\/secure.gravatar.com\/avatar\/20fbbda8a292f59f2d3461a5b999c00b?s=96&d=mm&r=g","contentUrl":"https:\/\/secure.gravatar.com\/avatar\/20fbbda8a292f59f2d3461a5b999c00b?s=96&d=mm&r=g","caption":"Service des communications et des relations publiques"},"url":"https:\/\/www.uqac.ca\/uqactualites\/author\/bap\/"}]}},"_links":{"self":[{"href":"https:\/\/www.uqac.ca\/uqactualites\/wp-json\/wp\/v2\/posts\/19248"}],"collection":[{"href":"https:\/\/www.uqac.ca\/uqactualites\/wp-json\/wp\/v2\/posts"}],"about":[{"href":"https:\/\/www.uqac.ca\/uqactualites\/wp-json\/wp\/v2\/types\/post"}],"author":[{"embeddable":true,"href":"https:\/\/www.uqac.ca\/uqactualites\/wp-json\/wp\/v2\/users\/5"}],"replies":[{"embeddable":true,"href":"https:\/\/www.uqac.ca\/uqactualites\/wp-json\/wp\/v2\/comments?post=19248"}],"version-history":[{"count":0,"href":"https:\/\/www.uqac.ca\/uqactualites\/wp-json\/wp\/v2\/posts\/19248\/revisions"}],"wp:attachment":[{"href":"https:\/\/www.uqac.ca\/uqactualites\/wp-json\/wp\/v2\/media?parent=19248"}],"wp:term":[{"taxonomy":"category","embeddable":true,"href":"https:\/\/www.uqac.ca\/uqactualites\/wp-json\/wp\/v2\/categories?post=19248"},{"taxonomy":"post_tag","embeddable":true,"href":"https:\/\/www.uqac.ca\/uqactualites\/wp-json\/wp\/v2\/tags?post=19248"}],"curies":[{"name":"wp","href":"https:\/\/api.w.org\/{rel}","templated":true}]}}