{"id":19259,"date":"2010-12-01T09:48:38","date_gmt":"2010-12-01T15:18:38","guid":{"rendered":"http:\/\/uqactualite.odev.ca\/2010\/12\/intronisation-au-cercle-dexcellence\/"},"modified":"2010-12-01T09:48:38","modified_gmt":"2010-12-01T15:18:38","slug":"intronisation-au-cercle-dexcellence","status":"publish","type":"post","link":"https:\/\/www.uqac.ca\/uqactualites\/2010\/12\/01\/intronisation-au-cercle-dexcellence\/","title":{"rendered":"Intronisation au Cercle d&rsquo;excellence"},"content":{"rendered":"<p><figure id=\"attachment_19259\" aria-describedby=\"caption-attachment-19259\" style=\"width: 300px\" class=\"wp-caption alignright\"><a href=\"http:\/\/www.uqac.ca\/wp-content\/uploads\/2012\/03\/8muHQhjjHNoWoD0u.jpg\"><img loading=\"lazy\" decoding=\"async\" class=\"size-medium wp-image-19259\" title=\"8muHQhjjHNoWoD0u\" src=\"http:\/\/www.uqac.ca\/wp-content\/uploads\/2012\/03\/8muHQhjjHNoWoD0u-300x225.jpg\" width=\"300\" height=\"225\" alt=\"\" \/><\/a><figcaption id=\"caption-attachment-19259\" class=\"wp-caption-text\">Le professeur-chercheur Laszlo Kiss<\/figcaption><\/figure>En septembre dernier le professeur Laszlo Kiss, du D\u00e9partement des sciences appliqu\u00e9es, a \u00e9t\u00e9 intronis\u00e9 au Cercle d&rsquo;excellence de l&rsquo;Universit\u00e9 du Qu\u00e9bec. Chaque ann\u00e9e, un professeur, charg\u00e9 de cours, \u00e9tudiant ou employ\u00e9 de chaque \u00e9tablissement du r\u00e9seau de l&rsquo;Universit\u00e9 du Qu\u00e9bec, qui s&rsquo;est d\u00e9marqu\u00e9 au cours de l&rsquo;ann\u00e9e par une contribution exceptionnelle \u00e0 la vie universitaire, est nomm\u00e9 au Cercle d&rsquo;excellence<\/p>\n<p>Rappelons que le professeur Kiss est, entre autres, d\u00e9tenteur de plusieurs brevets, laur\u00e9at du M\u00e9rite scientifique r\u00e9gional pour le prix \u00ab&nbsp;Louis-\u00c9lie-Beauchamp \u2013 2009&nbsp;\u00bb qui est d\u00e9cern\u00e9 \u00e0 une personne ou \u00e0 un groupe qui s&rsquo;est distingu\u00e9 de fa\u00e7on particuli\u00e8re, dans le secteur des sciences fondamentales et appliqu\u00e9es. Il est \u00e9galement laur\u00e9at du prix \u00ab&nbsp;Bravo&nbsp;\u00bb le reconnaissant comme \u00ab&nbsp;Partenaire distingu\u00e9 du Centre de recherche et d\u00e9veloppement Rio Tinto Alcan&nbsp;\u00bb. Ce prix est une r\u00e9compense exceptionnelle attribu\u00e9e par le CRDA \u00e0 l&rsquo;un de ses pr\u00e9cieux collaborateurs en recherche.<\/p>\n<p>Toutes nos f\u00e9licitations! <\/p>\n","protected":false},"excerpt":{"rendered":"<p>En septembre dernier le professeur Laszlo Kiss, du D\u00e9partement des sciences appliqu\u00e9es, a \u00e9t\u00e9 intronis\u00e9 au Cercle d&rsquo;excellence de l&rsquo;Universit\u00e9 du Qu\u00e9bec. Chaque ann\u00e9e, un professeur, charg\u00e9 de cours, \u00e9tudiant ou employ\u00e9 de chaque \u00e9tablissement du r\u00e9seau de l&rsquo;Universit\u00e9 du Qu\u00e9bec, qui s&rsquo;est d\u00e9marqu\u00e9 au cours de l&rsquo;ann\u00e9e par une contribution exceptionnelle \u00e0 la vie [&hellip;]<\/p>\n","protected":false},"author":5,"featured_media":0,"comment_status":"closed","ping_status":"1","sticky":false,"template":"","format":"standard","meta":{"footnotes":""},"categories":[9],"tags":[],"yoast_head":"<!-- This site is optimized with the Yoast SEO plugin v24.2 - https:\/\/yoast.com\/wordpress\/plugins\/seo\/ -->\r\n<title>Intronisation au Cercle d&#039;excellence - UQACtualit\u00e9s<\/title>\r\n<meta name=\"robots\" content=\"index, follow, max-snippet:-1, max-image-preview:large, max-video-preview:-1\" \/>\r\n<link rel=\"canonical\" href=\"https:\/\/www.uqac.ca\/uqactualites\/2010\/12\/01\/intronisation-au-cercle-dexcellence\/\" \/>\r\n<meta property=\"og:locale\" content=\"fr_CA\" \/>\r\n<meta property=\"og:type\" content=\"article\" \/>\r\n<meta property=\"og:title\" content=\"Intronisation au Cercle d&#039;excellence - UQACtualit\u00e9s\" \/>\r\n<meta property=\"og:description\" content=\"En septembre dernier le professeur Laszlo Kiss, du D\u00e9partement des sciences appliqu\u00e9es, a \u00e9t\u00e9 intronis\u00e9 au Cercle d&rsquo;excellence de l&rsquo;Universit\u00e9 du Qu\u00e9bec. Chaque ann\u00e9e, un professeur, charg\u00e9 de cours, \u00e9tudiant ou employ\u00e9 de chaque \u00e9tablissement du r\u00e9seau de l&rsquo;Universit\u00e9 du Qu\u00e9bec, qui s&rsquo;est d\u00e9marqu\u00e9 au cours de l&rsquo;ann\u00e9e par une contribution exceptionnelle \u00e0 la vie [&hellip;]\" \/>\r\n<meta property=\"og:url\" content=\"https:\/\/www.uqac.ca\/uqactualites\/2010\/12\/01\/intronisation-au-cercle-dexcellence\/\" \/>\r\n<meta property=\"og:site_name\" content=\"UQACtualit\u00e9s\" \/>\r\n<meta property=\"article:published_time\" content=\"2010-12-01T15:18:38+00:00\" \/>\r\n<meta property=\"og:image\" content=\"http:\/\/www.uqac.ca\/wp-content\/uploads\/2012\/03\/8muHQhjjHNoWoD0u-300x225.jpg\" \/>\r\n<meta name=\"author\" content=\"Service des communications et des relations publiques\" \/>\r\n<meta name=\"twitter:card\" content=\"summary_large_image\" \/>\r\n<meta name=\"twitter:label1\" content=\"\u00c9crit par\" \/>\n\t<meta name=\"twitter:data1\" content=\"Service des communications et des relations publiques\" \/>\n\t<meta name=\"twitter:label2\" content=\"Estimation du temps de lecture\" \/>\n\t<meta name=\"twitter:data2\" content=\"1 minute\" \/>\r\n<script type=\"application\/ld+json\" class=\"yoast-schema-graph\">{\"@context\":\"https:\/\/schema.org\",\"@graph\":[{\"@type\":\"WebPage\",\"@id\":\"https:\/\/www.uqac.ca\/uqactualites\/2010\/12\/01\/intronisation-au-cercle-dexcellence\/\",\"url\":\"https:\/\/www.uqac.ca\/uqactualites\/2010\/12\/01\/intronisation-au-cercle-dexcellence\/\",\"name\":\"Intronisation au Cercle d'excellence - UQACtualit\u00e9s\",\"isPartOf\":{\"@id\":\"https:\/\/www.uqac.ca\/uqactualites\/#website\"},\"primaryImageOfPage\":{\"@id\":\"https:\/\/www.uqac.ca\/uqactualites\/2010\/12\/01\/intronisation-au-cercle-dexcellence\/#primaryimage\"},\"image\":{\"@id\":\"https:\/\/www.uqac.ca\/uqactualites\/2010\/12\/01\/intronisation-au-cercle-dexcellence\/#primaryimage\"},\"thumbnailUrl\":\"http:\/\/www.uqac.ca\/wp-content\/uploads\/2012\/03\/8muHQhjjHNoWoD0u-300x225.jpg\",\"datePublished\":\"2010-12-01T15:18:38+00:00\",\"dateModified\":\"2010-12-01T15:18:38+00:00\",\"author\":{\"@id\":\"https:\/\/www.uqac.ca\/uqactualites\/#\/schema\/person\/366c45a0c4f0e677b41b4af5886e2018\"},\"breadcrumb\":{\"@id\":\"https:\/\/www.uqac.ca\/uqactualites\/2010\/12\/01\/intronisation-au-cercle-dexcellence\/#breadcrumb\"},\"inLanguage\":\"fr-CA\",\"potentialAction\":[{\"@type\":\"ReadAction\",\"target\":[\"https:\/\/www.uqac.ca\/uqactualites\/2010\/12\/01\/intronisation-au-cercle-dexcellence\/\"]}]},{\"@type\":\"ImageObject\",\"inLanguage\":\"fr-CA\",\"@id\":\"https:\/\/www.uqac.ca\/uqactualites\/2010\/12\/01\/intronisation-au-cercle-dexcellence\/#primaryimage\",\"url\":\"http:\/\/www.uqac.ca\/wp-content\/uploads\/2012\/03\/8muHQhjjHNoWoD0u-300x225.jpg\",\"contentUrl\":\"http:\/\/www.uqac.ca\/wp-content\/uploads\/2012\/03\/8muHQhjjHNoWoD0u-300x225.jpg\"},{\"@type\":\"BreadcrumbList\",\"@id\":\"https:\/\/www.uqac.ca\/uqactualites\/2010\/12\/01\/intronisation-au-cercle-dexcellence\/#breadcrumb\",\"itemListElement\":[{\"@type\":\"ListItem\",\"position\":1,\"name\":\"Home\",\"item\":\"https:\/\/www.uqac.ca\/uqactualites\/\"},{\"@type\":\"ListItem\",\"position\":2,\"name\":\"Intronisation au Cercle d&rsquo;excellence\"}]},{\"@type\":\"WebSite\",\"@id\":\"https:\/\/www.uqac.ca\/uqactualites\/#website\",\"url\":\"https:\/\/www.uqac.ca\/uqactualites\/\",\"name\":\"UQACtualit\u00e9s\",\"description\":\"Le portail des nouvelles de l&#039;UQAC\",\"potentialAction\":[{\"@type\":\"SearchAction\",\"target\":{\"@type\":\"EntryPoint\",\"urlTemplate\":\"https:\/\/www.uqac.ca\/uqactualites\/?s={search_term_string}\"},\"query-input\":{\"@type\":\"PropertyValueSpecification\",\"valueRequired\":true,\"valueName\":\"search_term_string\"}}],\"inLanguage\":\"fr-CA\"},{\"@type\":\"Person\",\"@id\":\"https:\/\/www.uqac.ca\/uqactualites\/#\/schema\/person\/366c45a0c4f0e677b41b4af5886e2018\",\"name\":\"Service des communications et des relations publiques\",\"image\":{\"@type\":\"ImageObject\",\"inLanguage\":\"fr-CA\",\"@id\":\"https:\/\/www.uqac.ca\/uqactualites\/#\/schema\/person\/image\/\",\"url\":\"https:\/\/secure.gravatar.com\/avatar\/20fbbda8a292f59f2d3461a5b999c00b?s=96&d=mm&r=g\",\"contentUrl\":\"https:\/\/secure.gravatar.com\/avatar\/20fbbda8a292f59f2d3461a5b999c00b?s=96&d=mm&r=g\",\"caption\":\"Service des communications et des relations publiques\"},\"url\":\"https:\/\/www.uqac.ca\/uqactualites\/author\/bap\/\"}]}<\/script>\r\n<!-- \/ Yoast SEO plugin. -->","yoast_head_json":{"title":"Intronisation au Cercle d'excellence - UQACtualit\u00e9s","robots":{"index":"index","follow":"follow","max-snippet":"max-snippet:-1","max-image-preview":"max-image-preview:large","max-video-preview":"max-video-preview:-1"},"canonical":"https:\/\/www.uqac.ca\/uqactualites\/2010\/12\/01\/intronisation-au-cercle-dexcellence\/","og_locale":"fr_CA","og_type":"article","og_title":"Intronisation au Cercle d'excellence - UQACtualit\u00e9s","og_description":"En septembre dernier le professeur Laszlo Kiss, du D\u00e9partement des sciences appliqu\u00e9es, a \u00e9t\u00e9 intronis\u00e9 au Cercle d&rsquo;excellence de l&rsquo;Universit\u00e9 du Qu\u00e9bec. Chaque ann\u00e9e, un professeur, charg\u00e9 de cours, \u00e9tudiant ou employ\u00e9 de chaque \u00e9tablissement du r\u00e9seau de l&rsquo;Universit\u00e9 du Qu\u00e9bec, qui s&rsquo;est d\u00e9marqu\u00e9 au cours de l&rsquo;ann\u00e9e par une contribution exceptionnelle \u00e0 la vie [&hellip;]","og_url":"https:\/\/www.uqac.ca\/uqactualites\/2010\/12\/01\/intronisation-au-cercle-dexcellence\/","og_site_name":"UQACtualit\u00e9s","article_published_time":"2010-12-01T15:18:38+00:00","og_image":[{"url":"http:\/\/www.uqac.ca\/wp-content\/uploads\/2012\/03\/8muHQhjjHNoWoD0u-300x225.jpg","type":"","width":"","height":""}],"author":"Service des communications et des relations publiques","twitter_card":"summary_large_image","twitter_misc":{"\u00c9crit par":"Service des communications et des relations publiques","Estimation du temps de lecture":"1 minute"},"schema":{"@context":"https:\/\/schema.org","@graph":[{"@type":"WebPage","@id":"https:\/\/www.uqac.ca\/uqactualites\/2010\/12\/01\/intronisation-au-cercle-dexcellence\/","url":"https:\/\/www.uqac.ca\/uqactualites\/2010\/12\/01\/intronisation-au-cercle-dexcellence\/","name":"Intronisation au Cercle d'excellence - UQACtualit\u00e9s","isPartOf":{"@id":"https:\/\/www.uqac.ca\/uqactualites\/#website"},"primaryImageOfPage":{"@id":"https:\/\/www.uqac.ca\/uqactualites\/2010\/12\/01\/intronisation-au-cercle-dexcellence\/#primaryimage"},"image":{"@id":"https:\/\/www.uqac.ca\/uqactualites\/2010\/12\/01\/intronisation-au-cercle-dexcellence\/#primaryimage"},"thumbnailUrl":"http:\/\/www.uqac.ca\/wp-content\/uploads\/2012\/03\/8muHQhjjHNoWoD0u-300x225.jpg","datePublished":"2010-12-01T15:18:38+00:00","dateModified":"2010-12-01T15:18:38+00:00","author":{"@id":"https:\/\/www.uqac.ca\/uqactualites\/#\/schema\/person\/366c45a0c4f0e677b41b4af5886e2018"},"breadcrumb":{"@id":"https:\/\/www.uqac.ca\/uqactualites\/2010\/12\/01\/intronisation-au-cercle-dexcellence\/#breadcrumb"},"inLanguage":"fr-CA","potentialAction":[{"@type":"ReadAction","target":["https:\/\/www.uqac.ca\/uqactualites\/2010\/12\/01\/intronisation-au-cercle-dexcellence\/"]}]},{"@type":"ImageObject","inLanguage":"fr-CA","@id":"https:\/\/www.uqac.ca\/uqactualites\/2010\/12\/01\/intronisation-au-cercle-dexcellence\/#primaryimage","url":"http:\/\/www.uqac.ca\/wp-content\/uploads\/2012\/03\/8muHQhjjHNoWoD0u-300x225.jpg","contentUrl":"http:\/\/www.uqac.ca\/wp-content\/uploads\/2012\/03\/8muHQhjjHNoWoD0u-300x225.jpg"},{"@type":"BreadcrumbList","@id":"https:\/\/www.uqac.ca\/uqactualites\/2010\/12\/01\/intronisation-au-cercle-dexcellence\/#breadcrumb","itemListElement":[{"@type":"ListItem","position":1,"name":"Home","item":"https:\/\/www.uqac.ca\/uqactualites\/"},{"@type":"ListItem","position":2,"name":"Intronisation au Cercle d&rsquo;excellence"}]},{"@type":"WebSite","@id":"https:\/\/www.uqac.ca\/uqactualites\/#website","url":"https:\/\/www.uqac.ca\/uqactualites\/","name":"UQACtualit\u00e9s","description":"Le portail des nouvelles de l&#039;UQAC","potentialAction":[{"@type":"SearchAction","target":{"@type":"EntryPoint","urlTemplate":"https:\/\/www.uqac.ca\/uqactualites\/?s={search_term_string}"},"query-input":{"@type":"PropertyValueSpecification","valueRequired":true,"valueName":"search_term_string"}}],"inLanguage":"fr-CA"},{"@type":"Person","@id":"https:\/\/www.uqac.ca\/uqactualites\/#\/schema\/person\/366c45a0c4f0e677b41b4af5886e2018","name":"Service des communications et des relations publiques","image":{"@type":"ImageObject","inLanguage":"fr-CA","@id":"https:\/\/www.uqac.ca\/uqactualites\/#\/schema\/person\/image\/","url":"https:\/\/secure.gravatar.com\/avatar\/20fbbda8a292f59f2d3461a5b999c00b?s=96&d=mm&r=g","contentUrl":"https:\/\/secure.gravatar.com\/avatar\/20fbbda8a292f59f2d3461a5b999c00b?s=96&d=mm&r=g","caption":"Service des communications et des relations publiques"},"url":"https:\/\/www.uqac.ca\/uqactualites\/author\/bap\/"}]}},"_links":{"self":[{"href":"https:\/\/www.uqac.ca\/uqactualites\/wp-json\/wp\/v2\/posts\/19259"}],"collection":[{"href":"https:\/\/www.uqac.ca\/uqactualites\/wp-json\/wp\/v2\/posts"}],"about":[{"href":"https:\/\/www.uqac.ca\/uqactualites\/wp-json\/wp\/v2\/types\/post"}],"author":[{"embeddable":true,"href":"https:\/\/www.uqac.ca\/uqactualites\/wp-json\/wp\/v2\/users\/5"}],"replies":[{"embeddable":true,"href":"https:\/\/www.uqac.ca\/uqactualites\/wp-json\/wp\/v2\/comments?post=19259"}],"version-history":[{"count":0,"href":"https:\/\/www.uqac.ca\/uqactualites\/wp-json\/wp\/v2\/posts\/19259\/revisions"}],"wp:attachment":[{"href":"https:\/\/www.uqac.ca\/uqactualites\/wp-json\/wp\/v2\/media?parent=19259"}],"wp:term":[{"taxonomy":"category","embeddable":true,"href":"https:\/\/www.uqac.ca\/uqactualites\/wp-json\/wp\/v2\/categories?post=19259"},{"taxonomy":"post_tag","embeddable":true,"href":"https:\/\/www.uqac.ca\/uqactualites\/wp-json\/wp\/v2\/tags?post=19259"}],"curies":[{"name":"wp","href":"https:\/\/api.w.org\/{rel}","templated":true}]}}