{"id":19263,"date":"2010-11-22T16:19:32","date_gmt":"2010-11-22T21:49:32","guid":{"rendered":"http:\/\/uqactualite.odev.ca\/2010\/11\/pas-un-mais-deux-prix-dexcellence\/"},"modified":"2010-11-22T16:19:32","modified_gmt":"2010-11-22T21:49:32","slug":"pas-un-mais-deux-prix-dexcellence","status":"publish","type":"post","link":"https:\/\/www.uqac.ca\/uqactualites\/2010\/11\/22\/pas-un-mais-deux-prix-dexcellence\/","title":{"rendered":"Pas un, mais deux prix d&rsquo;excellence"},"content":{"rendered":"<p><figure id=\"attachment_19263\" aria-describedby=\"caption-attachment-19263\" style=\"width: 300px\" class=\"wp-caption alignright\"><a href=\"http:\/\/www.uqac.ca\/wp-content\/uploads\/2012\/03\/7RbWrY3BZhAICiRL.jpg\"><img loading=\"lazy\" decoding=\"async\" class=\"size-medium wp-image-19263\" title=\"7RbWrY3BZhAICiRL\" src=\"http:\/\/www.uqac.ca\/wp-content\/uploads\/2012\/03\/7RbWrY3BZhAICiRL-300x225.jpg\" width=\"300\" height=\"225\" alt=\"\" \/><\/a><figcaption id=\"caption-attachment-19263\" class=\"wp-caption-text\">Tanya Goulet, Andr\u00e9anne Thibodeau, Audrey Gagnon, Magali Brassard et Laura Normandeau ont remport\u00e9 des prix lors du concours \u00ab La Rel\u00e8ve \u00bb, organis\u00e9 dans le cadre du congr\u00e8s de l&#039;Association des professeurs de sciences du Qu\u00e9bec. (Photo Jeannot L\u00e9vesque)<\/figcaption><\/figure>CHICOUTIMI &#8211; Pour une deuxi\u00e8me ann\u00e9e cons\u00e9cutive, des \u00e9tudiants de l&rsquo;Universit\u00e9 du Qu\u00e9bec \u00e0 Chicoutimi (UQAC) se distinguent lors du concours \u00ab La Rel\u00e8ve \u00bb, organis\u00e9 dans le cadre du congr\u00e8s de l&rsquo;Association des professeurs de sciences du Qu\u00e9bec (APSQ).<\/p>\n<p>Cette fois-ci, ce n&rsquo;est pas seulement une \u00e9quipe, mais bien deux groupes d&rsquo;\u00e9tudiantes au baccalaur\u00e9at en \u00e9ducation pr\u00e9scolaire et en enseignement primaire qui ont m\u00e9rit\u00e9 chacun un prix d&rsquo;excellence, soit le premier prix et le prix \u00ab Coup de c\u0153ur \u00bb dans la section primaire, soulignant la qualit\u00e9 exceptionnelle du mat\u00e9riel didactique produit.<\/p>\n<p>Les cinq \u00e9tudiantes, qui obtiendront leur dipl\u00f4me \u00e0 la fin de cette ann\u00e9e scolaire, avaient jusqu&rsquo;au 26 avril pour pr\u00e9senter une situation d&rsquo;apprentissage et d&rsquo;\u00e9valuation (strat\u00e9gie p\u00e9dagogique et soutien \u00e0 l&rsquo;\u00e9l\u00e8ve dans sa d\u00e9marche d&rsquo;apprentissage) qu&rsquo;elles avaient d\u00e9j\u00e0 \u00e9labor\u00e9e dans le cadre du cours \u00ab Didactique de la science et de la technologie au primaire \u00bb.<\/p>\n<p>Le concours \u00e9tait offert \u00e0 tous les futurs enseignants, au primaire et au secondaire, en sciences du Qu\u00e9bec. \u00ab Il fallait faire la planification d&rsquo;une activit\u00e9 en rapport avec les sciences. Ils ne savaient pas quelle situation choisir parce que les deux \u00e9taient bonnes \u00bb, expliquent-elles.<\/p>\n<p>L&rsquo;\u00e9quipe ayant remport\u00e9 le premier prix comprend Magali Brassard, Audrey Gagnon et Tanya Goulet. Quant \u00e0 celle qui a obtenu le prix \u00ab Coup de coeur, \u00bb elle est compos\u00e9e de Laura Normandeau et Andr\u00e9anne Thibodeau.<\/p>\n<p>Une partie de leur prix consistait \u00e0 participer gratuitement au congr\u00e8s de l&rsquo;APSQ, qui a eu lieu \u00e0 L\u00e9vis, du 4 au 6 novembre dernier.<\/p>\n<p>\u00ab On y a pr\u00e9sent\u00e9 notre situation pendant un atelier. On a remis notre situation aux enseignants qui \u00e9taient pr\u00e9sents \u00bb, mentionnent les laur\u00e9ates du concours.<\/p>\n<p>Six juges de l&rsquo;APSQ ont d\u00e9termin\u00e9 les \u00e9quipes gagnantes en se basant sur plusieurs crit\u00e8res, dont l&rsquo;originalit\u00e9 et la faisabilit\u00e9 du projet. Ils ont soulign\u00e9 les \u00e9quipes gagnantes lors du banquet du congr\u00e8s.<\/p>\n<p>La situation d&rsquo;apprentissage et d&rsquo;\u00e9valuation pr\u00e9sent\u00e9e par l&rsquo;\u00e9quipe gagnante, qui s&rsquo;adressait \u00e0 des jeunes en 5<sup>e<\/sup> et 6<sup>e<\/sup> ann\u00e9es du primaire, portait sur les meilleurs moyens de se prot\u00e9ger du soleil. Les \u00e9l\u00e8ves doivent, dans cette situation, faire des exp\u00e9rimentations dans l&rsquo;eau \u00e0 l&rsquo;aide d&rsquo;un d\u00e9tecteur UVB pour d\u00e9terminer les meilleurs moyens de protection.<\/p>\n<p>\u00ab Avec la r\u00e9forme, les enfants doivent de plus en plus \u00eatre inventifs et \u00eatre au coeur de leur apprentissage. Il ne faut pas leur donner la r\u00e9ponse toute cuite dans le bec \u00bb, explique Andr\u00e9anne Thibodeau.<\/p>\n<p>Du c\u00f4t\u00e9 de l&rsquo;\u00e9quipe ayant remport\u00e9 le prix \u00ab Coup de c\u0153ur \u00bb, elle s&rsquo;est plut\u00f4t dirig\u00e9e vers l&rsquo;alimentation.<\/p>\n<p>\u00ab Un athl\u00e8te leur \u00e9crit pour leur apprendre que sa nutritionniste est partie dans le sud. Ils doivent donc cr\u00e9er un menu \u00e9quilibr\u00e9 \u00e0 partir de la documentation de la nutritionniste au moyen d&rsquo;un rallye \u00bb, soutient Laura Normandeau.<\/p>\n<p>\u00c0 l&rsquo;occasion de leur stage, qui aura lieu au d\u00e9but de l&rsquo;ann\u00e9e 2011, Laura et Andr\u00e9anne pourront pr\u00e9senter cette situation \u00e0 leurs \u00e9l\u00e8ves. \u00ab Notre stage a lieu dans le temps du d\u00e9fi 5\/30. Ils seront donc d\u00e9j\u00e0 sensibilis\u00e9s \u00e0 bien se nourrir \u00bb, concluent-elles.<\/p>\n<p>Le Quotidien, samedi, 20 novembre 2010, p. 12<br \/>\nUn texte de Audrey Pouliot<\/p>\n","protected":false},"excerpt":{"rendered":"<p>CHICOUTIMI &#8211; Pour une deuxi\u00e8me ann\u00e9e cons\u00e9cutive, des \u00e9tudiants de l&rsquo;Universit\u00e9 du Qu\u00e9bec \u00e0 Chicoutimi (UQAC) se distinguent lors du concours \u00ab La Rel\u00e8ve \u00bb, organis\u00e9 dans le cadre du congr\u00e8s de l&rsquo;Association des professeurs de sciences du Qu\u00e9bec (APSQ). Cette fois-ci, ce n&rsquo;est pas seulement une \u00e9quipe, mais bien deux groupes d&rsquo;\u00e9tudiantes au baccalaur\u00e9at [&hellip;]<\/p>\n","protected":false},"author":5,"featured_media":0,"comment_status":"closed","ping_status":"1","sticky":false,"template":"","format":"standard","meta":{"footnotes":""},"categories":[2772],"tags":[],"yoast_head":"<!-- This site is optimized with the Yoast SEO plugin v24.2 - https:\/\/yoast.com\/wordpress\/plugins\/seo\/ -->\r\n<title>Pas un, mais deux prix d&#039;excellence - UQACtualit\u00e9s<\/title>\r\n<meta name=\"robots\" content=\"index, follow, max-snippet:-1, max-image-preview:large, max-video-preview:-1\" \/>\r\n<link rel=\"canonical\" href=\"https:\/\/www.uqac.ca\/uqactualites\/2010\/11\/22\/pas-un-mais-deux-prix-dexcellence\/\" \/>\r\n<meta property=\"og:locale\" content=\"fr_CA\" \/>\r\n<meta property=\"og:type\" content=\"article\" \/>\r\n<meta property=\"og:title\" content=\"Pas un, mais deux prix d&#039;excellence - UQACtualit\u00e9s\" \/>\r\n<meta property=\"og:description\" content=\"CHICOUTIMI &#8211; Pour une deuxi\u00e8me ann\u00e9e cons\u00e9cutive, des \u00e9tudiants de l&rsquo;Universit\u00e9 du Qu\u00e9bec \u00e0 Chicoutimi (UQAC) se distinguent lors du concours \u00ab La Rel\u00e8ve \u00bb, organis\u00e9 dans le cadre du congr\u00e8s de l&rsquo;Association des professeurs de sciences du Qu\u00e9bec (APSQ). Cette fois-ci, ce n&rsquo;est pas seulement une \u00e9quipe, mais bien deux groupes d&rsquo;\u00e9tudiantes au baccalaur\u00e9at [&hellip;]\" \/>\r\n<meta property=\"og:url\" content=\"https:\/\/www.uqac.ca\/uqactualites\/2010\/11\/22\/pas-un-mais-deux-prix-dexcellence\/\" \/>\r\n<meta property=\"og:site_name\" content=\"UQACtualit\u00e9s\" \/>\r\n<meta property=\"article:published_time\" content=\"2010-11-22T21:49:32+00:00\" \/>\r\n<meta property=\"og:image\" content=\"http:\/\/www.uqac.ca\/wp-content\/uploads\/2012\/03\/7RbWrY3BZhAICiRL-300x225.jpg\" \/>\r\n<meta name=\"author\" content=\"Service des communications et des relations publiques\" \/>\r\n<meta name=\"twitter:card\" content=\"summary_large_image\" \/>\r\n<meta name=\"twitter:label1\" content=\"\u00c9crit par\" \/>\n\t<meta name=\"twitter:data1\" content=\"Service des communications et des relations publiques\" \/>\n\t<meta name=\"twitter:label2\" content=\"Estimation du temps de lecture\" \/>\n\t<meta name=\"twitter:data2\" content=\"3 minutes\" \/>\r\n<script type=\"application\/ld+json\" class=\"yoast-schema-graph\">{\"@context\":\"https:\/\/schema.org\",\"@graph\":[{\"@type\":\"WebPage\",\"@id\":\"https:\/\/www.uqac.ca\/uqactualites\/2010\/11\/22\/pas-un-mais-deux-prix-dexcellence\/\",\"url\":\"https:\/\/www.uqac.ca\/uqactualites\/2010\/11\/22\/pas-un-mais-deux-prix-dexcellence\/\",\"name\":\"Pas un, mais deux prix d'excellence - UQACtualit\u00e9s\",\"isPartOf\":{\"@id\":\"https:\/\/www.uqac.ca\/uqactualites\/#website\"},\"primaryImageOfPage\":{\"@id\":\"https:\/\/www.uqac.ca\/uqactualites\/2010\/11\/22\/pas-un-mais-deux-prix-dexcellence\/#primaryimage\"},\"image\":{\"@id\":\"https:\/\/www.uqac.ca\/uqactualites\/2010\/11\/22\/pas-un-mais-deux-prix-dexcellence\/#primaryimage\"},\"thumbnailUrl\":\"http:\/\/www.uqac.ca\/wp-content\/uploads\/2012\/03\/7RbWrY3BZhAICiRL-300x225.jpg\",\"datePublished\":\"2010-11-22T21:49:32+00:00\",\"dateModified\":\"2010-11-22T21:49:32+00:00\",\"author\":{\"@id\":\"https:\/\/www.uqac.ca\/uqactualites\/#\/schema\/person\/366c45a0c4f0e677b41b4af5886e2018\"},\"breadcrumb\":{\"@id\":\"https:\/\/www.uqac.ca\/uqactualites\/2010\/11\/22\/pas-un-mais-deux-prix-dexcellence\/#breadcrumb\"},\"inLanguage\":\"fr-CA\",\"potentialAction\":[{\"@type\":\"ReadAction\",\"target\":[\"https:\/\/www.uqac.ca\/uqactualites\/2010\/11\/22\/pas-un-mais-deux-prix-dexcellence\/\"]}]},{\"@type\":\"ImageObject\",\"inLanguage\":\"fr-CA\",\"@id\":\"https:\/\/www.uqac.ca\/uqactualites\/2010\/11\/22\/pas-un-mais-deux-prix-dexcellence\/#primaryimage\",\"url\":\"http:\/\/www.uqac.ca\/wp-content\/uploads\/2012\/03\/7RbWrY3BZhAICiRL-300x225.jpg\",\"contentUrl\":\"http:\/\/www.uqac.ca\/wp-content\/uploads\/2012\/03\/7RbWrY3BZhAICiRL-300x225.jpg\"},{\"@type\":\"BreadcrumbList\",\"@id\":\"https:\/\/www.uqac.ca\/uqactualites\/2010\/11\/22\/pas-un-mais-deux-prix-dexcellence\/#breadcrumb\",\"itemListElement\":[{\"@type\":\"ListItem\",\"position\":1,\"name\":\"Home\",\"item\":\"https:\/\/www.uqac.ca\/uqactualites\/\"},{\"@type\":\"ListItem\",\"position\":2,\"name\":\"Pas un, mais deux prix d&rsquo;excellence\"}]},{\"@type\":\"WebSite\",\"@id\":\"https:\/\/www.uqac.ca\/uqactualites\/#website\",\"url\":\"https:\/\/www.uqac.ca\/uqactualites\/\",\"name\":\"UQACtualit\u00e9s\",\"description\":\"Le portail des nouvelles de l&#039;UQAC\",\"potentialAction\":[{\"@type\":\"SearchAction\",\"target\":{\"@type\":\"EntryPoint\",\"urlTemplate\":\"https:\/\/www.uqac.ca\/uqactualites\/?s={search_term_string}\"},\"query-input\":{\"@type\":\"PropertyValueSpecification\",\"valueRequired\":true,\"valueName\":\"search_term_string\"}}],\"inLanguage\":\"fr-CA\"},{\"@type\":\"Person\",\"@id\":\"https:\/\/www.uqac.ca\/uqactualites\/#\/schema\/person\/366c45a0c4f0e677b41b4af5886e2018\",\"name\":\"Service des communications et des relations publiques\",\"image\":{\"@type\":\"ImageObject\",\"inLanguage\":\"fr-CA\",\"@id\":\"https:\/\/www.uqac.ca\/uqactualites\/#\/schema\/person\/image\/\",\"url\":\"https:\/\/secure.gravatar.com\/avatar\/20fbbda8a292f59f2d3461a5b999c00b?s=96&d=mm&r=g\",\"contentUrl\":\"https:\/\/secure.gravatar.com\/avatar\/20fbbda8a292f59f2d3461a5b999c00b?s=96&d=mm&r=g\",\"caption\":\"Service des communications et des relations publiques\"},\"url\":\"https:\/\/www.uqac.ca\/uqactualites\/author\/bap\/\"}]}<\/script>\r\n<!-- \/ Yoast SEO plugin. -->","yoast_head_json":{"title":"Pas un, mais deux prix d'excellence - UQACtualit\u00e9s","robots":{"index":"index","follow":"follow","max-snippet":"max-snippet:-1","max-image-preview":"max-image-preview:large","max-video-preview":"max-video-preview:-1"},"canonical":"https:\/\/www.uqac.ca\/uqactualites\/2010\/11\/22\/pas-un-mais-deux-prix-dexcellence\/","og_locale":"fr_CA","og_type":"article","og_title":"Pas un, mais deux prix d'excellence - UQACtualit\u00e9s","og_description":"CHICOUTIMI &#8211; Pour une deuxi\u00e8me ann\u00e9e cons\u00e9cutive, des \u00e9tudiants de l&rsquo;Universit\u00e9 du Qu\u00e9bec \u00e0 Chicoutimi (UQAC) se distinguent lors du concours \u00ab La Rel\u00e8ve \u00bb, organis\u00e9 dans le cadre du congr\u00e8s de l&rsquo;Association des professeurs de sciences du Qu\u00e9bec (APSQ). Cette fois-ci, ce n&rsquo;est pas seulement une \u00e9quipe, mais bien deux groupes d&rsquo;\u00e9tudiantes au baccalaur\u00e9at [&hellip;]","og_url":"https:\/\/www.uqac.ca\/uqactualites\/2010\/11\/22\/pas-un-mais-deux-prix-dexcellence\/","og_site_name":"UQACtualit\u00e9s","article_published_time":"2010-11-22T21:49:32+00:00","og_image":[{"url":"http:\/\/www.uqac.ca\/wp-content\/uploads\/2012\/03\/7RbWrY3BZhAICiRL-300x225.jpg","type":"","width":"","height":""}],"author":"Service des communications et des relations publiques","twitter_card":"summary_large_image","twitter_misc":{"\u00c9crit par":"Service des communications et des relations publiques","Estimation du temps de lecture":"3 minutes"},"schema":{"@context":"https:\/\/schema.org","@graph":[{"@type":"WebPage","@id":"https:\/\/www.uqac.ca\/uqactualites\/2010\/11\/22\/pas-un-mais-deux-prix-dexcellence\/","url":"https:\/\/www.uqac.ca\/uqactualites\/2010\/11\/22\/pas-un-mais-deux-prix-dexcellence\/","name":"Pas un, mais deux prix d'excellence - UQACtualit\u00e9s","isPartOf":{"@id":"https:\/\/www.uqac.ca\/uqactualites\/#website"},"primaryImageOfPage":{"@id":"https:\/\/www.uqac.ca\/uqactualites\/2010\/11\/22\/pas-un-mais-deux-prix-dexcellence\/#primaryimage"},"image":{"@id":"https:\/\/www.uqac.ca\/uqactualites\/2010\/11\/22\/pas-un-mais-deux-prix-dexcellence\/#primaryimage"},"thumbnailUrl":"http:\/\/www.uqac.ca\/wp-content\/uploads\/2012\/03\/7RbWrY3BZhAICiRL-300x225.jpg","datePublished":"2010-11-22T21:49:32+00:00","dateModified":"2010-11-22T21:49:32+00:00","author":{"@id":"https:\/\/www.uqac.ca\/uqactualites\/#\/schema\/person\/366c45a0c4f0e677b41b4af5886e2018"},"breadcrumb":{"@id":"https:\/\/www.uqac.ca\/uqactualites\/2010\/11\/22\/pas-un-mais-deux-prix-dexcellence\/#breadcrumb"},"inLanguage":"fr-CA","potentialAction":[{"@type":"ReadAction","target":["https:\/\/www.uqac.ca\/uqactualites\/2010\/11\/22\/pas-un-mais-deux-prix-dexcellence\/"]}]},{"@type":"ImageObject","inLanguage":"fr-CA","@id":"https:\/\/www.uqac.ca\/uqactualites\/2010\/11\/22\/pas-un-mais-deux-prix-dexcellence\/#primaryimage","url":"http:\/\/www.uqac.ca\/wp-content\/uploads\/2012\/03\/7RbWrY3BZhAICiRL-300x225.jpg","contentUrl":"http:\/\/www.uqac.ca\/wp-content\/uploads\/2012\/03\/7RbWrY3BZhAICiRL-300x225.jpg"},{"@type":"BreadcrumbList","@id":"https:\/\/www.uqac.ca\/uqactualites\/2010\/11\/22\/pas-un-mais-deux-prix-dexcellence\/#breadcrumb","itemListElement":[{"@type":"ListItem","position":1,"name":"Home","item":"https:\/\/www.uqac.ca\/uqactualites\/"},{"@type":"ListItem","position":2,"name":"Pas un, mais deux prix d&rsquo;excellence"}]},{"@type":"WebSite","@id":"https:\/\/www.uqac.ca\/uqactualites\/#website","url":"https:\/\/www.uqac.ca\/uqactualites\/","name":"UQACtualit\u00e9s","description":"Le portail des nouvelles de l&#039;UQAC","potentialAction":[{"@type":"SearchAction","target":{"@type":"EntryPoint","urlTemplate":"https:\/\/www.uqac.ca\/uqactualites\/?s={search_term_string}"},"query-input":{"@type":"PropertyValueSpecification","valueRequired":true,"valueName":"search_term_string"}}],"inLanguage":"fr-CA"},{"@type":"Person","@id":"https:\/\/www.uqac.ca\/uqactualites\/#\/schema\/person\/366c45a0c4f0e677b41b4af5886e2018","name":"Service des communications et des relations publiques","image":{"@type":"ImageObject","inLanguage":"fr-CA","@id":"https:\/\/www.uqac.ca\/uqactualites\/#\/schema\/person\/image\/","url":"https:\/\/secure.gravatar.com\/avatar\/20fbbda8a292f59f2d3461a5b999c00b?s=96&d=mm&r=g","contentUrl":"https:\/\/secure.gravatar.com\/avatar\/20fbbda8a292f59f2d3461a5b999c00b?s=96&d=mm&r=g","caption":"Service des communications et des relations publiques"},"url":"https:\/\/www.uqac.ca\/uqactualites\/author\/bap\/"}]}},"_links":{"self":[{"href":"https:\/\/www.uqac.ca\/uqactualites\/wp-json\/wp\/v2\/posts\/19263"}],"collection":[{"href":"https:\/\/www.uqac.ca\/uqactualites\/wp-json\/wp\/v2\/posts"}],"about":[{"href":"https:\/\/www.uqac.ca\/uqactualites\/wp-json\/wp\/v2\/types\/post"}],"author":[{"embeddable":true,"href":"https:\/\/www.uqac.ca\/uqactualites\/wp-json\/wp\/v2\/users\/5"}],"replies":[{"embeddable":true,"href":"https:\/\/www.uqac.ca\/uqactualites\/wp-json\/wp\/v2\/comments?post=19263"}],"version-history":[{"count":0,"href":"https:\/\/www.uqac.ca\/uqactualites\/wp-json\/wp\/v2\/posts\/19263\/revisions"}],"wp:attachment":[{"href":"https:\/\/www.uqac.ca\/uqactualites\/wp-json\/wp\/v2\/media?parent=19263"}],"wp:term":[{"taxonomy":"category","embeddable":true,"href":"https:\/\/www.uqac.ca\/uqactualites\/wp-json\/wp\/v2\/categories?post=19263"},{"taxonomy":"post_tag","embeddable":true,"href":"https:\/\/www.uqac.ca\/uqactualites\/wp-json\/wp\/v2\/tags?post=19263"}],"curies":[{"name":"wp","href":"https:\/\/api.w.org\/{rel}","templated":true}]}}