{"id":19265,"date":"2010-11-16T10:30:58","date_gmt":"2010-11-16T16:00:58","guid":{"rendered":"http:\/\/uqactualite.odev.ca\/2010\/11\/la-palme-aux-etudiants-de-luqac-tournoi-universitaire-des-centres-jeunesse-du-quebec\/"},"modified":"2010-11-16T10:30:58","modified_gmt":"2010-11-16T16:00:58","slug":"la-palme-aux-etudiants-de-luqac-tournoi-universitaire-des-centres-jeunesse-du-quebec","status":"publish","type":"post","link":"https:\/\/www.uqac.ca\/uqactualites\/2010\/11\/16\/la-palme-aux-etudiants-de-luqac-tournoi-universitaire-des-centres-jeunesse-du-quebec\/","title":{"rendered":"La palme aux \u00e9tudiants de l&rsquo;UQAC &#8211; Tournoi universitaire des Centres jeunesse du Qu\u00e9bec"},"content":{"rendered":"<p><figure id=\"attachment_19265\" aria-describedby=\"caption-attachment-19265\" style=\"width: 300px\" class=\"wp-caption alignright\"><a href=\"http:\/\/www.uqac.ca\/wp-content\/uploads\/2012\/03\/iLv9C5I2MtCxziYK.jpg\"><img loading=\"lazy\" decoding=\"async\" class=\"size-medium wp-image-19265\" title=\"iLv9C5I2MtCxziYK\" src=\"http:\/\/www.uqac.ca\/wp-content\/uploads\/2012\/03\/iLv9C5I2MtCxziYK-300x225.jpg\" width=\"300\" height=\"225\" alt=\"\" \/><\/a><figcaption id=\"caption-attachment-19265\" class=\"wp-caption-text\">Denise Langevin, de la Direction de la protection de la jeunesse (DPJ) au Centre de protection et de r\u00e9adaptation de la C\u00f4te-Nord (CPRCN), Mario Ouellet, St\u00e9phanie Thibeault, Marianne Simard, Marie-Claude C\u00f4t\u00e9, la coordonnatrice au Centre de formation de l&#039;Association des Centres jeunesse du Qu\u00e9bec (ACJQ), Nathalie Turgeon, et le directeur g\u00e9n\u00e9ral du CPRCN, Alcide Huard, lors du d\u00e9voilement des gagnants. (Courtoisie) <\/figcaption><\/figure>CHICOUTIMI &#8211; Quatre \u00e9tudiants en intervention sociale de l&rsquo;Universit\u00e9 du Qu\u00e9bec \u00e0 Chicoutimi (UQAC) ont remport\u00e9, il y a quelques semaines, le tout premier Tournoi universitaire des Centres jeunesse du Qu\u00e9bec, leur permettant de faire un stage d&rsquo;une semaine dans un centre de la C\u00f4te-Nord. L&rsquo;\u00e9v\u00e9nement avait comme principal objectif de permettre aux \u00e9tudiants de d\u00e9montrer leur savoir individuel et leur capacit\u00e9 \u00e0 travailler en \u00e9quipe. <\/p>\n<p>Le concours, qui a eu lieu du 23 au 25 octobre dernier \u00e0 Montr\u00e9al, a \u00e9t\u00e9 organis\u00e9 dans le cadre du colloque bisannuel des Centres jeunesse du Qu\u00e9bec. Plusieurs universit\u00e9s \u00e9taient repr\u00e9sent\u00e9es par une \u00e9quipe. Les \u00e9tudiants en service social, criminologie, psycho\u00e9ducation et travail social provenaient des constituantes de l&rsquo;Universit\u00e9 du Qu\u00e9bec en Outaouais (UQO), en Abitibi (UQA), \u00e0 Trois-Rivi\u00e8res (UQTR), de Chicoutimi (UQAC) de m\u00eame que de l&rsquo;Universit\u00e9 de Montr\u00e9al, l&rsquo;Universit\u00e9 Laval et l&rsquo;Universit\u00e9 de Sherbrooke. <\/p>\n<p>\u00ab C&rsquo;\u00e9tait une comp\u00e9tition amicale. On n&rsquo;allait pas au combat \u00bb, pr\u00e9cise St\u00e9phanie Thibeault, qui a recrut\u00e9 les membres de son \u00e9quipe pour participer \u00e0 ce tournoi. <\/p>\n<p>M\u00eame si l&rsquo;\u00e9v\u00e9nement a connu une forte participation, les quatre \u00e9tudiants originaires de la r\u00e9gion, St\u00e9phanie Thibeault, Marie-Claude C\u00f4t\u00e9, Mario Ouellet et Marianne Simard, ont remport\u00e9 le d\u00e9fi. <\/p>\n<p>Il s&rsquo;agissait d&rsquo;un examen comprenant 75 questions concernant les Centres jeunesse en g\u00e9n\u00e9ral, la Loi sur la protection de la jeunesse, les signalements et les processus. De plus, les quatre participants devaient faire une pr\u00e9sentation et, finalement, un d\u00e9bat oratoire. <\/p>\n<p>\u00ab Ils \u00e9taient contents d&rsquo;obtenir notre point de vue en tant que nouveaux dans le domaine \u00bb, mentionne Mario Ouellet. <\/p>\n<p>Les crit\u00e8res d&rsquo;\u00e9valuation \u00e9taient bas\u00e9s sur la combinaison des quatre r\u00e9sultats au test, la coh\u00e9sion du groupe, leurs comp\u00e9tences et leurs arguments pendant le d\u00e9bat. <\/p>\n<p>\u00ab C&rsquo;\u00e9tait organis\u00e9 \u00e0 la mani\u00e8re de la \u00ab Petite s\u00e9duction \u00bb. Ils essaient de recruter plus de gens dans les Centres jeunesse qui ont mauvaise presse en raison du film de Denys Arcand, mais on en a besoin et ils s&rsquo;adaptent parce qu&rsquo;ils ont les jeunes \u00e0 coeur \u00bb, explique St\u00e9phanie Thibeault. <\/p>\n<p>De plus, les professionnels h\u00e9sitent \u00e0 travailler dans les Centres jeunesse, car, selon les \u00e9tudiants, c&rsquo;est un milieu difficile <em>\u00e9motionnellement<\/em>. D&rsquo;ailleurs, un grand nombre de travailleurs sociaux quittent les Centres jeunesse durant leurs trois premi\u00e8res ann\u00e9es de travail. <\/p>\n<p><strong>Le go\u00fbt de travailler aupr\u00e8s des jeunes<\/strong><\/p>\n<p>CHICOUTIMI &#8211; (AP) &#8211; Le Tournoi universitaire des Centres jeunesse du Qu\u00e9bec a v\u00e9ritablement donn\u00e9 le go\u00fbt aux \u00e9tudiants de l&rsquo;UQAC de travailler, un jour, dans un Centre jeunesse. <\/p>\n<p>\u00ab Moi, j&rsquo;avais vraiment envie de faire la comp\u00e9tition parce que j&rsquo;ai commenc\u00e9 mon bac dans le but de travailler dans un centre. C&rsquo;est s\u00fbr que je vais l\u00e0 \u00bb, soutient l&rsquo;instigatrice de l&rsquo;\u00e9quipe r\u00e9gionale, St\u00e9phanie Thibeault. <\/p>\n<p>Quant aux autres participants, le Tournoi a contribu\u00e9 \u00e0 susciter leur int\u00e9r\u00eat pour ce milieu. \u00ab C&rsquo;est un gros employeur dans notre domaine. Il y avait 1500 employ\u00e9s de Centres jeunesse qui ont particip\u00e9 au colloque. On a pu \u00e9changer avec eux \u00bb, affirme Mario Ouellet. <\/p>\n<p>En janvier, les quatre gagnants du tournoi participeront \u00e0 un stage de quelques jours dans une communaut\u00e9 autochtone de la C\u00f4te-Nord o\u00f9 le manque de travailleurs sociaux se fait ressentir, comme dans plusieurs autres r\u00e9gions du Qu\u00e9bec. <\/p>\n<p>\u00ab Dans des endroits plus \u00e9loign\u00e9s, il y a d&rsquo;autres probl\u00e9matiques et des d\u00e9fis diff\u00e9rents. Les d\u00e9penses sont toutes pay\u00e9es. C&rsquo;est une mini-op\u00e9ration s\u00e9duction, de beaux d\u00e9fis humains \u00bb, conclut Marie-Claude C\u00f4t\u00e9. <\/p>\n<p>Le Quotidien, samedi, 13 novembre 2010; p. 20<br \/>\nUn texte de Audrey Pouliot<\/p>\n","protected":false},"excerpt":{"rendered":"<p>CHICOUTIMI &#8211; Quatre \u00e9tudiants en intervention sociale de l&rsquo;Universit\u00e9 du Qu\u00e9bec \u00e0 Chicoutimi (UQAC) ont remport\u00e9, il y a quelques semaines, le tout premier Tournoi universitaire des Centres jeunesse du Qu\u00e9bec, leur permettant de faire un stage d&rsquo;une semaine dans un centre de la C\u00f4te-Nord. L&rsquo;\u00e9v\u00e9nement avait comme principal objectif de permettre aux \u00e9tudiants de [&hellip;]<\/p>\n","protected":false},"author":5,"featured_media":0,"comment_status":"closed","ping_status":"1","sticky":false,"template":"","format":"standard","meta":{"footnotes":""},"categories":[2772],"tags":[],"yoast_head":"<!-- This site is optimized with the Yoast SEO plugin v24.2 - https:\/\/yoast.com\/wordpress\/plugins\/seo\/ -->\r\n<title>La palme aux \u00e9tudiants de l&#039;UQAC - Tournoi universitaire des Centres jeunesse du Qu\u00e9bec - UQACtualit\u00e9s<\/title>\r\n<meta name=\"robots\" content=\"index, follow, max-snippet:-1, max-image-preview:large, max-video-preview:-1\" \/>\r\n<link rel=\"canonical\" href=\"https:\/\/www.uqac.ca\/uqactualites\/2010\/11\/16\/la-palme-aux-etudiants-de-luqac-tournoi-universitaire-des-centres-jeunesse-du-quebec\/\" \/>\r\n<meta property=\"og:locale\" content=\"fr_CA\" \/>\r\n<meta property=\"og:type\" content=\"article\" \/>\r\n<meta property=\"og:title\" content=\"La palme aux \u00e9tudiants de l&#039;UQAC - Tournoi universitaire des Centres jeunesse du Qu\u00e9bec - UQACtualit\u00e9s\" \/>\r\n<meta property=\"og:description\" content=\"CHICOUTIMI &#8211; Quatre \u00e9tudiants en intervention sociale de l&rsquo;Universit\u00e9 du Qu\u00e9bec \u00e0 Chicoutimi (UQAC) ont remport\u00e9, il y a quelques semaines, le tout premier Tournoi universitaire des Centres jeunesse du Qu\u00e9bec, leur permettant de faire un stage d&rsquo;une semaine dans un centre de la C\u00f4te-Nord. L&rsquo;\u00e9v\u00e9nement avait comme principal objectif de permettre aux \u00e9tudiants de [&hellip;]\" \/>\r\n<meta property=\"og:url\" content=\"https:\/\/www.uqac.ca\/uqactualites\/2010\/11\/16\/la-palme-aux-etudiants-de-luqac-tournoi-universitaire-des-centres-jeunesse-du-quebec\/\" \/>\r\n<meta property=\"og:site_name\" content=\"UQACtualit\u00e9s\" \/>\r\n<meta property=\"article:published_time\" content=\"2010-11-16T16:00:58+00:00\" \/>\r\n<meta property=\"og:image\" content=\"http:\/\/www.uqac.ca\/wp-content\/uploads\/2012\/03\/iLv9C5I2MtCxziYK-300x225.jpg\" \/>\r\n<meta name=\"author\" content=\"Service des communications et des relations publiques\" \/>\r\n<meta name=\"twitter:card\" content=\"summary_large_image\" \/>\r\n<meta name=\"twitter:label1\" content=\"\u00c9crit par\" \/>\n\t<meta name=\"twitter:data1\" content=\"Service des communications et des relations publiques\" \/>\n\t<meta name=\"twitter:label2\" content=\"Estimation du temps de lecture\" \/>\n\t<meta name=\"twitter:data2\" content=\"3 minutes\" \/>\r\n<script type=\"application\/ld+json\" class=\"yoast-schema-graph\">{\"@context\":\"https:\/\/schema.org\",\"@graph\":[{\"@type\":\"WebPage\",\"@id\":\"https:\/\/www.uqac.ca\/uqactualites\/2010\/11\/16\/la-palme-aux-etudiants-de-luqac-tournoi-universitaire-des-centres-jeunesse-du-quebec\/\",\"url\":\"https:\/\/www.uqac.ca\/uqactualites\/2010\/11\/16\/la-palme-aux-etudiants-de-luqac-tournoi-universitaire-des-centres-jeunesse-du-quebec\/\",\"name\":\"La palme aux \u00e9tudiants de l'UQAC - Tournoi universitaire des Centres jeunesse du Qu\u00e9bec - UQACtualit\u00e9s\",\"isPartOf\":{\"@id\":\"https:\/\/www.uqac.ca\/uqactualites\/#website\"},\"primaryImageOfPage\":{\"@id\":\"https:\/\/www.uqac.ca\/uqactualites\/2010\/11\/16\/la-palme-aux-etudiants-de-luqac-tournoi-universitaire-des-centres-jeunesse-du-quebec\/#primaryimage\"},\"image\":{\"@id\":\"https:\/\/www.uqac.ca\/uqactualites\/2010\/11\/16\/la-palme-aux-etudiants-de-luqac-tournoi-universitaire-des-centres-jeunesse-du-quebec\/#primaryimage\"},\"thumbnailUrl\":\"http:\/\/www.uqac.ca\/wp-content\/uploads\/2012\/03\/iLv9C5I2MtCxziYK-300x225.jpg\",\"datePublished\":\"2010-11-16T16:00:58+00:00\",\"dateModified\":\"2010-11-16T16:00:58+00:00\",\"author\":{\"@id\":\"https:\/\/www.uqac.ca\/uqactualites\/#\/schema\/person\/366c45a0c4f0e677b41b4af5886e2018\"},\"breadcrumb\":{\"@id\":\"https:\/\/www.uqac.ca\/uqactualites\/2010\/11\/16\/la-palme-aux-etudiants-de-luqac-tournoi-universitaire-des-centres-jeunesse-du-quebec\/#breadcrumb\"},\"inLanguage\":\"fr-CA\",\"potentialAction\":[{\"@type\":\"ReadAction\",\"target\":[\"https:\/\/www.uqac.ca\/uqactualites\/2010\/11\/16\/la-palme-aux-etudiants-de-luqac-tournoi-universitaire-des-centres-jeunesse-du-quebec\/\"]}]},{\"@type\":\"ImageObject\",\"inLanguage\":\"fr-CA\",\"@id\":\"https:\/\/www.uqac.ca\/uqactualites\/2010\/11\/16\/la-palme-aux-etudiants-de-luqac-tournoi-universitaire-des-centres-jeunesse-du-quebec\/#primaryimage\",\"url\":\"http:\/\/www.uqac.ca\/wp-content\/uploads\/2012\/03\/iLv9C5I2MtCxziYK-300x225.jpg\",\"contentUrl\":\"http:\/\/www.uqac.ca\/wp-content\/uploads\/2012\/03\/iLv9C5I2MtCxziYK-300x225.jpg\"},{\"@type\":\"BreadcrumbList\",\"@id\":\"https:\/\/www.uqac.ca\/uqactualites\/2010\/11\/16\/la-palme-aux-etudiants-de-luqac-tournoi-universitaire-des-centres-jeunesse-du-quebec\/#breadcrumb\",\"itemListElement\":[{\"@type\":\"ListItem\",\"position\":1,\"name\":\"Home\",\"item\":\"https:\/\/www.uqac.ca\/uqactualites\/\"},{\"@type\":\"ListItem\",\"position\":2,\"name\":\"La palme aux \u00e9tudiants de l&rsquo;UQAC &#8211; Tournoi universitaire des Centres jeunesse du Qu\u00e9bec\"}]},{\"@type\":\"WebSite\",\"@id\":\"https:\/\/www.uqac.ca\/uqactualites\/#website\",\"url\":\"https:\/\/www.uqac.ca\/uqactualites\/\",\"name\":\"UQACtualit\u00e9s\",\"description\":\"Le portail des nouvelles de l&#039;UQAC\",\"potentialAction\":[{\"@type\":\"SearchAction\",\"target\":{\"@type\":\"EntryPoint\",\"urlTemplate\":\"https:\/\/www.uqac.ca\/uqactualites\/?s={search_term_string}\"},\"query-input\":{\"@type\":\"PropertyValueSpecification\",\"valueRequired\":true,\"valueName\":\"search_term_string\"}}],\"inLanguage\":\"fr-CA\"},{\"@type\":\"Person\",\"@id\":\"https:\/\/www.uqac.ca\/uqactualites\/#\/schema\/person\/366c45a0c4f0e677b41b4af5886e2018\",\"name\":\"Service des communications et des relations publiques\",\"image\":{\"@type\":\"ImageObject\",\"inLanguage\":\"fr-CA\",\"@id\":\"https:\/\/www.uqac.ca\/uqactualites\/#\/schema\/person\/image\/\",\"url\":\"https:\/\/secure.gravatar.com\/avatar\/20fbbda8a292f59f2d3461a5b999c00b?s=96&d=mm&r=g\",\"contentUrl\":\"https:\/\/secure.gravatar.com\/avatar\/20fbbda8a292f59f2d3461a5b999c00b?s=96&d=mm&r=g\",\"caption\":\"Service des communications et des relations publiques\"},\"url\":\"https:\/\/www.uqac.ca\/uqactualites\/author\/bap\/\"}]}<\/script>\r\n<!-- \/ Yoast SEO plugin. -->","yoast_head_json":{"title":"La palme aux \u00e9tudiants de l'UQAC - Tournoi universitaire des Centres jeunesse du Qu\u00e9bec - UQACtualit\u00e9s","robots":{"index":"index","follow":"follow","max-snippet":"max-snippet:-1","max-image-preview":"max-image-preview:large","max-video-preview":"max-video-preview:-1"},"canonical":"https:\/\/www.uqac.ca\/uqactualites\/2010\/11\/16\/la-palme-aux-etudiants-de-luqac-tournoi-universitaire-des-centres-jeunesse-du-quebec\/","og_locale":"fr_CA","og_type":"article","og_title":"La palme aux \u00e9tudiants de l'UQAC - Tournoi universitaire des Centres jeunesse du Qu\u00e9bec - UQACtualit\u00e9s","og_description":"CHICOUTIMI &#8211; Quatre \u00e9tudiants en intervention sociale de l&rsquo;Universit\u00e9 du Qu\u00e9bec \u00e0 Chicoutimi (UQAC) ont remport\u00e9, il y a quelques semaines, le tout premier Tournoi universitaire des Centres jeunesse du Qu\u00e9bec, leur permettant de faire un stage d&rsquo;une semaine dans un centre de la C\u00f4te-Nord. L&rsquo;\u00e9v\u00e9nement avait comme principal objectif de permettre aux \u00e9tudiants de [&hellip;]","og_url":"https:\/\/www.uqac.ca\/uqactualites\/2010\/11\/16\/la-palme-aux-etudiants-de-luqac-tournoi-universitaire-des-centres-jeunesse-du-quebec\/","og_site_name":"UQACtualit\u00e9s","article_published_time":"2010-11-16T16:00:58+00:00","og_image":[{"url":"http:\/\/www.uqac.ca\/wp-content\/uploads\/2012\/03\/iLv9C5I2MtCxziYK-300x225.jpg","type":"","width":"","height":""}],"author":"Service des communications et des relations publiques","twitter_card":"summary_large_image","twitter_misc":{"\u00c9crit par":"Service des communications et des relations publiques","Estimation du temps de lecture":"3 minutes"},"schema":{"@context":"https:\/\/schema.org","@graph":[{"@type":"WebPage","@id":"https:\/\/www.uqac.ca\/uqactualites\/2010\/11\/16\/la-palme-aux-etudiants-de-luqac-tournoi-universitaire-des-centres-jeunesse-du-quebec\/","url":"https:\/\/www.uqac.ca\/uqactualites\/2010\/11\/16\/la-palme-aux-etudiants-de-luqac-tournoi-universitaire-des-centres-jeunesse-du-quebec\/","name":"La palme aux \u00e9tudiants de l'UQAC - Tournoi universitaire des Centres jeunesse du Qu\u00e9bec - UQACtualit\u00e9s","isPartOf":{"@id":"https:\/\/www.uqac.ca\/uqactualites\/#website"},"primaryImageOfPage":{"@id":"https:\/\/www.uqac.ca\/uqactualites\/2010\/11\/16\/la-palme-aux-etudiants-de-luqac-tournoi-universitaire-des-centres-jeunesse-du-quebec\/#primaryimage"},"image":{"@id":"https:\/\/www.uqac.ca\/uqactualites\/2010\/11\/16\/la-palme-aux-etudiants-de-luqac-tournoi-universitaire-des-centres-jeunesse-du-quebec\/#primaryimage"},"thumbnailUrl":"http:\/\/www.uqac.ca\/wp-content\/uploads\/2012\/03\/iLv9C5I2MtCxziYK-300x225.jpg","datePublished":"2010-11-16T16:00:58+00:00","dateModified":"2010-11-16T16:00:58+00:00","author":{"@id":"https:\/\/www.uqac.ca\/uqactualites\/#\/schema\/person\/366c45a0c4f0e677b41b4af5886e2018"},"breadcrumb":{"@id":"https:\/\/www.uqac.ca\/uqactualites\/2010\/11\/16\/la-palme-aux-etudiants-de-luqac-tournoi-universitaire-des-centres-jeunesse-du-quebec\/#breadcrumb"},"inLanguage":"fr-CA","potentialAction":[{"@type":"ReadAction","target":["https:\/\/www.uqac.ca\/uqactualites\/2010\/11\/16\/la-palme-aux-etudiants-de-luqac-tournoi-universitaire-des-centres-jeunesse-du-quebec\/"]}]},{"@type":"ImageObject","inLanguage":"fr-CA","@id":"https:\/\/www.uqac.ca\/uqactualites\/2010\/11\/16\/la-palme-aux-etudiants-de-luqac-tournoi-universitaire-des-centres-jeunesse-du-quebec\/#primaryimage","url":"http:\/\/www.uqac.ca\/wp-content\/uploads\/2012\/03\/iLv9C5I2MtCxziYK-300x225.jpg","contentUrl":"http:\/\/www.uqac.ca\/wp-content\/uploads\/2012\/03\/iLv9C5I2MtCxziYK-300x225.jpg"},{"@type":"BreadcrumbList","@id":"https:\/\/www.uqac.ca\/uqactualites\/2010\/11\/16\/la-palme-aux-etudiants-de-luqac-tournoi-universitaire-des-centres-jeunesse-du-quebec\/#breadcrumb","itemListElement":[{"@type":"ListItem","position":1,"name":"Home","item":"https:\/\/www.uqac.ca\/uqactualites\/"},{"@type":"ListItem","position":2,"name":"La palme aux \u00e9tudiants de l&rsquo;UQAC &#8211; Tournoi universitaire des Centres jeunesse du Qu\u00e9bec"}]},{"@type":"WebSite","@id":"https:\/\/www.uqac.ca\/uqactualites\/#website","url":"https:\/\/www.uqac.ca\/uqactualites\/","name":"UQACtualit\u00e9s","description":"Le portail des nouvelles de l&#039;UQAC","potentialAction":[{"@type":"SearchAction","target":{"@type":"EntryPoint","urlTemplate":"https:\/\/www.uqac.ca\/uqactualites\/?s={search_term_string}"},"query-input":{"@type":"PropertyValueSpecification","valueRequired":true,"valueName":"search_term_string"}}],"inLanguage":"fr-CA"},{"@type":"Person","@id":"https:\/\/www.uqac.ca\/uqactualites\/#\/schema\/person\/366c45a0c4f0e677b41b4af5886e2018","name":"Service des communications et des relations publiques","image":{"@type":"ImageObject","inLanguage":"fr-CA","@id":"https:\/\/www.uqac.ca\/uqactualites\/#\/schema\/person\/image\/","url":"https:\/\/secure.gravatar.com\/avatar\/20fbbda8a292f59f2d3461a5b999c00b?s=96&d=mm&r=g","contentUrl":"https:\/\/secure.gravatar.com\/avatar\/20fbbda8a292f59f2d3461a5b999c00b?s=96&d=mm&r=g","caption":"Service des communications et des relations publiques"},"url":"https:\/\/www.uqac.ca\/uqactualites\/author\/bap\/"}]}},"_links":{"self":[{"href":"https:\/\/www.uqac.ca\/uqactualites\/wp-json\/wp\/v2\/posts\/19265"}],"collection":[{"href":"https:\/\/www.uqac.ca\/uqactualites\/wp-json\/wp\/v2\/posts"}],"about":[{"href":"https:\/\/www.uqac.ca\/uqactualites\/wp-json\/wp\/v2\/types\/post"}],"author":[{"embeddable":true,"href":"https:\/\/www.uqac.ca\/uqactualites\/wp-json\/wp\/v2\/users\/5"}],"replies":[{"embeddable":true,"href":"https:\/\/www.uqac.ca\/uqactualites\/wp-json\/wp\/v2\/comments?post=19265"}],"version-history":[{"count":0,"href":"https:\/\/www.uqac.ca\/uqactualites\/wp-json\/wp\/v2\/posts\/19265\/revisions"}],"wp:attachment":[{"href":"https:\/\/www.uqac.ca\/uqactualites\/wp-json\/wp\/v2\/media?parent=19265"}],"wp:term":[{"taxonomy":"category","embeddable":true,"href":"https:\/\/www.uqac.ca\/uqactualites\/wp-json\/wp\/v2\/categories?post=19265"},{"taxonomy":"post_tag","embeddable":true,"href":"https:\/\/www.uqac.ca\/uqactualites\/wp-json\/wp\/v2\/tags?post=19265"}],"curies":[{"name":"wp","href":"https:\/\/api.w.org\/{rel}","templated":true}]}}