{"id":19271,"date":"2010-11-04T14:44:50","date_gmt":"2010-11-04T20:14:50","guid":{"rendered":"http:\/\/uqactualite.odev.ca\/2010\/11\/publication-dans-le-new-england-journal-of-medecine-des-resultats-de-letude-sur-la-genetique-de-lasthme\/"},"modified":"2010-11-04T14:44:50","modified_gmt":"2010-11-04T20:14:50","slug":"publication-dans-le-new-england-journal-of-medecine-des-resultats-de-letude-sur-la-genetique-de-lasthme","status":"publish","type":"post","link":"https:\/\/www.uqac.ca\/uqactualites\/2010\/11\/04\/publication-dans-le-new-england-journal-of-medecine-des-resultats-de-letude-sur-la-genetique-de-lasthme\/","title":{"rendered":"Publication dans le New England Journal of Medecine des r\u00e9sultats de l&rsquo;\u00e9tude sur la g\u00e9n\u00e9tique de l&rsquo;asthme"},"content":{"rendered":"<p><figure id=\"attachment_19271\" aria-describedby=\"caption-attachment-19271\" style=\"width: 225px\" class=\"wp-caption alignright\"><a href=\"http:\/\/www.uqac.ca\/wp-content\/uploads\/2012\/03\/4J2QPkAEok7mso4z.jpg\"><img loading=\"lazy\" decoding=\"async\" class=\"size-medium wp-image-19271\" title=\"4J2QPkAEok7mso4z\" src=\"http:\/\/www.uqac.ca\/wp-content\/uploads\/2012\/03\/4J2QPkAEok7mso4z-225x300.jpg\" width=\"225\" height=\"300\" alt=\"\" \/><\/a><figcaption id=\"caption-attachment-19271\" class=\"wp-caption-text\">Catherine Laprise, professeure-chercheuse au D\u00e9partement des sciences fondamentales<\/figcaption><\/figure>Le <em>New England Journal of Medecine (NEJM)<\/em> publiait, dans son \u00e9dition du 23 septembre dernier, <em><strong>un article traitant de la plus importante \u00e9tude r\u00e9alis\u00e9e sur la g\u00e9n\u00e9tique de l&rsquo;asthme depuis l&rsquo;av\u00e8nement du projet G\u00e9nome humain<\/strong><\/em>. Cette \u00e9tude, men\u00e9e par le consortium europ\u00e9en GABRIEL, qui vise \u00e0 d\u00e9finir les causes g\u00e9n\u00e9tiques et environnementales de l&rsquo;asthme, incluait plusieurs \u00e9tudes ind\u00e9pendantes sur l&rsquo;asthme de populations d&rsquo;origine europ\u00e9enne de m\u00eame que l&rsquo;\u00e9tude familiale r\u00e9alis\u00e9e au Saguenay\u2013Lac-Saint-Jean et dirig\u00e9e par la professeure-chercheuse Catherine Laprise de l&rsquo;UQAC. <\/p>\n<p>Catherine Laprise s&rsquo;est jointe au consortium GABRIEL en 2007. Elle est codirectrice du laboratoire G\u00e9promic \u00e0 l&rsquo;UQAC, directrice du regroupement strat\u00e9gique en inflammation et remodelage du R\u00e9seau en sant\u00e9 respiratoire du Fonds de la recherche en sant\u00e9 du Qu\u00e9bec, chercheuse du R\u00e9seau d&rsquo;excellence canadien en asthme et allergie AllerGen et, \u00e9galement titulaire de la Chaire de recherche du Canada sur \u00ab<em> l&rsquo;\u00e9tude des d\u00e9terminants g\u00e9n\u00e9tiques de l&rsquo;asthme <\/em>\u00bb. <\/p>\n<p>L&rsquo;\u00e9tude publi\u00e9e a n\u00e9cessit\u00e9 la collaboration de 164 scientifiques provenant de 19 pays et repr\u00e9sentant 23 groupes de recherche. <em><strong>Un travail colossal a \u00e9t\u00e9 r\u00e9alis\u00e9 par les chercheurs, soit l&rsquo;\u00e9tude pang\u00e9nomique de plus de 10 000 asthmatiques et de 16 000 sujets sans asthme ni allergie, et comportant 600 000 tests g\u00e9n\u00e9tiques par individu. L&rsquo;\u00e9tude a permis d&rsquo;identifier des g\u00e8nes associ\u00e9s avec un risque de pr\u00e9senter de l&rsquo;asthme ind\u00e9pendamment de l&rsquo;\u00e2ge. Ces g\u00e8nes sont impliqu\u00e9s dans le remodelage des voies respiratoires principalement au niveau des cellules \u00e9pith\u00e9liales ainsi qu&rsquo;au syst\u00e8me immun et \u00e0 l&rsquo;activation de l&rsquo;inflammation des voies respiratoires. D&rsquo;autres g\u00e8nes ont \u00e9t\u00e9 associ\u00e9s \u00e0 l&rsquo;asthme chez les jeunes enfants et \u00e0 l&rsquo;asthme s\u00e9v\u00e8re<\/strong><\/em>. Ces travaux sont essentiels \u00e0 une meilleure compr\u00e9hension de la biologie mol\u00e9culaire de l&rsquo;asthme. Les investigations se poursuivent afin d&rsquo;avoir une meilleure connaissance des facteurs g\u00e9n\u00e9tiques et environnementaux ainsi qu&rsquo;une compr\u00e9hension du r\u00f4le de ces facteurs dans l&rsquo;asthme. <\/p>\n<p>Vous avez acc\u00e8s, au r\u00e9sum\u00e9 du texte scientifique, \u00e0 l&rsquo;adresse suivante : <a href=\"http:\/\/www.cng.fr\/gabriel\/\">www.cng.fr\/gabriel\/<\/a>.<\/p>\n<p><strong>\u00c0 PROPOS DE<\/strong><br \/>\nLe New England Journal of Medecine est une revue am\u00e9ricaine, \u00e9dit\u00e9e depuis 1812 et publi\u00e9e hebdomadairement en anglais. En ce moment, c&rsquo;est la revue m\u00e9dicale la plus prestigieuse.<\/p>\n","protected":false},"excerpt":{"rendered":"<p>Le New England Journal of Medecine (NEJM) publiait, dans son \u00e9dition du 23 septembre dernier, un article traitant de la plus importante \u00e9tude r\u00e9alis\u00e9e sur la g\u00e9n\u00e9tique de l&rsquo;asthme depuis l&rsquo;av\u00e8nement du projet G\u00e9nome humain. Cette \u00e9tude, men\u00e9e par le consortium europ\u00e9en GABRIEL, qui vise \u00e0 d\u00e9finir les causes g\u00e9n\u00e9tiques et environnementales de l&rsquo;asthme, incluait [&hellip;]<\/p>\n","protected":false},"author":5,"featured_media":0,"comment_status":"closed","ping_status":"1","sticky":false,"template":"","format":"standard","meta":{"footnotes":""},"categories":[25],"tags":[],"yoast_head":"<!-- This site is optimized with the Yoast SEO plugin v24.2 - https:\/\/yoast.com\/wordpress\/plugins\/seo\/ -->\r\n<title>Publication dans le New England Journal of Medecine des r\u00e9sultats de l&#039;\u00e9tude sur la g\u00e9n\u00e9tique de l&#039;asthme - UQACtualit\u00e9s<\/title>\r\n<meta name=\"robots\" content=\"index, follow, max-snippet:-1, max-image-preview:large, max-video-preview:-1\" \/>\r\n<link rel=\"canonical\" href=\"https:\/\/www.uqac.ca\/uqactualites\/2010\/11\/04\/publication-dans-le-new-england-journal-of-medecine-des-resultats-de-letude-sur-la-genetique-de-lasthme\/\" \/>\r\n<meta property=\"og:locale\" content=\"fr_CA\" \/>\r\n<meta property=\"og:type\" content=\"article\" \/>\r\n<meta property=\"og:title\" content=\"Publication dans le New England Journal of Medecine des r\u00e9sultats de l&#039;\u00e9tude sur la g\u00e9n\u00e9tique de l&#039;asthme - UQACtualit\u00e9s\" \/>\r\n<meta property=\"og:description\" content=\"Le New England Journal of Medecine (NEJM) publiait, dans son \u00e9dition du 23 septembre dernier, un article traitant de la plus importante \u00e9tude r\u00e9alis\u00e9e sur la g\u00e9n\u00e9tique de l&rsquo;asthme depuis l&rsquo;av\u00e8nement du projet G\u00e9nome humain. Cette \u00e9tude, men\u00e9e par le consortium europ\u00e9en GABRIEL, qui vise \u00e0 d\u00e9finir les causes g\u00e9n\u00e9tiques et environnementales de l&rsquo;asthme, incluait [&hellip;]\" \/>\r\n<meta property=\"og:url\" content=\"https:\/\/www.uqac.ca\/uqactualites\/2010\/11\/04\/publication-dans-le-new-england-journal-of-medecine-des-resultats-de-letude-sur-la-genetique-de-lasthme\/\" \/>\r\n<meta property=\"og:site_name\" content=\"UQACtualit\u00e9s\" \/>\r\n<meta property=\"article:published_time\" content=\"2010-11-04T20:14:50+00:00\" \/>\r\n<meta property=\"og:image\" content=\"http:\/\/www.uqac.ca\/wp-content\/uploads\/2012\/03\/4J2QPkAEok7mso4z-225x300.jpg\" \/>\r\n<meta name=\"author\" content=\"Service des communications et des relations publiques\" \/>\r\n<meta name=\"twitter:card\" content=\"summary_large_image\" \/>\r\n<meta name=\"twitter:label1\" content=\"\u00c9crit par\" \/>\n\t<meta name=\"twitter:data1\" content=\"Service des communications et des relations publiques\" \/>\n\t<meta name=\"twitter:label2\" content=\"Estimation du temps de lecture\" \/>\n\t<meta name=\"twitter:data2\" content=\"2 minutes\" \/>\r\n<script type=\"application\/ld+json\" class=\"yoast-schema-graph\">{\"@context\":\"https:\/\/schema.org\",\"@graph\":[{\"@type\":\"WebPage\",\"@id\":\"https:\/\/www.uqac.ca\/uqactualites\/2010\/11\/04\/publication-dans-le-new-england-journal-of-medecine-des-resultats-de-letude-sur-la-genetique-de-lasthme\/\",\"url\":\"https:\/\/www.uqac.ca\/uqactualites\/2010\/11\/04\/publication-dans-le-new-england-journal-of-medecine-des-resultats-de-letude-sur-la-genetique-de-lasthme\/\",\"name\":\"Publication dans le New England Journal of Medecine des r\u00e9sultats de l'\u00e9tude sur la g\u00e9n\u00e9tique de l'asthme - UQACtualit\u00e9s\",\"isPartOf\":{\"@id\":\"https:\/\/www.uqac.ca\/uqactualites\/#website\"},\"primaryImageOfPage\":{\"@id\":\"https:\/\/www.uqac.ca\/uqactualites\/2010\/11\/04\/publication-dans-le-new-england-journal-of-medecine-des-resultats-de-letude-sur-la-genetique-de-lasthme\/#primaryimage\"},\"image\":{\"@id\":\"https:\/\/www.uqac.ca\/uqactualites\/2010\/11\/04\/publication-dans-le-new-england-journal-of-medecine-des-resultats-de-letude-sur-la-genetique-de-lasthme\/#primaryimage\"},\"thumbnailUrl\":\"http:\/\/www.uqac.ca\/wp-content\/uploads\/2012\/03\/4J2QPkAEok7mso4z-225x300.jpg\",\"datePublished\":\"2010-11-04T20:14:50+00:00\",\"dateModified\":\"2010-11-04T20:14:50+00:00\",\"author\":{\"@id\":\"https:\/\/www.uqac.ca\/uqactualites\/#\/schema\/person\/366c45a0c4f0e677b41b4af5886e2018\"},\"breadcrumb\":{\"@id\":\"https:\/\/www.uqac.ca\/uqactualites\/2010\/11\/04\/publication-dans-le-new-england-journal-of-medecine-des-resultats-de-letude-sur-la-genetique-de-lasthme\/#breadcrumb\"},\"inLanguage\":\"fr-CA\",\"potentialAction\":[{\"@type\":\"ReadAction\",\"target\":[\"https:\/\/www.uqac.ca\/uqactualites\/2010\/11\/04\/publication-dans-le-new-england-journal-of-medecine-des-resultats-de-letude-sur-la-genetique-de-lasthme\/\"]}]},{\"@type\":\"ImageObject\",\"inLanguage\":\"fr-CA\",\"@id\":\"https:\/\/www.uqac.ca\/uqactualites\/2010\/11\/04\/publication-dans-le-new-england-journal-of-medecine-des-resultats-de-letude-sur-la-genetique-de-lasthme\/#primaryimage\",\"url\":\"http:\/\/www.uqac.ca\/wp-content\/uploads\/2012\/03\/4J2QPkAEok7mso4z-225x300.jpg\",\"contentUrl\":\"http:\/\/www.uqac.ca\/wp-content\/uploads\/2012\/03\/4J2QPkAEok7mso4z-225x300.jpg\"},{\"@type\":\"BreadcrumbList\",\"@id\":\"https:\/\/www.uqac.ca\/uqactualites\/2010\/11\/04\/publication-dans-le-new-england-journal-of-medecine-des-resultats-de-letude-sur-la-genetique-de-lasthme\/#breadcrumb\",\"itemListElement\":[{\"@type\":\"ListItem\",\"position\":1,\"name\":\"Home\",\"item\":\"https:\/\/www.uqac.ca\/uqactualites\/\"},{\"@type\":\"ListItem\",\"position\":2,\"name\":\"Publication dans le New England Journal of Medecine des r\u00e9sultats de l&rsquo;\u00e9tude sur la g\u00e9n\u00e9tique de l&rsquo;asthme\"}]},{\"@type\":\"WebSite\",\"@id\":\"https:\/\/www.uqac.ca\/uqactualites\/#website\",\"url\":\"https:\/\/www.uqac.ca\/uqactualites\/\",\"name\":\"UQACtualit\u00e9s\",\"description\":\"Le portail des nouvelles de l&#039;UQAC\",\"potentialAction\":[{\"@type\":\"SearchAction\",\"target\":{\"@type\":\"EntryPoint\",\"urlTemplate\":\"https:\/\/www.uqac.ca\/uqactualites\/?s={search_term_string}\"},\"query-input\":{\"@type\":\"PropertyValueSpecification\",\"valueRequired\":true,\"valueName\":\"search_term_string\"}}],\"inLanguage\":\"fr-CA\"},{\"@type\":\"Person\",\"@id\":\"https:\/\/www.uqac.ca\/uqactualites\/#\/schema\/person\/366c45a0c4f0e677b41b4af5886e2018\",\"name\":\"Service des communications et des relations publiques\",\"image\":{\"@type\":\"ImageObject\",\"inLanguage\":\"fr-CA\",\"@id\":\"https:\/\/www.uqac.ca\/uqactualites\/#\/schema\/person\/image\/\",\"url\":\"https:\/\/secure.gravatar.com\/avatar\/20fbbda8a292f59f2d3461a5b999c00b?s=96&d=mm&r=g\",\"contentUrl\":\"https:\/\/secure.gravatar.com\/avatar\/20fbbda8a292f59f2d3461a5b999c00b?s=96&d=mm&r=g\",\"caption\":\"Service des communications et des relations publiques\"},\"url\":\"https:\/\/www.uqac.ca\/uqactualites\/author\/bap\/\"}]}<\/script>\r\n<!-- \/ Yoast SEO plugin. -->","yoast_head_json":{"title":"Publication dans le New England Journal of Medecine des r\u00e9sultats de l'\u00e9tude sur la g\u00e9n\u00e9tique de l'asthme - UQACtualit\u00e9s","robots":{"index":"index","follow":"follow","max-snippet":"max-snippet:-1","max-image-preview":"max-image-preview:large","max-video-preview":"max-video-preview:-1"},"canonical":"https:\/\/www.uqac.ca\/uqactualites\/2010\/11\/04\/publication-dans-le-new-england-journal-of-medecine-des-resultats-de-letude-sur-la-genetique-de-lasthme\/","og_locale":"fr_CA","og_type":"article","og_title":"Publication dans le New England Journal of Medecine des r\u00e9sultats de l'\u00e9tude sur la g\u00e9n\u00e9tique de l'asthme - UQACtualit\u00e9s","og_description":"Le New England Journal of Medecine (NEJM) publiait, dans son \u00e9dition du 23 septembre dernier, un article traitant de la plus importante \u00e9tude r\u00e9alis\u00e9e sur la g\u00e9n\u00e9tique de l&rsquo;asthme depuis l&rsquo;av\u00e8nement du projet G\u00e9nome humain. Cette \u00e9tude, men\u00e9e par le consortium europ\u00e9en GABRIEL, qui vise \u00e0 d\u00e9finir les causes g\u00e9n\u00e9tiques et environnementales de l&rsquo;asthme, incluait [&hellip;]","og_url":"https:\/\/www.uqac.ca\/uqactualites\/2010\/11\/04\/publication-dans-le-new-england-journal-of-medecine-des-resultats-de-letude-sur-la-genetique-de-lasthme\/","og_site_name":"UQACtualit\u00e9s","article_published_time":"2010-11-04T20:14:50+00:00","og_image":[{"url":"http:\/\/www.uqac.ca\/wp-content\/uploads\/2012\/03\/4J2QPkAEok7mso4z-225x300.jpg","type":"","width":"","height":""}],"author":"Service des communications et des relations publiques","twitter_card":"summary_large_image","twitter_misc":{"\u00c9crit par":"Service des communications et des relations publiques","Estimation du temps de lecture":"2 minutes"},"schema":{"@context":"https:\/\/schema.org","@graph":[{"@type":"WebPage","@id":"https:\/\/www.uqac.ca\/uqactualites\/2010\/11\/04\/publication-dans-le-new-england-journal-of-medecine-des-resultats-de-letude-sur-la-genetique-de-lasthme\/","url":"https:\/\/www.uqac.ca\/uqactualites\/2010\/11\/04\/publication-dans-le-new-england-journal-of-medecine-des-resultats-de-letude-sur-la-genetique-de-lasthme\/","name":"Publication dans le New England Journal of Medecine des r\u00e9sultats de l'\u00e9tude sur la g\u00e9n\u00e9tique de l'asthme - UQACtualit\u00e9s","isPartOf":{"@id":"https:\/\/www.uqac.ca\/uqactualites\/#website"},"primaryImageOfPage":{"@id":"https:\/\/www.uqac.ca\/uqactualites\/2010\/11\/04\/publication-dans-le-new-england-journal-of-medecine-des-resultats-de-letude-sur-la-genetique-de-lasthme\/#primaryimage"},"image":{"@id":"https:\/\/www.uqac.ca\/uqactualites\/2010\/11\/04\/publication-dans-le-new-england-journal-of-medecine-des-resultats-de-letude-sur-la-genetique-de-lasthme\/#primaryimage"},"thumbnailUrl":"http:\/\/www.uqac.ca\/wp-content\/uploads\/2012\/03\/4J2QPkAEok7mso4z-225x300.jpg","datePublished":"2010-11-04T20:14:50+00:00","dateModified":"2010-11-04T20:14:50+00:00","author":{"@id":"https:\/\/www.uqac.ca\/uqactualites\/#\/schema\/person\/366c45a0c4f0e677b41b4af5886e2018"},"breadcrumb":{"@id":"https:\/\/www.uqac.ca\/uqactualites\/2010\/11\/04\/publication-dans-le-new-england-journal-of-medecine-des-resultats-de-letude-sur-la-genetique-de-lasthme\/#breadcrumb"},"inLanguage":"fr-CA","potentialAction":[{"@type":"ReadAction","target":["https:\/\/www.uqac.ca\/uqactualites\/2010\/11\/04\/publication-dans-le-new-england-journal-of-medecine-des-resultats-de-letude-sur-la-genetique-de-lasthme\/"]}]},{"@type":"ImageObject","inLanguage":"fr-CA","@id":"https:\/\/www.uqac.ca\/uqactualites\/2010\/11\/04\/publication-dans-le-new-england-journal-of-medecine-des-resultats-de-letude-sur-la-genetique-de-lasthme\/#primaryimage","url":"http:\/\/www.uqac.ca\/wp-content\/uploads\/2012\/03\/4J2QPkAEok7mso4z-225x300.jpg","contentUrl":"http:\/\/www.uqac.ca\/wp-content\/uploads\/2012\/03\/4J2QPkAEok7mso4z-225x300.jpg"},{"@type":"BreadcrumbList","@id":"https:\/\/www.uqac.ca\/uqactualites\/2010\/11\/04\/publication-dans-le-new-england-journal-of-medecine-des-resultats-de-letude-sur-la-genetique-de-lasthme\/#breadcrumb","itemListElement":[{"@type":"ListItem","position":1,"name":"Home","item":"https:\/\/www.uqac.ca\/uqactualites\/"},{"@type":"ListItem","position":2,"name":"Publication dans le New England Journal of Medecine des r\u00e9sultats de l&rsquo;\u00e9tude sur la g\u00e9n\u00e9tique de l&rsquo;asthme"}]},{"@type":"WebSite","@id":"https:\/\/www.uqac.ca\/uqactualites\/#website","url":"https:\/\/www.uqac.ca\/uqactualites\/","name":"UQACtualit\u00e9s","description":"Le portail des nouvelles de l&#039;UQAC","potentialAction":[{"@type":"SearchAction","target":{"@type":"EntryPoint","urlTemplate":"https:\/\/www.uqac.ca\/uqactualites\/?s={search_term_string}"},"query-input":{"@type":"PropertyValueSpecification","valueRequired":true,"valueName":"search_term_string"}}],"inLanguage":"fr-CA"},{"@type":"Person","@id":"https:\/\/www.uqac.ca\/uqactualites\/#\/schema\/person\/366c45a0c4f0e677b41b4af5886e2018","name":"Service des communications et des relations publiques","image":{"@type":"ImageObject","inLanguage":"fr-CA","@id":"https:\/\/www.uqac.ca\/uqactualites\/#\/schema\/person\/image\/","url":"https:\/\/secure.gravatar.com\/avatar\/20fbbda8a292f59f2d3461a5b999c00b?s=96&d=mm&r=g","contentUrl":"https:\/\/secure.gravatar.com\/avatar\/20fbbda8a292f59f2d3461a5b999c00b?s=96&d=mm&r=g","caption":"Service des communications et des relations publiques"},"url":"https:\/\/www.uqac.ca\/uqactualites\/author\/bap\/"}]}},"_links":{"self":[{"href":"https:\/\/www.uqac.ca\/uqactualites\/wp-json\/wp\/v2\/posts\/19271"}],"collection":[{"href":"https:\/\/www.uqac.ca\/uqactualites\/wp-json\/wp\/v2\/posts"}],"about":[{"href":"https:\/\/www.uqac.ca\/uqactualites\/wp-json\/wp\/v2\/types\/post"}],"author":[{"embeddable":true,"href":"https:\/\/www.uqac.ca\/uqactualites\/wp-json\/wp\/v2\/users\/5"}],"replies":[{"embeddable":true,"href":"https:\/\/www.uqac.ca\/uqactualites\/wp-json\/wp\/v2\/comments?post=19271"}],"version-history":[{"count":0,"href":"https:\/\/www.uqac.ca\/uqactualites\/wp-json\/wp\/v2\/posts\/19271\/revisions"}],"wp:attachment":[{"href":"https:\/\/www.uqac.ca\/uqactualites\/wp-json\/wp\/v2\/media?parent=19271"}],"wp:term":[{"taxonomy":"category","embeddable":true,"href":"https:\/\/www.uqac.ca\/uqactualites\/wp-json\/wp\/v2\/categories?post=19271"},{"taxonomy":"post_tag","embeddable":true,"href":"https:\/\/www.uqac.ca\/uqactualites\/wp-json\/wp\/v2\/tags?post=19271"}],"curies":[{"name":"wp","href":"https:\/\/api.w.org\/{rel}","templated":true}]}}