{"id":19272,"date":"2010-11-04T14:13:35","date_gmt":"2010-11-04T19:43:35","guid":{"rendered":"http:\/\/uqactualite.odev.ca\/2010\/11\/27e-edition-du-merite-scientifique-regional-saguenay-lac-saint-jean\/"},"modified":"2010-11-04T14:13:35","modified_gmt":"2010-11-04T19:43:35","slug":"27e-edition-du-merite-scientifique-regional-saguenay-lac-saint-jean","status":"publish","type":"post","link":"https:\/\/www.uqac.ca\/uqactualites\/2010\/11\/04\/27e-edition-du-merite-scientifique-regional-saguenay-lac-saint-jean\/","title":{"rendered":"27e \u00e9dition du M\u00e9rite scientifique r\u00e9gional Saguenay\u2013Lac-Saint-Jean"},"content":{"rendered":"<p><figure id=\"attachment_19272\" aria-describedby=\"caption-attachment-19272\" style=\"width: 300px\" class=\"wp-caption alignright\"><a href=\"http:\/\/www.uqac.ca\/wp-content\/uploads\/2012\/03\/2AJRmUtu2gDhupkh.jpg\"><img loading=\"lazy\" decoding=\"async\" class=\"size-medium wp-image-19272\" title=\"2AJRmUtu2gDhupkh\" src=\"http:\/\/www.uqac.ca\/wp-content\/uploads\/2012\/03\/2AJRmUtu2gDhupkh-300x225.jpg\" width=\"300\" height=\"225\" alt=\"\" \/><\/a><figcaption id=\"caption-attachment-19272\" class=\"wp-caption-text\">Professeur au D\u00e9partement des sciences de l&#039;\u00e9ducation et de psychologie et directeur du Consortium r\u00e9gional de recherche en \u00e9ducation \u00e0 l&#039;UQAC, St\u00e9phane Allaire est laur\u00e9at du prix Fondation Asselin du C\u00e9gep de Jonqui\u00e8re\/Groupe Pagex. Courtoisie : CLS<\/figcaption><\/figure><figure id=\"attachment_19272\" aria-describedby=\"caption-attachment-19272\" style=\"width: 225px\" class=\"wp-caption alignright\"><a href=\"http:\/\/www.uqac.ca\/wp-content\/uploads\/2012\/03\/TmwuPYhfoWjBicZb.jpg\"><img loading=\"lazy\" decoding=\"async\" class=\"size-medium wp-image-19272\" title=\"TmwuPYhfoWjBicZb\" src=\"http:\/\/www.uqac.ca\/wp-content\/uploads\/2012\/03\/TmwuPYhfoWjBicZb-225x300.jpg\" width=\"225\" height=\"300\" alt=\"\" \/><\/a><figcaption id=\"caption-attachment-19272\" class=\"wp-caption-text\">Manon Doucet, professeure-chercheuse au D\u00e9partement des sciences de l&#039;\u00e9ducation et de psychologie \u00e0 l&#039;UQAC<\/figcaption><\/figure><figure id=\"attachment_19272\" aria-describedby=\"caption-attachment-19272\" style=\"width: 300px\" class=\"wp-caption alignright\"><a href=\"http:\/\/www.uqac.ca\/wp-content\/uploads\/2012\/03\/w3C7baBBWHoWyh6M.jpg\"><img loading=\"lazy\" decoding=\"async\" class=\"size-medium wp-image-19272\" title=\"w3C7baBBWHoWyh6M\" src=\"http:\/\/www.uqac.ca\/wp-content\/uploads\/2012\/03\/w3C7baBBWHoWyh6M-300x268.jpg\" width=\"300\" height=\"268\" alt=\"\" \/><\/a><figcaption id=\"caption-attachment-19272\" class=\"wp-caption-text\">L&#039;\u00e9quipe de la Chaire en \u00e9co-conseil de l&#039;UQAC gagnante du prix Alphonse-Huard. Courtoisie : CLS<\/figcaption><\/figure>Le 27 octobre 2010 \u2022 Holiday Inn Saguenay<\/p>\n<p><strong>Le prix Alphonse-Huard<\/strong><br \/>\nFondateur du mus\u00e9e du S\u00e9minaire et directeur du Naturaliste canadien de 1894 \u00e0 1929.<br \/>\n\u00c9crivain f\u00e9cond, l&rsquo;abb\u00e9 Huard a laiss\u00e9 une \u0153uvre \u00e9crite dont la renomm\u00e9e d\u00e9passe les fronti\u00e8res de la province.<\/p>\n<p><strong>M\u00e9ritas en promotion de la science et de la technologie d\u00e9cern\u00e9 \u00e0<br \/>\nla Chaire en \u00e9co-conseil de l&rsquo;UQAC<\/strong><\/p>\n<p>Par leurs nombreuses activit\u00e9s concernant le d\u00e9veloppement durable, le directeur de la Chaire en \u00e9co-conseil de l&rsquo;UQAC, monsieur Claude Villeneuve, et la professeure Nicole Huybens, contribuent largement \u00e0 la diffusion des connaissances scientifiques dans la population en g\u00e9n\u00e9ral. Prenant appui sur des connaissances scientifiques, l&rsquo;\u00e9quipe de la Chaire en \u00e9co-conseil sait s&rsquo;adresser \u00e0 un auditoire tr\u00e8s vari\u00e9.<\/p>\n<p>Publi\u00e9es depuis 2007 dans le journal <em>Le Quotidien<\/em>, leurs chroniques s&rsquo;adressent au grand public et portent essentiellement sur le d\u00e9veloppement durable. Les concepts qui y sont discut\u00e9s s&rsquo;appuient sur des donn\u00e9es scientifiques s\u00fbres et \u00e9prouv\u00e9es. La pr\u00e9occupation pour la vulgarisation y est explicite. Mais toujours, on constate que la science permet de d\u00e9velopper des argumentaires accessibles pour le lecteur, sans pour autant verser dans l&rsquo;argument d&rsquo;autorit\u00e9. Ces chroniques sont souvent l&rsquo;occasion de d\u00e9bats auxquels se m\u00ealent les lecteurs.<\/p>\n<p>La Chaire de recherche en \u00e9co-conseil s&rsquo;adresse \u00e9galement \u00e0 un public plus averti gr\u00e2ce \u00e0 ses capsules. Initi\u00e9es en 2002, ces capsules Web gratuites donnent des conseils pratiques et soutenus par des connaissances scientifiques solides sur divers aspects permettant d&rsquo;implanter des habitudes de d\u00e9veloppement durable. Chaque capsule donne des r\u00e9f\u00e9rences permettant au lecteur de s&rsquo;informer davantage.<\/p>\n<p>Permettant parfois la production de mat\u00e9riel que l&rsquo;on peut consulter gratuitement sur le site Web de la Chaire, leurs conf\u00e9rences permettent, elles aussi, de rejoindre un public vari\u00e9.<\/p>\n<p>La Chaire contribue finalement aux d\u00e9bats scientifiques sur le d\u00e9veloppement durable. Ces colloques font l&rsquo;objet d&rsquo;un bouillonnement scientifique intense et de haut niveau, tout en donnant lieu \u00e0 des publications et de la couverture m\u00e9diatique.<\/p>\n<p>Par son activit\u00e9 et sa tr\u00e8s large couverture, la Chaire de recherche en \u00e9co-conseil s&rsquo;est hiss\u00e9e au niveau des plus grands acteurs qu\u00e9b\u00e9cois en promotion de la science et de la technologie.<\/p>\n<p><strong>Le prix Fondation Asselin du C\u00e9gep de Jonqui\u00e8re\/Groupe Pagex<\/strong><\/p>\n<p>En l&rsquo;honneur de monsieur Pierre-Paul Asselin qui fonda le Coll\u00e8ge classique de Jonqui\u00e8re en 1955.<br \/>\nAfin de lui rendre hommage, le C\u00e9gep de Jonqui\u00e8re et les Oblats de Marie Immacul\u00e9e ont donn\u00e9 son nom \u00e0 la fondation qu&rsquo;ils ont cr\u00e9\u00e9e.<\/p>\n<p><strong>M\u00e9ritas en \u00e9ducation d\u00e9cern\u00e9 \u00e0<br \/>\nSt\u00e9phane Allaire<\/strong><\/p>\n<p>Professeur au D\u00e9partement des sciences de l&rsquo;\u00e9ducation et de psychologie et directeur du Consortium r\u00e9gional de recherche en \u00e9ducation \u00e0 l&rsquo;UQAC, monsieur St\u00e9phane Allaire joue un r\u00f4le important dans la r\u00e9alisation du chantier provincial du minist\u00e8re de l&rsquo;\u00c9ducation, du Loisir et du Sport pour son projet \u00ab \u00c9cole \u00e9loign\u00e9e en r\u00e9seau \u00bb (\u00c9\u00c9R) qui vise \u00e0 assurer la p\u00e9rennit\u00e9 des \u00e9coles en milieu rural gr\u00e2ce \u00e0 l&rsquo;implantation d&rsquo;un dispositif sociotechnique de mise en r\u00e9seau des \u00e9coles rurales, lequel est constitu\u00e9 de deux outils. Le premier est un outil de vid\u00e9oconf\u00e9rence (<em>iVisit<\/em>) en temps r\u00e9el. Le second est un forum \u00e9lectronique (<em>Knowledge Forum<\/em>) qui se concentre sur les interactions \u00e9crites.<\/p>\n<p>La technologie sert alors de support et de m\u00e9moire au discours collectif qui s&rsquo;\u00e9labore \u00e0 travers les \u00e9changes des \u00e9l\u00e8ves. Les id\u00e9es des \u00e9l\u00e8ves d&rsquo;une classe peuvent s&rsquo;adjoindre et compl\u00e9ter celles d&rsquo;une classe d&rsquo;une autre localit\u00e9, permettant alors de diversifier la nature des interactions. L&rsquo;\u00c9\u00c9R cultive donc une dynamique de collaboration qui permet la convergence d&rsquo;expertises et de ressources distribu\u00e9es g\u00e9ographiquement. Le projet est l&rsquo;objet d&rsquo;un tel engouement que maintenant pr\u00e8s de 20 % des \u00e9coles du Qu\u00e9bec sont concern\u00e9es.<\/p>\n<p>Dans la continuit\u00e9 de l&rsquo;\u00c9\u00c9R, monsieur Allaire a voulu contribuer \u00e0 la formation du personnel enseignant en mati\u00e8re de technologies de l&rsquo;information et de la communication (TIC). Il est devenu le promoteur d&rsquo;un programme universitaire de cycle sup\u00e9rieur pour am\u00e9liorer les comp\u00e9tences des enseignants \u00e0 l&rsquo;utilisation des TIC dans une perspective de pratique p\u00e9dagogique en r\u00e9seau.<\/p>\n<p>En 2008, l&rsquo;analyse des \u00e9preuves internationales de compr\u00e9hension \u00e9crite PIRLS r\u00e9alis\u00e9es annuellement depuis 2003, montre que les \u00e9l\u00e8ves \u00c9\u00c9R r\u00e9ussissent mieux dans l&rsquo;interpr\u00e9tation de l&rsquo;information que les \u00e9l\u00e8ves non-\u00c9\u00c9R. Pour leur part, les enseignants estiment que l&rsquo;\u00c9\u00c9R a diminu\u00e9 le sentiment d&rsquo;isolement professionnel et leur a fourni un environnement qui soutient l&rsquo;apprentissage des \u00e9l\u00e8ves.<\/p>\n<p><strong>Le prix du Consortium r\u00e9gional de recherche en \u00e9ducation remis \u00e0<br \/>\nCatherine Gagn\u00e9 et Manon Doucet<\/strong><\/p>\n<p><em>L&rsquo;intervention sur les habilet\u00e9s sociales \u00e0 l&rsquo;\u00e9cole primaire :<br \/>\n\u00e9tude de l&rsquo;appropriation d&rsquo;un outil par des enseignants en milieu ordinaire<\/em><\/p>\n<p>Partant des conceptions et des pratiques des enseignants et d&rsquo;une pr\u00e9occupation majeure de d\u00e9veloppement de l&rsquo;identit\u00e9 professionnelle, le projet a permis d&rsquo;identifier des strat\u00e9gies d&rsquo;accompagnement afin d&rsquo;analyser les strat\u00e9gies \u00e9ducatives pour le d\u00e9veloppement des habilet\u00e9s sociales des \u00e9l\u00e8ves, et ce, dans un contexte de pr\u00e9vention de la violence. Cette d\u00e9marche de recherche s&rsquo;est inscrite dans un processus de changement de pratique. La collecte des donn\u00e9es a \u00e9t\u00e9 r\u00e9alis\u00e9e aupr\u00e8s des enseignants et des \u00e9l\u00e8ves afin de d\u00e9gager l&rsquo;influence du changement dans les interventions des enseignants sur le d\u00e9veloppement des habilet\u00e9s sociales des \u00e9l\u00e8ves.<\/p>\n<p>Le comit\u00e9 scientifique souligne le potentiel de retomb\u00e9es directes du dispositif mis en place autant pour les \u00e9l\u00e8ves que pour les enseignants. En outre, la coh\u00e9rence de la d\u00e9marche en regard de la mission du Consortium, l&rsquo;assiduit\u00e9 de la collaboration entretenue par les partenaires, de m\u00eame que le souci d&rsquo;assurer une diffusion vari\u00e9e des r\u00e9sultats sont parmi les autres qualit\u00e9s marquantes du projet.<\/p>\n<p><em>Les participants \u00e9taient les suivants : Ginette Blackburn (direction d&rsquo;\u00e9tablissement), Mireille Tremblay (enseignante en orthop\u00e9dagogie), Lorraine Maltais (psycho\u00e9ducatrice), Monica Bouchard (technicienne en \u00e9ducation sp\u00e9cialis\u00e9e), Claire Gagnon, Annie Rodrigue, \u00c9lise Villeneuve, Patricia Boily, Diane Paradis, Jos\u00e9e Lamonde, Lise Provencher, Antonin Lambert, Raymond-Marie Malette, Mireille Girard, Fran\u00e7ois Boulianne, Sylvain Rodrigue (enseignants), et Yvonik Tremblay et Johanne Boucher (personnel de soutien). L&rsquo;implication des assistants de recherche, Isabel Gauthier et St\u00e9phanie Guay, est aussi \u00e0 souligner.<\/em><\/p>\n<p>F\u00e9licitations \u00e0 tous les laur\u00e9ats!<\/p>\n<p>Sources :<br \/>\nConseil du loisir scientifique du Saguenay\u2013Lac-Saint-Jean<br \/>\nD\u00e9canat des \u00e9tudes de cycles sup\u00e9rieurs et de la recherche, UQAC<\/p>\n","protected":false},"excerpt":{"rendered":"<p>Le 27 octobre 2010 \u2022 Holiday Inn Saguenay Le prix Alphonse-Huard Fondateur du mus\u00e9e du S\u00e9minaire et directeur du Naturaliste canadien de 1894 \u00e0 1929. \u00c9crivain f\u00e9cond, l&rsquo;abb\u00e9 Huard a laiss\u00e9 une \u0153uvre \u00e9crite dont la renomm\u00e9e d\u00e9passe les fronti\u00e8res de la province. M\u00e9ritas en promotion de la science et de la technologie d\u00e9cern\u00e9 \u00e0 [&hellip;]<\/p>\n","protected":false},"author":5,"featured_media":0,"comment_status":"closed","ping_status":"1","sticky":false,"template":"","format":"standard","meta":{"footnotes":""},"categories":[9],"tags":[],"yoast_head":"<!-- This site is optimized with the Yoast SEO plugin v24.2 - https:\/\/yoast.com\/wordpress\/plugins\/seo\/ -->\r\n<title>27e \u00e9dition du M\u00e9rite scientifique r\u00e9gional Saguenay\u2013Lac-Saint-Jean - UQACtualit\u00e9s<\/title>\r\n<meta name=\"robots\" content=\"index, follow, max-snippet:-1, max-image-preview:large, max-video-preview:-1\" \/>\r\n<link rel=\"canonical\" href=\"https:\/\/www.uqac.ca\/uqactualites\/2010\/11\/04\/27e-edition-du-merite-scientifique-regional-saguenay-lac-saint-jean\/\" \/>\r\n<meta property=\"og:locale\" content=\"fr_CA\" \/>\r\n<meta property=\"og:type\" content=\"article\" \/>\r\n<meta property=\"og:title\" content=\"27e \u00e9dition du M\u00e9rite scientifique r\u00e9gional Saguenay\u2013Lac-Saint-Jean - UQACtualit\u00e9s\" \/>\r\n<meta property=\"og:description\" content=\"Le 27 octobre 2010 \u2022 Holiday Inn Saguenay Le prix Alphonse-Huard Fondateur du mus\u00e9e du S\u00e9minaire et directeur du Naturaliste canadien de 1894 \u00e0 1929. \u00c9crivain f\u00e9cond, l&rsquo;abb\u00e9 Huard a laiss\u00e9 une \u0153uvre \u00e9crite dont la renomm\u00e9e d\u00e9passe les fronti\u00e8res de la province. M\u00e9ritas en promotion de la science et de la technologie d\u00e9cern\u00e9 \u00e0 [&hellip;]\" \/>\r\n<meta property=\"og:url\" content=\"https:\/\/www.uqac.ca\/uqactualites\/2010\/11\/04\/27e-edition-du-merite-scientifique-regional-saguenay-lac-saint-jean\/\" \/>\r\n<meta property=\"og:site_name\" content=\"UQACtualit\u00e9s\" \/>\r\n<meta property=\"article:published_time\" content=\"2010-11-04T19:43:35+00:00\" \/>\r\n<meta property=\"og:image\" content=\"http:\/\/www.uqac.ca\/wp-content\/uploads\/2012\/03\/2AJRmUtu2gDhupkh-300x225.jpg\" \/>\r\n<meta name=\"author\" content=\"Service des communications et des relations publiques\" \/>\r\n<meta name=\"twitter:card\" content=\"summary_large_image\" \/>\r\n<meta name=\"twitter:label1\" content=\"\u00c9crit par\" \/>\n\t<meta name=\"twitter:data1\" content=\"Service des communications et des relations publiques\" \/>\n\t<meta name=\"twitter:label2\" content=\"Estimation du temps de lecture\" \/>\n\t<meta name=\"twitter:data2\" content=\"6 minutes\" \/>\r\n<script type=\"application\/ld+json\" class=\"yoast-schema-graph\">{\"@context\":\"https:\/\/schema.org\",\"@graph\":[{\"@type\":\"WebPage\",\"@id\":\"https:\/\/www.uqac.ca\/uqactualites\/2010\/11\/04\/27e-edition-du-merite-scientifique-regional-saguenay-lac-saint-jean\/\",\"url\":\"https:\/\/www.uqac.ca\/uqactualites\/2010\/11\/04\/27e-edition-du-merite-scientifique-regional-saguenay-lac-saint-jean\/\",\"name\":\"27e \u00e9dition du M\u00e9rite scientifique r\u00e9gional Saguenay\u2013Lac-Saint-Jean - UQACtualit\u00e9s\",\"isPartOf\":{\"@id\":\"https:\/\/www.uqac.ca\/uqactualites\/#website\"},\"primaryImageOfPage\":{\"@id\":\"https:\/\/www.uqac.ca\/uqactualites\/2010\/11\/04\/27e-edition-du-merite-scientifique-regional-saguenay-lac-saint-jean\/#primaryimage\"},\"image\":{\"@id\":\"https:\/\/www.uqac.ca\/uqactualites\/2010\/11\/04\/27e-edition-du-merite-scientifique-regional-saguenay-lac-saint-jean\/#primaryimage\"},\"thumbnailUrl\":\"http:\/\/www.uqac.ca\/wp-content\/uploads\/2012\/03\/2AJRmUtu2gDhupkh-300x225.jpg\",\"datePublished\":\"2010-11-04T19:43:35+00:00\",\"dateModified\":\"2010-11-04T19:43:35+00:00\",\"author\":{\"@id\":\"https:\/\/www.uqac.ca\/uqactualites\/#\/schema\/person\/366c45a0c4f0e677b41b4af5886e2018\"},\"breadcrumb\":{\"@id\":\"https:\/\/www.uqac.ca\/uqactualites\/2010\/11\/04\/27e-edition-du-merite-scientifique-regional-saguenay-lac-saint-jean\/#breadcrumb\"},\"inLanguage\":\"fr-CA\",\"potentialAction\":[{\"@type\":\"ReadAction\",\"target\":[\"https:\/\/www.uqac.ca\/uqactualites\/2010\/11\/04\/27e-edition-du-merite-scientifique-regional-saguenay-lac-saint-jean\/\"]}]},{\"@type\":\"ImageObject\",\"inLanguage\":\"fr-CA\",\"@id\":\"https:\/\/www.uqac.ca\/uqactualites\/2010\/11\/04\/27e-edition-du-merite-scientifique-regional-saguenay-lac-saint-jean\/#primaryimage\",\"url\":\"http:\/\/www.uqac.ca\/wp-content\/uploads\/2012\/03\/2AJRmUtu2gDhupkh-300x225.jpg\",\"contentUrl\":\"http:\/\/www.uqac.ca\/wp-content\/uploads\/2012\/03\/2AJRmUtu2gDhupkh-300x225.jpg\"},{\"@type\":\"BreadcrumbList\",\"@id\":\"https:\/\/www.uqac.ca\/uqactualites\/2010\/11\/04\/27e-edition-du-merite-scientifique-regional-saguenay-lac-saint-jean\/#breadcrumb\",\"itemListElement\":[{\"@type\":\"ListItem\",\"position\":1,\"name\":\"Home\",\"item\":\"https:\/\/www.uqac.ca\/uqactualites\/\"},{\"@type\":\"ListItem\",\"position\":2,\"name\":\"27e \u00e9dition du M\u00e9rite scientifique r\u00e9gional Saguenay\u2013Lac-Saint-Jean\"}]},{\"@type\":\"WebSite\",\"@id\":\"https:\/\/www.uqac.ca\/uqactualites\/#website\",\"url\":\"https:\/\/www.uqac.ca\/uqactualites\/\",\"name\":\"UQACtualit\u00e9s\",\"description\":\"Le portail des nouvelles de l&#039;UQAC\",\"potentialAction\":[{\"@type\":\"SearchAction\",\"target\":{\"@type\":\"EntryPoint\",\"urlTemplate\":\"https:\/\/www.uqac.ca\/uqactualites\/?s={search_term_string}\"},\"query-input\":{\"@type\":\"PropertyValueSpecification\",\"valueRequired\":true,\"valueName\":\"search_term_string\"}}],\"inLanguage\":\"fr-CA\"},{\"@type\":\"Person\",\"@id\":\"https:\/\/www.uqac.ca\/uqactualites\/#\/schema\/person\/366c45a0c4f0e677b41b4af5886e2018\",\"name\":\"Service des communications et des relations publiques\",\"image\":{\"@type\":\"ImageObject\",\"inLanguage\":\"fr-CA\",\"@id\":\"https:\/\/www.uqac.ca\/uqactualites\/#\/schema\/person\/image\/\",\"url\":\"https:\/\/secure.gravatar.com\/avatar\/20fbbda8a292f59f2d3461a5b999c00b?s=96&d=mm&r=g\",\"contentUrl\":\"https:\/\/secure.gravatar.com\/avatar\/20fbbda8a292f59f2d3461a5b999c00b?s=96&d=mm&r=g\",\"caption\":\"Service des communications et des relations publiques\"},\"url\":\"https:\/\/www.uqac.ca\/uqactualites\/author\/bap\/\"}]}<\/script>\r\n<!-- \/ Yoast SEO plugin. -->","yoast_head_json":{"title":"27e \u00e9dition du M\u00e9rite scientifique r\u00e9gional Saguenay\u2013Lac-Saint-Jean - UQACtualit\u00e9s","robots":{"index":"index","follow":"follow","max-snippet":"max-snippet:-1","max-image-preview":"max-image-preview:large","max-video-preview":"max-video-preview:-1"},"canonical":"https:\/\/www.uqac.ca\/uqactualites\/2010\/11\/04\/27e-edition-du-merite-scientifique-regional-saguenay-lac-saint-jean\/","og_locale":"fr_CA","og_type":"article","og_title":"27e \u00e9dition du M\u00e9rite scientifique r\u00e9gional Saguenay\u2013Lac-Saint-Jean - UQACtualit\u00e9s","og_description":"Le 27 octobre 2010 \u2022 Holiday Inn Saguenay Le prix Alphonse-Huard Fondateur du mus\u00e9e du S\u00e9minaire et directeur du Naturaliste canadien de 1894 \u00e0 1929. \u00c9crivain f\u00e9cond, l&rsquo;abb\u00e9 Huard a laiss\u00e9 une \u0153uvre \u00e9crite dont la renomm\u00e9e d\u00e9passe les fronti\u00e8res de la province. M\u00e9ritas en promotion de la science et de la technologie d\u00e9cern\u00e9 \u00e0 [&hellip;]","og_url":"https:\/\/www.uqac.ca\/uqactualites\/2010\/11\/04\/27e-edition-du-merite-scientifique-regional-saguenay-lac-saint-jean\/","og_site_name":"UQACtualit\u00e9s","article_published_time":"2010-11-04T19:43:35+00:00","og_image":[{"url":"http:\/\/www.uqac.ca\/wp-content\/uploads\/2012\/03\/2AJRmUtu2gDhupkh-300x225.jpg","type":"","width":"","height":""}],"author":"Service des communications et des relations publiques","twitter_card":"summary_large_image","twitter_misc":{"\u00c9crit par":"Service des communications et des relations publiques","Estimation du temps de lecture":"6 minutes"},"schema":{"@context":"https:\/\/schema.org","@graph":[{"@type":"WebPage","@id":"https:\/\/www.uqac.ca\/uqactualites\/2010\/11\/04\/27e-edition-du-merite-scientifique-regional-saguenay-lac-saint-jean\/","url":"https:\/\/www.uqac.ca\/uqactualites\/2010\/11\/04\/27e-edition-du-merite-scientifique-regional-saguenay-lac-saint-jean\/","name":"27e \u00e9dition du M\u00e9rite scientifique r\u00e9gional Saguenay\u2013Lac-Saint-Jean - UQACtualit\u00e9s","isPartOf":{"@id":"https:\/\/www.uqac.ca\/uqactualites\/#website"},"primaryImageOfPage":{"@id":"https:\/\/www.uqac.ca\/uqactualites\/2010\/11\/04\/27e-edition-du-merite-scientifique-regional-saguenay-lac-saint-jean\/#primaryimage"},"image":{"@id":"https:\/\/www.uqac.ca\/uqactualites\/2010\/11\/04\/27e-edition-du-merite-scientifique-regional-saguenay-lac-saint-jean\/#primaryimage"},"thumbnailUrl":"http:\/\/www.uqac.ca\/wp-content\/uploads\/2012\/03\/2AJRmUtu2gDhupkh-300x225.jpg","datePublished":"2010-11-04T19:43:35+00:00","dateModified":"2010-11-04T19:43:35+00:00","author":{"@id":"https:\/\/www.uqac.ca\/uqactualites\/#\/schema\/person\/366c45a0c4f0e677b41b4af5886e2018"},"breadcrumb":{"@id":"https:\/\/www.uqac.ca\/uqactualites\/2010\/11\/04\/27e-edition-du-merite-scientifique-regional-saguenay-lac-saint-jean\/#breadcrumb"},"inLanguage":"fr-CA","potentialAction":[{"@type":"ReadAction","target":["https:\/\/www.uqac.ca\/uqactualites\/2010\/11\/04\/27e-edition-du-merite-scientifique-regional-saguenay-lac-saint-jean\/"]}]},{"@type":"ImageObject","inLanguage":"fr-CA","@id":"https:\/\/www.uqac.ca\/uqactualites\/2010\/11\/04\/27e-edition-du-merite-scientifique-regional-saguenay-lac-saint-jean\/#primaryimage","url":"http:\/\/www.uqac.ca\/wp-content\/uploads\/2012\/03\/2AJRmUtu2gDhupkh-300x225.jpg","contentUrl":"http:\/\/www.uqac.ca\/wp-content\/uploads\/2012\/03\/2AJRmUtu2gDhupkh-300x225.jpg"},{"@type":"BreadcrumbList","@id":"https:\/\/www.uqac.ca\/uqactualites\/2010\/11\/04\/27e-edition-du-merite-scientifique-regional-saguenay-lac-saint-jean\/#breadcrumb","itemListElement":[{"@type":"ListItem","position":1,"name":"Home","item":"https:\/\/www.uqac.ca\/uqactualites\/"},{"@type":"ListItem","position":2,"name":"27e \u00e9dition du M\u00e9rite scientifique r\u00e9gional Saguenay\u2013Lac-Saint-Jean"}]},{"@type":"WebSite","@id":"https:\/\/www.uqac.ca\/uqactualites\/#website","url":"https:\/\/www.uqac.ca\/uqactualites\/","name":"UQACtualit\u00e9s","description":"Le portail des nouvelles de l&#039;UQAC","potentialAction":[{"@type":"SearchAction","target":{"@type":"EntryPoint","urlTemplate":"https:\/\/www.uqac.ca\/uqactualites\/?s={search_term_string}"},"query-input":{"@type":"PropertyValueSpecification","valueRequired":true,"valueName":"search_term_string"}}],"inLanguage":"fr-CA"},{"@type":"Person","@id":"https:\/\/www.uqac.ca\/uqactualites\/#\/schema\/person\/366c45a0c4f0e677b41b4af5886e2018","name":"Service des communications et des relations publiques","image":{"@type":"ImageObject","inLanguage":"fr-CA","@id":"https:\/\/www.uqac.ca\/uqactualites\/#\/schema\/person\/image\/","url":"https:\/\/secure.gravatar.com\/avatar\/20fbbda8a292f59f2d3461a5b999c00b?s=96&d=mm&r=g","contentUrl":"https:\/\/secure.gravatar.com\/avatar\/20fbbda8a292f59f2d3461a5b999c00b?s=96&d=mm&r=g","caption":"Service des communications et des relations publiques"},"url":"https:\/\/www.uqac.ca\/uqactualites\/author\/bap\/"}]}},"_links":{"self":[{"href":"https:\/\/www.uqac.ca\/uqactualites\/wp-json\/wp\/v2\/posts\/19272"}],"collection":[{"href":"https:\/\/www.uqac.ca\/uqactualites\/wp-json\/wp\/v2\/posts"}],"about":[{"href":"https:\/\/www.uqac.ca\/uqactualites\/wp-json\/wp\/v2\/types\/post"}],"author":[{"embeddable":true,"href":"https:\/\/www.uqac.ca\/uqactualites\/wp-json\/wp\/v2\/users\/5"}],"replies":[{"embeddable":true,"href":"https:\/\/www.uqac.ca\/uqactualites\/wp-json\/wp\/v2\/comments?post=19272"}],"version-history":[{"count":0,"href":"https:\/\/www.uqac.ca\/uqactualites\/wp-json\/wp\/v2\/posts\/19272\/revisions"}],"wp:attachment":[{"href":"https:\/\/www.uqac.ca\/uqactualites\/wp-json\/wp\/v2\/media?parent=19272"}],"wp:term":[{"taxonomy":"category","embeddable":true,"href":"https:\/\/www.uqac.ca\/uqactualites\/wp-json\/wp\/v2\/categories?post=19272"},{"taxonomy":"post_tag","embeddable":true,"href":"https:\/\/www.uqac.ca\/uqactualites\/wp-json\/wp\/v2\/tags?post=19272"}],"curies":[{"name":"wp","href":"https:\/\/api.w.org\/{rel}","templated":true}]}}