{"id":19277,"date":"2010-10-18T14:48:01","date_gmt":"2010-10-18T20:18:01","guid":{"rendered":"http:\/\/uqactualite.odev.ca\/2010\/10\/luqac-sinteresse-a-la-qualite-de-leaule-gries-tient-un-premier-colloque\/"},"modified":"2010-10-18T14:48:01","modified_gmt":"2010-10-18T20:18:01","slug":"luqac-sinteresse-a-la-qualite-de-leaule-gries-tient-un-premier-colloque","status":"publish","type":"post","link":"https:\/\/www.uqac.ca\/uqactualites\/2010\/10\/18\/luqac-sinteresse-a-la-qualite-de-leaule-gries-tient-un-premier-colloque\/","title":{"rendered":"L&rsquo;UQAC s&rsquo;int\u00e9resse \u00e0 la qualit\u00e9 de l&rsquo;eauLe GRIES tient un premier colloque"},"content":{"rendered":"<p><figure id=\"attachment_19277\" aria-describedby=\"caption-attachment-19277\" style=\"width: 199px\" class=\"wp-caption alignright\"><a href=\"http:\/\/www.uqac.ca\/wp-content\/uploads\/2012\/03\/bBTO5ytSSPqMf1d9.jpg\"><img loading=\"lazy\" decoding=\"async\" class=\"size-medium wp-image-19277\" title=\"bBTO5ytSSPqMf1d9\" src=\"http:\/\/www.uqac.ca\/wp-content\/uploads\/2012\/03\/bBTO5ytSSPqMf1d9-199x300.jpg\" width=\"199\" height=\"300\" alt=\"\" \/><\/a><figcaption id=\"caption-attachment-19277\" class=\"wp-caption-text\">Le premier colloque du Groupe de recherche interuniversitaire sur les eaux souterraines (GRIES) a eu lieu jeudi dernier, \u00e0 l&#039;UQAC. Le professeur du d\u00e9partement des sciences appliqu\u00e9es et chercheur pour le Centre d&#039;\u00e9tudes sur les ressources min\u00e9rales, Alain Rouleau, y a tenu une conf\u00e9rence concernant le projet d&#039;acquisition de connaissances sur les eaux souterraines du Saguenay\u2013Lac-Saint-Jean. (Photo Rocket Lavoie)<\/figcaption><\/figure>CHICOUTIMI &#8211; Le premier colloque du Groupe de recherche interuniversitaire sur les eaux souterraines (GRIES) a eu lieu jeudi dernier, \u00e0 l&rsquo;Universit\u00e9 du Qu\u00e9bec \u00e0 Chicoutimi (UQAC).<\/p>\n<p>Le GRIES est actuellement form\u00e9 de chercheurs de l&rsquo;INRS-ETE, de l&rsquo;UQAC, de l&rsquo;UQAM, de l&rsquo;UQAT, de l&rsquo;UQTR et de l&rsquo;Universit\u00e9 Laval. Environ 120 personnes ont particip\u00e9 aux diverses pr\u00e9sentations concernant les sept projets en cours dans les diff\u00e9rentes r\u00e9gions du Qu\u00e9bec. <\/p>\n<p>Quant aux participants de l&rsquo;institution r\u00e9gionale, ils font partie du Centre d&rsquo;\u00e9tudes sur les ressources min\u00e9rales (CERM). <\/p>\n<p>Ces derniers ont entrepris, en 2008, le projet d&rsquo;acquisition de connaissances sur les eaux souterraines du Saguenay\u2013Lac-Saint-Jean. \u00ab Au d\u00e9part, le financement de cette initiative des quatre MRC et de nous \u00e9tait essentiellement r\u00e9gional. Il nous a permis de d\u00e9marrer la collecte de donn\u00e9es dans le sous-sol de la r\u00e9gion pour r\u00e9aliser un premier portrait \u00bb, explique l&rsquo;ing\u00e9nieur g\u00e9ologue, professeur du d\u00e9partement des sciences appliqu\u00e9es et chercheur pour le CERM, Alain Rouleau. <\/p>\n<p><strong>Financement gouvernemental <\/strong><\/p>\n<p>Quelques mois apr\u00e8s le d\u00e9but des recherches, les membres du CERM ont pu obtenir un financement du gouvernement gr\u00e2ce au Programme d&rsquo;acquisition des connaissances des eaux souterraines (PACES). Les chercheurs disposent maintenant d&rsquo;un budget de 2,5 millions de dollars jusqu&rsquo;en 2013. <\/p>\n<p>\u00ab \u00c7a nous a permis de consolider notre base de donn\u00e9es existante sur la qualit\u00e9 chimique de l&rsquo;eau souterraine. Ensuite, des \u00e9quipes sont all\u00e9es pr\u00e9lever des \u00e9chantillons dans des puits situ\u00e9s dans des terrains priv\u00e9s \u00bb, ajoute-t-il. <\/p>\n<p>L&rsquo;\u00e9quipe pr\u00e9voit analyser jusqu&rsquo;\u00e0 300 puits, afin d&rsquo;obtenir un premier portrait de la qualit\u00e9 de l&rsquo;eau. Ils \u00e9valuent, entre autres, la proportion de d\u00e9passement des normes de \u00ab potabilit\u00e9 \u00bb pour certains param\u00e8tres comme les fluorures. <\/p>\n<p>\u00ab \u00c7a nous permet de localiser les territoires o\u00f9 l&rsquo;eau, avant tout traitement, est probl\u00e9matique. Par exemple, il faut du fluorure, c&rsquo;est bon pour les dents, mais pas trop. \u00bb<\/p>\n<p>Si un endroit comprend des probl\u00e9matiques concernant le taux de fluorure, les chercheurs du CERM s&rsquo;engagent \u00e0 informer les propri\u00e9taires qui doivent, par la suite, faire traiter leur puits. <\/p>\n<p>\u00ab On note un certain nombre de d\u00e9passements pour les fluorures, mais ce n&rsquo;est pas dramatique \u00bb, souligne M. Rouleau. <\/p>\n<p>Mise \u00e0 part la qualit\u00e9 de l&rsquo;eau souterraine, une autre \u00e9quipe de l&rsquo;UQAC travaille sur la description des milieux g\u00e9ologiques aquif\u00e8res et leurs propri\u00e9t\u00e9s hydrog\u00e9ologiques qui permettent l&rsquo;\u00e9coulement de l&rsquo;eau. <\/p>\n<p>\u00ab Ces \u00e9tudes permettront aux municipalit\u00e9s de mettre en place un syst\u00e8me de gestion de l&rsquo;utilisation du territoire pour minimiser les risques de contamination et mieux g\u00e9rer le territoire. Ils ont besoin de l&rsquo;eau souterraine de qualit\u00e9. C&rsquo;est aussi le cas des agriculteurs qui utilisent de plus en plus les eaux souterraines pour l&rsquo;irrigation. \u00bb<\/p>\n<p><strong>Rencontre sur le terrain<\/strong><\/p>\n<p>CHICOUTIMI &#8211; (AP) Le colloque du Groupe de recherche interuniversitaire sur les eaux souterraines (GRIES) devrait \u00eatre renouvel\u00e9 au cours des prochaines ann\u00e9es.<\/p>\n<p>En plus de la pr\u00e9sentation des sept projets entam\u00e9s gr\u00e2ce au financement du Programme d&rsquo;acquisition des connaissances des eaux souterraines (PACES) accord\u00e9 aux diff\u00e9rentes universit\u00e9s du Qu\u00e9bec, ainsi que des projets d&rsquo;\u00e9tudes des \u00e9tudiants au doctorat et \u00e0 la ma\u00eetrise, le colloque a organis\u00e9, hier matin, une sortie sur le terrain. <\/p>\n<p>Au total, 50 personnes ont pris place dans un autobus afin de visiter diff\u00e9rents sites, allant jusqu&rsquo;\u00e0 Alma. \u00ab Ils ont visit\u00e9 un certain nombre de sites o\u00f9, en regardant la physiographie, on peut en d\u00e9duire des informations relatives aux terrains en question \u00bb, mentionne le professeur du d\u00e9partement des sciences appliqu\u00e9es \u00e0 l&rsquo;UQAC, Alain Rouleau. <\/p>\n<p><strong>Gaz de schiste <\/strong><\/p>\n<p>Avec la controverse entourant l&rsquo;industrie du gaz de schiste et les dangers que comportent les forages pour les eaux souterraines, le GRIES sera probablement invit\u00e9 \u00e0 d\u00e9poser un m\u00e9moire \u00e0 l&rsquo;occasion des audiences publiques. M\u00eame si la probl\u00e9matique concerne les habitants des basses-terres du Saint-Laurent, le Centre d&rsquo;\u00e9tudes sur les ressources naturelles de l&rsquo;UQAC devra probablement apporter une contribution. <\/p>\n<p>D&rsquo;ailleurs, les diff\u00e9rents repr\u00e9sentants du GRIES se sont rencontr\u00e9s, hier apr\u00e8s-midi, afin de d\u00e9terminer les actions qu&rsquo;ils devront poser. <\/p>\n<p>Le Quotidien<br \/>\nSamedi, 16 octobre 2010, p. 12<br \/>\nUn texte de Audrey Pouliot<\/p>\n","protected":false},"excerpt":{"rendered":"<p>CHICOUTIMI &#8211; Le premier colloque du Groupe de recherche interuniversitaire sur les eaux souterraines (GRIES) a eu lieu jeudi dernier, \u00e0 l&rsquo;Universit\u00e9 du Qu\u00e9bec \u00e0 Chicoutimi (UQAC). Le GRIES est actuellement form\u00e9 de chercheurs de l&rsquo;INRS-ETE, de l&rsquo;UQAC, de l&rsquo;UQAM, de l&rsquo;UQAT, de l&rsquo;UQTR et de l&rsquo;Universit\u00e9 Laval. Environ 120 personnes ont particip\u00e9 aux diverses [&hellip;]<\/p>\n","protected":false},"author":5,"featured_media":0,"comment_status":"closed","ping_status":"1","sticky":false,"template":"","format":"standard","meta":{"footnotes":""},"categories":[2772],"tags":[],"yoast_head":"<!-- This site is optimized with the Yoast SEO plugin v24.2 - https:\/\/yoast.com\/wordpress\/plugins\/seo\/ -->\r\n<title>L&#039;UQAC s&#039;int\u00e9resse \u00e0 la qualit\u00e9 de l&#039;eauLe GRIES tient un premier colloque - UQACtualit\u00e9s<\/title>\r\n<meta name=\"robots\" content=\"index, follow, max-snippet:-1, max-image-preview:large, max-video-preview:-1\" \/>\r\n<link rel=\"canonical\" href=\"https:\/\/www.uqac.ca\/uqactualites\/2010\/10\/18\/luqac-sinteresse-a-la-qualite-de-leaule-gries-tient-un-premier-colloque\/\" \/>\r\n<meta property=\"og:locale\" content=\"fr_CA\" \/>\r\n<meta property=\"og:type\" content=\"article\" \/>\r\n<meta property=\"og:title\" content=\"L&#039;UQAC s&#039;int\u00e9resse \u00e0 la qualit\u00e9 de l&#039;eauLe GRIES tient un premier colloque - UQACtualit\u00e9s\" \/>\r\n<meta property=\"og:description\" content=\"CHICOUTIMI &#8211; Le premier colloque du Groupe de recherche interuniversitaire sur les eaux souterraines (GRIES) a eu lieu jeudi dernier, \u00e0 l&rsquo;Universit\u00e9 du Qu\u00e9bec \u00e0 Chicoutimi (UQAC). Le GRIES est actuellement form\u00e9 de chercheurs de l&rsquo;INRS-ETE, de l&rsquo;UQAC, de l&rsquo;UQAM, de l&rsquo;UQAT, de l&rsquo;UQTR et de l&rsquo;Universit\u00e9 Laval. Environ 120 personnes ont particip\u00e9 aux diverses [&hellip;]\" \/>\r\n<meta property=\"og:url\" content=\"https:\/\/www.uqac.ca\/uqactualites\/2010\/10\/18\/luqac-sinteresse-a-la-qualite-de-leaule-gries-tient-un-premier-colloque\/\" \/>\r\n<meta property=\"og:site_name\" content=\"UQACtualit\u00e9s\" \/>\r\n<meta property=\"article:published_time\" content=\"2010-10-18T20:18:01+00:00\" \/>\r\n<meta property=\"og:image\" content=\"http:\/\/www.uqac.ca\/wp-content\/uploads\/2012\/03\/bBTO5ytSSPqMf1d9-199x300.jpg\" \/>\r\n<meta name=\"author\" content=\"Service des communications et des relations publiques\" \/>\r\n<meta name=\"twitter:card\" content=\"summary_large_image\" \/>\r\n<meta name=\"twitter:label1\" content=\"\u00c9crit par\" \/>\n\t<meta name=\"twitter:data1\" content=\"Service des communications et des relations publiques\" \/>\n\t<meta name=\"twitter:label2\" content=\"Estimation du temps de lecture\" \/>\n\t<meta name=\"twitter:data2\" content=\"4 minutes\" \/>\r\n<script type=\"application\/ld+json\" class=\"yoast-schema-graph\">{\"@context\":\"https:\/\/schema.org\",\"@graph\":[{\"@type\":\"WebPage\",\"@id\":\"https:\/\/www.uqac.ca\/uqactualites\/2010\/10\/18\/luqac-sinteresse-a-la-qualite-de-leaule-gries-tient-un-premier-colloque\/\",\"url\":\"https:\/\/www.uqac.ca\/uqactualites\/2010\/10\/18\/luqac-sinteresse-a-la-qualite-de-leaule-gries-tient-un-premier-colloque\/\",\"name\":\"L'UQAC s'int\u00e9resse \u00e0 la qualit\u00e9 de l'eauLe GRIES tient un premier colloque - UQACtualit\u00e9s\",\"isPartOf\":{\"@id\":\"https:\/\/www.uqac.ca\/uqactualites\/#website\"},\"primaryImageOfPage\":{\"@id\":\"https:\/\/www.uqac.ca\/uqactualites\/2010\/10\/18\/luqac-sinteresse-a-la-qualite-de-leaule-gries-tient-un-premier-colloque\/#primaryimage\"},\"image\":{\"@id\":\"https:\/\/www.uqac.ca\/uqactualites\/2010\/10\/18\/luqac-sinteresse-a-la-qualite-de-leaule-gries-tient-un-premier-colloque\/#primaryimage\"},\"thumbnailUrl\":\"http:\/\/www.uqac.ca\/wp-content\/uploads\/2012\/03\/bBTO5ytSSPqMf1d9-199x300.jpg\",\"datePublished\":\"2010-10-18T20:18:01+00:00\",\"dateModified\":\"2010-10-18T20:18:01+00:00\",\"author\":{\"@id\":\"https:\/\/www.uqac.ca\/uqactualites\/#\/schema\/person\/366c45a0c4f0e677b41b4af5886e2018\"},\"breadcrumb\":{\"@id\":\"https:\/\/www.uqac.ca\/uqactualites\/2010\/10\/18\/luqac-sinteresse-a-la-qualite-de-leaule-gries-tient-un-premier-colloque\/#breadcrumb\"},\"inLanguage\":\"fr-CA\",\"potentialAction\":[{\"@type\":\"ReadAction\",\"target\":[\"https:\/\/www.uqac.ca\/uqactualites\/2010\/10\/18\/luqac-sinteresse-a-la-qualite-de-leaule-gries-tient-un-premier-colloque\/\"]}]},{\"@type\":\"ImageObject\",\"inLanguage\":\"fr-CA\",\"@id\":\"https:\/\/www.uqac.ca\/uqactualites\/2010\/10\/18\/luqac-sinteresse-a-la-qualite-de-leaule-gries-tient-un-premier-colloque\/#primaryimage\",\"url\":\"http:\/\/www.uqac.ca\/wp-content\/uploads\/2012\/03\/bBTO5ytSSPqMf1d9-199x300.jpg\",\"contentUrl\":\"http:\/\/www.uqac.ca\/wp-content\/uploads\/2012\/03\/bBTO5ytSSPqMf1d9-199x300.jpg\"},{\"@type\":\"BreadcrumbList\",\"@id\":\"https:\/\/www.uqac.ca\/uqactualites\/2010\/10\/18\/luqac-sinteresse-a-la-qualite-de-leaule-gries-tient-un-premier-colloque\/#breadcrumb\",\"itemListElement\":[{\"@type\":\"ListItem\",\"position\":1,\"name\":\"Home\",\"item\":\"https:\/\/www.uqac.ca\/uqactualites\/\"},{\"@type\":\"ListItem\",\"position\":2,\"name\":\"L&rsquo;UQAC s&rsquo;int\u00e9resse \u00e0 la qualit\u00e9 de l&rsquo;eauLe GRIES tient un premier colloque\"}]},{\"@type\":\"WebSite\",\"@id\":\"https:\/\/www.uqac.ca\/uqactualites\/#website\",\"url\":\"https:\/\/www.uqac.ca\/uqactualites\/\",\"name\":\"UQACtualit\u00e9s\",\"description\":\"Le portail des nouvelles de l&#039;UQAC\",\"potentialAction\":[{\"@type\":\"SearchAction\",\"target\":{\"@type\":\"EntryPoint\",\"urlTemplate\":\"https:\/\/www.uqac.ca\/uqactualites\/?s={search_term_string}\"},\"query-input\":{\"@type\":\"PropertyValueSpecification\",\"valueRequired\":true,\"valueName\":\"search_term_string\"}}],\"inLanguage\":\"fr-CA\"},{\"@type\":\"Person\",\"@id\":\"https:\/\/www.uqac.ca\/uqactualites\/#\/schema\/person\/366c45a0c4f0e677b41b4af5886e2018\",\"name\":\"Service des communications et des relations publiques\",\"image\":{\"@type\":\"ImageObject\",\"inLanguage\":\"fr-CA\",\"@id\":\"https:\/\/www.uqac.ca\/uqactualites\/#\/schema\/person\/image\/\",\"url\":\"https:\/\/secure.gravatar.com\/avatar\/20fbbda8a292f59f2d3461a5b999c00b?s=96&d=mm&r=g\",\"contentUrl\":\"https:\/\/secure.gravatar.com\/avatar\/20fbbda8a292f59f2d3461a5b999c00b?s=96&d=mm&r=g\",\"caption\":\"Service des communications et des relations publiques\"},\"url\":\"https:\/\/www.uqac.ca\/uqactualites\/author\/bap\/\"}]}<\/script>\r\n<!-- \/ Yoast SEO plugin. -->","yoast_head_json":{"title":"L'UQAC s'int\u00e9resse \u00e0 la qualit\u00e9 de l'eauLe GRIES tient un premier colloque - UQACtualit\u00e9s","robots":{"index":"index","follow":"follow","max-snippet":"max-snippet:-1","max-image-preview":"max-image-preview:large","max-video-preview":"max-video-preview:-1"},"canonical":"https:\/\/www.uqac.ca\/uqactualites\/2010\/10\/18\/luqac-sinteresse-a-la-qualite-de-leaule-gries-tient-un-premier-colloque\/","og_locale":"fr_CA","og_type":"article","og_title":"L'UQAC s'int\u00e9resse \u00e0 la qualit\u00e9 de l'eauLe GRIES tient un premier colloque - UQACtualit\u00e9s","og_description":"CHICOUTIMI &#8211; Le premier colloque du Groupe de recherche interuniversitaire sur les eaux souterraines (GRIES) a eu lieu jeudi dernier, \u00e0 l&rsquo;Universit\u00e9 du Qu\u00e9bec \u00e0 Chicoutimi (UQAC). Le GRIES est actuellement form\u00e9 de chercheurs de l&rsquo;INRS-ETE, de l&rsquo;UQAC, de l&rsquo;UQAM, de l&rsquo;UQAT, de l&rsquo;UQTR et de l&rsquo;Universit\u00e9 Laval. Environ 120 personnes ont particip\u00e9 aux diverses [&hellip;]","og_url":"https:\/\/www.uqac.ca\/uqactualites\/2010\/10\/18\/luqac-sinteresse-a-la-qualite-de-leaule-gries-tient-un-premier-colloque\/","og_site_name":"UQACtualit\u00e9s","article_published_time":"2010-10-18T20:18:01+00:00","og_image":[{"url":"http:\/\/www.uqac.ca\/wp-content\/uploads\/2012\/03\/bBTO5ytSSPqMf1d9-199x300.jpg","type":"","width":"","height":""}],"author":"Service des communications et des relations publiques","twitter_card":"summary_large_image","twitter_misc":{"\u00c9crit par":"Service des communications et des relations publiques","Estimation du temps de lecture":"4 minutes"},"schema":{"@context":"https:\/\/schema.org","@graph":[{"@type":"WebPage","@id":"https:\/\/www.uqac.ca\/uqactualites\/2010\/10\/18\/luqac-sinteresse-a-la-qualite-de-leaule-gries-tient-un-premier-colloque\/","url":"https:\/\/www.uqac.ca\/uqactualites\/2010\/10\/18\/luqac-sinteresse-a-la-qualite-de-leaule-gries-tient-un-premier-colloque\/","name":"L'UQAC s'int\u00e9resse \u00e0 la qualit\u00e9 de l'eauLe GRIES tient un premier colloque - UQACtualit\u00e9s","isPartOf":{"@id":"https:\/\/www.uqac.ca\/uqactualites\/#website"},"primaryImageOfPage":{"@id":"https:\/\/www.uqac.ca\/uqactualites\/2010\/10\/18\/luqac-sinteresse-a-la-qualite-de-leaule-gries-tient-un-premier-colloque\/#primaryimage"},"image":{"@id":"https:\/\/www.uqac.ca\/uqactualites\/2010\/10\/18\/luqac-sinteresse-a-la-qualite-de-leaule-gries-tient-un-premier-colloque\/#primaryimage"},"thumbnailUrl":"http:\/\/www.uqac.ca\/wp-content\/uploads\/2012\/03\/bBTO5ytSSPqMf1d9-199x300.jpg","datePublished":"2010-10-18T20:18:01+00:00","dateModified":"2010-10-18T20:18:01+00:00","author":{"@id":"https:\/\/www.uqac.ca\/uqactualites\/#\/schema\/person\/366c45a0c4f0e677b41b4af5886e2018"},"breadcrumb":{"@id":"https:\/\/www.uqac.ca\/uqactualites\/2010\/10\/18\/luqac-sinteresse-a-la-qualite-de-leaule-gries-tient-un-premier-colloque\/#breadcrumb"},"inLanguage":"fr-CA","potentialAction":[{"@type":"ReadAction","target":["https:\/\/www.uqac.ca\/uqactualites\/2010\/10\/18\/luqac-sinteresse-a-la-qualite-de-leaule-gries-tient-un-premier-colloque\/"]}]},{"@type":"ImageObject","inLanguage":"fr-CA","@id":"https:\/\/www.uqac.ca\/uqactualites\/2010\/10\/18\/luqac-sinteresse-a-la-qualite-de-leaule-gries-tient-un-premier-colloque\/#primaryimage","url":"http:\/\/www.uqac.ca\/wp-content\/uploads\/2012\/03\/bBTO5ytSSPqMf1d9-199x300.jpg","contentUrl":"http:\/\/www.uqac.ca\/wp-content\/uploads\/2012\/03\/bBTO5ytSSPqMf1d9-199x300.jpg"},{"@type":"BreadcrumbList","@id":"https:\/\/www.uqac.ca\/uqactualites\/2010\/10\/18\/luqac-sinteresse-a-la-qualite-de-leaule-gries-tient-un-premier-colloque\/#breadcrumb","itemListElement":[{"@type":"ListItem","position":1,"name":"Home","item":"https:\/\/www.uqac.ca\/uqactualites\/"},{"@type":"ListItem","position":2,"name":"L&rsquo;UQAC s&rsquo;int\u00e9resse \u00e0 la qualit\u00e9 de l&rsquo;eauLe GRIES tient un premier colloque"}]},{"@type":"WebSite","@id":"https:\/\/www.uqac.ca\/uqactualites\/#website","url":"https:\/\/www.uqac.ca\/uqactualites\/","name":"UQACtualit\u00e9s","description":"Le portail des nouvelles de l&#039;UQAC","potentialAction":[{"@type":"SearchAction","target":{"@type":"EntryPoint","urlTemplate":"https:\/\/www.uqac.ca\/uqactualites\/?s={search_term_string}"},"query-input":{"@type":"PropertyValueSpecification","valueRequired":true,"valueName":"search_term_string"}}],"inLanguage":"fr-CA"},{"@type":"Person","@id":"https:\/\/www.uqac.ca\/uqactualites\/#\/schema\/person\/366c45a0c4f0e677b41b4af5886e2018","name":"Service des communications et des relations publiques","image":{"@type":"ImageObject","inLanguage":"fr-CA","@id":"https:\/\/www.uqac.ca\/uqactualites\/#\/schema\/person\/image\/","url":"https:\/\/secure.gravatar.com\/avatar\/20fbbda8a292f59f2d3461a5b999c00b?s=96&d=mm&r=g","contentUrl":"https:\/\/secure.gravatar.com\/avatar\/20fbbda8a292f59f2d3461a5b999c00b?s=96&d=mm&r=g","caption":"Service des communications et des relations publiques"},"url":"https:\/\/www.uqac.ca\/uqactualites\/author\/bap\/"}]}},"_links":{"self":[{"href":"https:\/\/www.uqac.ca\/uqactualites\/wp-json\/wp\/v2\/posts\/19277"}],"collection":[{"href":"https:\/\/www.uqac.ca\/uqactualites\/wp-json\/wp\/v2\/posts"}],"about":[{"href":"https:\/\/www.uqac.ca\/uqactualites\/wp-json\/wp\/v2\/types\/post"}],"author":[{"embeddable":true,"href":"https:\/\/www.uqac.ca\/uqactualites\/wp-json\/wp\/v2\/users\/5"}],"replies":[{"embeddable":true,"href":"https:\/\/www.uqac.ca\/uqactualites\/wp-json\/wp\/v2\/comments?post=19277"}],"version-history":[{"count":0,"href":"https:\/\/www.uqac.ca\/uqactualites\/wp-json\/wp\/v2\/posts\/19277\/revisions"}],"wp:attachment":[{"href":"https:\/\/www.uqac.ca\/uqactualites\/wp-json\/wp\/v2\/media?parent=19277"}],"wp:term":[{"taxonomy":"category","embeddable":true,"href":"https:\/\/www.uqac.ca\/uqactualites\/wp-json\/wp\/v2\/categories?post=19277"},{"taxonomy":"post_tag","embeddable":true,"href":"https:\/\/www.uqac.ca\/uqactualites\/wp-json\/wp\/v2\/tags?post=19277"}],"curies":[{"name":"wp","href":"https:\/\/api.w.org\/{rel}","templated":true}]}}