{"id":19278,"date":"2010-10-18T10:55:06","date_gmt":"2010-10-18T16:25:06","guid":{"rendered":"http:\/\/uqactualite.odev.ca\/2010\/10\/soiree-reconnaissance-pour-les-finissants-de-sept-iles\/"},"modified":"2010-10-18T10:55:06","modified_gmt":"2010-10-18T16:25:06","slug":"soiree-reconnaissance-pour-les-finissants-de-sept-iles","status":"publish","type":"post","link":"https:\/\/www.uqac.ca\/uqactualites\/2010\/10\/18\/soiree-reconnaissance-pour-les-finissants-de-sept-iles\/","title":{"rendered":"Soir\u00e9e reconnaissance pour les finissants de Sept-\u00celes"},"content":{"rendered":"<p><figure id=\"attachment_19278\" aria-describedby=\"caption-attachment-19278\" style=\"width: 300px\" class=\"wp-caption alignright\"><a href=\"http:\/\/www.uqac.ca\/wp-content\/uploads\/2012\/03\/FZTPhbzciNSSrDim.jpg\"><img loading=\"lazy\" decoding=\"async\" class=\"size-medium wp-image-19278\" title=\"FZTPhbzciNSSrDim\" src=\"http:\/\/www.uqac.ca\/wp-content\/uploads\/2012\/03\/FZTPhbzciNSSrDim-300x177.jpg\" width=\"300\" height=\"177\" alt=\"\" \/><\/a><figcaption id=\"caption-attachment-19278\" class=\"wp-caption-text\">La premi\u00e8re cohorte de finissants au baccalaur\u00e9at en \u00e9ducation pr\u00e9scolaire et enseignement au primaire. Photo : Courtoisie de Mario No\u00ebl<\/figcaption><\/figure>Le 14 mai dernier avait lieu la soir\u00e9e reconnaissance pour les dix-huit finissants de la premi\u00e8re cohorte \u00e0 temps complet du baccalaur\u00e9at en \u00e9ducation pr\u00e9scolaire et enseignement au primaire. Cet \u00e9v\u00e9nement s&rsquo;est d\u00e9roul\u00e9 en pr\u00e9sence de messieurs Michel Belley recteur; Claudio Zoccastello, registraire; Marco Bacon, directeur du Centre des Premi\u00e8res Nations Nikanite; de mesdames Nicole Tremblay, directrice du Module d&rsquo;enseignement pr\u00e9scolaire et primaire et France Claveau, responsable des centres d&rsquo;\u00e9tudes universitaires.<\/p>\n<p>L&rsquo;Universit\u00e9 du Qu\u00e9bec \u00e0 Chicoutimi poursuit sa mission en r\u00e9gion. Il s\u2018agit de la 2<sup>e<\/sup> cohorte d&rsquo;un baccalaur\u00e9at \u00e0 temps complet pour Sept-\u00celes, le premier groupe ayant dipl\u00f4m\u00e9 une vingtaine de travailleurs sociaux. <\/p>\n<p>Le Centre d&rsquo;\u00e9tudes universitaires de l&rsquo;est de la C\u00f4te-Nord est fier de cette r\u00e9ussite qui permet \u00e0 sa r\u00e9gion de s&rsquo;enrichir de nouveaux enseignants pour ses \u00e9coles primaires. <\/p>\n<p>Toutes nos f\u00e9licitations!<\/p>\n","protected":false},"excerpt":{"rendered":"<p>Le 14 mai dernier avait lieu la soir\u00e9e reconnaissance pour les dix-huit finissants de la premi\u00e8re cohorte \u00e0 temps complet du baccalaur\u00e9at en \u00e9ducation pr\u00e9scolaire et enseignement au primaire. Cet \u00e9v\u00e9nement s&rsquo;est d\u00e9roul\u00e9 en pr\u00e9sence de messieurs Michel Belley recteur; Claudio Zoccastello, registraire; Marco Bacon, directeur du Centre des Premi\u00e8res Nations Nikanite; de mesdames Nicole [&hellip;]<\/p>\n","protected":false},"author":5,"featured_media":0,"comment_status":"closed","ping_status":"1","sticky":false,"template":"","format":"standard","meta":{"footnotes":""},"categories":[2],"tags":[],"yoast_head":"<!-- This site is optimized with the Yoast SEO plugin v24.2 - https:\/\/yoast.com\/wordpress\/plugins\/seo\/ -->\r\n<title>Soir\u00e9e reconnaissance pour les finissants de Sept-\u00celes - UQACtualit\u00e9s<\/title>\r\n<meta name=\"robots\" content=\"index, follow, max-snippet:-1, max-image-preview:large, max-video-preview:-1\" \/>\r\n<link rel=\"canonical\" href=\"https:\/\/www.uqac.ca\/uqactualites\/2010\/10\/18\/soiree-reconnaissance-pour-les-finissants-de-sept-iles\/\" \/>\r\n<meta property=\"og:locale\" content=\"fr_CA\" \/>\r\n<meta property=\"og:type\" content=\"article\" \/>\r\n<meta property=\"og:title\" content=\"Soir\u00e9e reconnaissance pour les finissants de Sept-\u00celes - UQACtualit\u00e9s\" \/>\r\n<meta property=\"og:description\" content=\"Le 14 mai dernier avait lieu la soir\u00e9e reconnaissance pour les dix-huit finissants de la premi\u00e8re cohorte \u00e0 temps complet du baccalaur\u00e9at en \u00e9ducation pr\u00e9scolaire et enseignement au primaire. Cet \u00e9v\u00e9nement s&rsquo;est d\u00e9roul\u00e9 en pr\u00e9sence de messieurs Michel Belley recteur; Claudio Zoccastello, registraire; Marco Bacon, directeur du Centre des Premi\u00e8res Nations Nikanite; de mesdames Nicole [&hellip;]\" \/>\r\n<meta property=\"og:url\" content=\"https:\/\/www.uqac.ca\/uqactualites\/2010\/10\/18\/soiree-reconnaissance-pour-les-finissants-de-sept-iles\/\" \/>\r\n<meta property=\"og:site_name\" content=\"UQACtualit\u00e9s\" \/>\r\n<meta property=\"article:published_time\" content=\"2010-10-18T16:25:06+00:00\" \/>\r\n<meta property=\"og:image\" content=\"http:\/\/www.uqac.ca\/wp-content\/uploads\/2012\/03\/FZTPhbzciNSSrDim-300x177.jpg\" \/>\r\n<meta name=\"author\" content=\"Service des communications et des relations publiques\" \/>\r\n<meta name=\"twitter:card\" content=\"summary_large_image\" \/>\r\n<meta name=\"twitter:label1\" content=\"\u00c9crit par\" \/>\n\t<meta name=\"twitter:data1\" content=\"Service des communications et des relations publiques\" \/>\n\t<meta name=\"twitter:label2\" content=\"Estimation du temps de lecture\" \/>\n\t<meta name=\"twitter:data2\" content=\"1 minute\" \/>\r\n<script type=\"application\/ld+json\" class=\"yoast-schema-graph\">{\"@context\":\"https:\/\/schema.org\",\"@graph\":[{\"@type\":\"WebPage\",\"@id\":\"https:\/\/www.uqac.ca\/uqactualites\/2010\/10\/18\/soiree-reconnaissance-pour-les-finissants-de-sept-iles\/\",\"url\":\"https:\/\/www.uqac.ca\/uqactualites\/2010\/10\/18\/soiree-reconnaissance-pour-les-finissants-de-sept-iles\/\",\"name\":\"Soir\u00e9e reconnaissance pour les finissants de Sept-\u00celes - UQACtualit\u00e9s\",\"isPartOf\":{\"@id\":\"https:\/\/www.uqac.ca\/uqactualites\/#website\"},\"primaryImageOfPage\":{\"@id\":\"https:\/\/www.uqac.ca\/uqactualites\/2010\/10\/18\/soiree-reconnaissance-pour-les-finissants-de-sept-iles\/#primaryimage\"},\"image\":{\"@id\":\"https:\/\/www.uqac.ca\/uqactualites\/2010\/10\/18\/soiree-reconnaissance-pour-les-finissants-de-sept-iles\/#primaryimage\"},\"thumbnailUrl\":\"http:\/\/www.uqac.ca\/wp-content\/uploads\/2012\/03\/FZTPhbzciNSSrDim-300x177.jpg\",\"datePublished\":\"2010-10-18T16:25:06+00:00\",\"dateModified\":\"2010-10-18T16:25:06+00:00\",\"author\":{\"@id\":\"https:\/\/www.uqac.ca\/uqactualites\/#\/schema\/person\/366c45a0c4f0e677b41b4af5886e2018\"},\"breadcrumb\":{\"@id\":\"https:\/\/www.uqac.ca\/uqactualites\/2010\/10\/18\/soiree-reconnaissance-pour-les-finissants-de-sept-iles\/#breadcrumb\"},\"inLanguage\":\"fr-CA\",\"potentialAction\":[{\"@type\":\"ReadAction\",\"target\":[\"https:\/\/www.uqac.ca\/uqactualites\/2010\/10\/18\/soiree-reconnaissance-pour-les-finissants-de-sept-iles\/\"]}]},{\"@type\":\"ImageObject\",\"inLanguage\":\"fr-CA\",\"@id\":\"https:\/\/www.uqac.ca\/uqactualites\/2010\/10\/18\/soiree-reconnaissance-pour-les-finissants-de-sept-iles\/#primaryimage\",\"url\":\"http:\/\/www.uqac.ca\/wp-content\/uploads\/2012\/03\/FZTPhbzciNSSrDim-300x177.jpg\",\"contentUrl\":\"http:\/\/www.uqac.ca\/wp-content\/uploads\/2012\/03\/FZTPhbzciNSSrDim-300x177.jpg\"},{\"@type\":\"BreadcrumbList\",\"@id\":\"https:\/\/www.uqac.ca\/uqactualites\/2010\/10\/18\/soiree-reconnaissance-pour-les-finissants-de-sept-iles\/#breadcrumb\",\"itemListElement\":[{\"@type\":\"ListItem\",\"position\":1,\"name\":\"Home\",\"item\":\"https:\/\/www.uqac.ca\/uqactualites\/\"},{\"@type\":\"ListItem\",\"position\":2,\"name\":\"Soir\u00e9e reconnaissance pour les finissants de Sept-\u00celes\"}]},{\"@type\":\"WebSite\",\"@id\":\"https:\/\/www.uqac.ca\/uqactualites\/#website\",\"url\":\"https:\/\/www.uqac.ca\/uqactualites\/\",\"name\":\"UQACtualit\u00e9s\",\"description\":\"Le portail des nouvelles de l&#039;UQAC\",\"potentialAction\":[{\"@type\":\"SearchAction\",\"target\":{\"@type\":\"EntryPoint\",\"urlTemplate\":\"https:\/\/www.uqac.ca\/uqactualites\/?s={search_term_string}\"},\"query-input\":{\"@type\":\"PropertyValueSpecification\",\"valueRequired\":true,\"valueName\":\"search_term_string\"}}],\"inLanguage\":\"fr-CA\"},{\"@type\":\"Person\",\"@id\":\"https:\/\/www.uqac.ca\/uqactualites\/#\/schema\/person\/366c45a0c4f0e677b41b4af5886e2018\",\"name\":\"Service des communications et des relations publiques\",\"image\":{\"@type\":\"ImageObject\",\"inLanguage\":\"fr-CA\",\"@id\":\"https:\/\/www.uqac.ca\/uqactualites\/#\/schema\/person\/image\/\",\"url\":\"https:\/\/secure.gravatar.com\/avatar\/20fbbda8a292f59f2d3461a5b999c00b?s=96&d=mm&r=g\",\"contentUrl\":\"https:\/\/secure.gravatar.com\/avatar\/20fbbda8a292f59f2d3461a5b999c00b?s=96&d=mm&r=g\",\"caption\":\"Service des communications et des relations publiques\"},\"url\":\"https:\/\/www.uqac.ca\/uqactualites\/author\/bap\/\"}]}<\/script>\r\n<!-- \/ Yoast SEO plugin. -->","yoast_head_json":{"title":"Soir\u00e9e reconnaissance pour les finissants de Sept-\u00celes - UQACtualit\u00e9s","robots":{"index":"index","follow":"follow","max-snippet":"max-snippet:-1","max-image-preview":"max-image-preview:large","max-video-preview":"max-video-preview:-1"},"canonical":"https:\/\/www.uqac.ca\/uqactualites\/2010\/10\/18\/soiree-reconnaissance-pour-les-finissants-de-sept-iles\/","og_locale":"fr_CA","og_type":"article","og_title":"Soir\u00e9e reconnaissance pour les finissants de Sept-\u00celes - UQACtualit\u00e9s","og_description":"Le 14 mai dernier avait lieu la soir\u00e9e reconnaissance pour les dix-huit finissants de la premi\u00e8re cohorte \u00e0 temps complet du baccalaur\u00e9at en \u00e9ducation pr\u00e9scolaire et enseignement au primaire. Cet \u00e9v\u00e9nement s&rsquo;est d\u00e9roul\u00e9 en pr\u00e9sence de messieurs Michel Belley recteur; Claudio Zoccastello, registraire; Marco Bacon, directeur du Centre des Premi\u00e8res Nations Nikanite; de mesdames Nicole [&hellip;]","og_url":"https:\/\/www.uqac.ca\/uqactualites\/2010\/10\/18\/soiree-reconnaissance-pour-les-finissants-de-sept-iles\/","og_site_name":"UQACtualit\u00e9s","article_published_time":"2010-10-18T16:25:06+00:00","og_image":[{"url":"http:\/\/www.uqac.ca\/wp-content\/uploads\/2012\/03\/FZTPhbzciNSSrDim-300x177.jpg","type":"","width":"","height":""}],"author":"Service des communications et des relations publiques","twitter_card":"summary_large_image","twitter_misc":{"\u00c9crit par":"Service des communications et des relations publiques","Estimation du temps de lecture":"1 minute"},"schema":{"@context":"https:\/\/schema.org","@graph":[{"@type":"WebPage","@id":"https:\/\/www.uqac.ca\/uqactualites\/2010\/10\/18\/soiree-reconnaissance-pour-les-finissants-de-sept-iles\/","url":"https:\/\/www.uqac.ca\/uqactualites\/2010\/10\/18\/soiree-reconnaissance-pour-les-finissants-de-sept-iles\/","name":"Soir\u00e9e reconnaissance pour les finissants de Sept-\u00celes - UQACtualit\u00e9s","isPartOf":{"@id":"https:\/\/www.uqac.ca\/uqactualites\/#website"},"primaryImageOfPage":{"@id":"https:\/\/www.uqac.ca\/uqactualites\/2010\/10\/18\/soiree-reconnaissance-pour-les-finissants-de-sept-iles\/#primaryimage"},"image":{"@id":"https:\/\/www.uqac.ca\/uqactualites\/2010\/10\/18\/soiree-reconnaissance-pour-les-finissants-de-sept-iles\/#primaryimage"},"thumbnailUrl":"http:\/\/www.uqac.ca\/wp-content\/uploads\/2012\/03\/FZTPhbzciNSSrDim-300x177.jpg","datePublished":"2010-10-18T16:25:06+00:00","dateModified":"2010-10-18T16:25:06+00:00","author":{"@id":"https:\/\/www.uqac.ca\/uqactualites\/#\/schema\/person\/366c45a0c4f0e677b41b4af5886e2018"},"breadcrumb":{"@id":"https:\/\/www.uqac.ca\/uqactualites\/2010\/10\/18\/soiree-reconnaissance-pour-les-finissants-de-sept-iles\/#breadcrumb"},"inLanguage":"fr-CA","potentialAction":[{"@type":"ReadAction","target":["https:\/\/www.uqac.ca\/uqactualites\/2010\/10\/18\/soiree-reconnaissance-pour-les-finissants-de-sept-iles\/"]}]},{"@type":"ImageObject","inLanguage":"fr-CA","@id":"https:\/\/www.uqac.ca\/uqactualites\/2010\/10\/18\/soiree-reconnaissance-pour-les-finissants-de-sept-iles\/#primaryimage","url":"http:\/\/www.uqac.ca\/wp-content\/uploads\/2012\/03\/FZTPhbzciNSSrDim-300x177.jpg","contentUrl":"http:\/\/www.uqac.ca\/wp-content\/uploads\/2012\/03\/FZTPhbzciNSSrDim-300x177.jpg"},{"@type":"BreadcrumbList","@id":"https:\/\/www.uqac.ca\/uqactualites\/2010\/10\/18\/soiree-reconnaissance-pour-les-finissants-de-sept-iles\/#breadcrumb","itemListElement":[{"@type":"ListItem","position":1,"name":"Home","item":"https:\/\/www.uqac.ca\/uqactualites\/"},{"@type":"ListItem","position":2,"name":"Soir\u00e9e reconnaissance pour les finissants de Sept-\u00celes"}]},{"@type":"WebSite","@id":"https:\/\/www.uqac.ca\/uqactualites\/#website","url":"https:\/\/www.uqac.ca\/uqactualites\/","name":"UQACtualit\u00e9s","description":"Le portail des nouvelles de l&#039;UQAC","potentialAction":[{"@type":"SearchAction","target":{"@type":"EntryPoint","urlTemplate":"https:\/\/www.uqac.ca\/uqactualites\/?s={search_term_string}"},"query-input":{"@type":"PropertyValueSpecification","valueRequired":true,"valueName":"search_term_string"}}],"inLanguage":"fr-CA"},{"@type":"Person","@id":"https:\/\/www.uqac.ca\/uqactualites\/#\/schema\/person\/366c45a0c4f0e677b41b4af5886e2018","name":"Service des communications et des relations publiques","image":{"@type":"ImageObject","inLanguage":"fr-CA","@id":"https:\/\/www.uqac.ca\/uqactualites\/#\/schema\/person\/image\/","url":"https:\/\/secure.gravatar.com\/avatar\/20fbbda8a292f59f2d3461a5b999c00b?s=96&d=mm&r=g","contentUrl":"https:\/\/secure.gravatar.com\/avatar\/20fbbda8a292f59f2d3461a5b999c00b?s=96&d=mm&r=g","caption":"Service des communications et des relations publiques"},"url":"https:\/\/www.uqac.ca\/uqactualites\/author\/bap\/"}]}},"_links":{"self":[{"href":"https:\/\/www.uqac.ca\/uqactualites\/wp-json\/wp\/v2\/posts\/19278"}],"collection":[{"href":"https:\/\/www.uqac.ca\/uqactualites\/wp-json\/wp\/v2\/posts"}],"about":[{"href":"https:\/\/www.uqac.ca\/uqactualites\/wp-json\/wp\/v2\/types\/post"}],"author":[{"embeddable":true,"href":"https:\/\/www.uqac.ca\/uqactualites\/wp-json\/wp\/v2\/users\/5"}],"replies":[{"embeddable":true,"href":"https:\/\/www.uqac.ca\/uqactualites\/wp-json\/wp\/v2\/comments?post=19278"}],"version-history":[{"count":0,"href":"https:\/\/www.uqac.ca\/uqactualites\/wp-json\/wp\/v2\/posts\/19278\/revisions"}],"wp:attachment":[{"href":"https:\/\/www.uqac.ca\/uqactualites\/wp-json\/wp\/v2\/media?parent=19278"}],"wp:term":[{"taxonomy":"category","embeddable":true,"href":"https:\/\/www.uqac.ca\/uqactualites\/wp-json\/wp\/v2\/categories?post=19278"},{"taxonomy":"post_tag","embeddable":true,"href":"https:\/\/www.uqac.ca\/uqactualites\/wp-json\/wp\/v2\/tags?post=19278"}],"curies":[{"name":"wp","href":"https:\/\/api.w.org\/{rel}","templated":true}]}}