{"id":19287,"date":"2010-09-30T14:38:46","date_gmt":"2010-09-30T20:08:46","guid":{"rendered":"http:\/\/uqactualite.odev.ca\/2010\/09\/nouvelle-direction-au-projet-balsac\/"},"modified":"2010-09-30T14:38:46","modified_gmt":"2010-09-30T20:08:46","slug":"nouvelle-direction-au-projet-balsac","status":"publish","type":"post","link":"https:\/\/www.uqac.ca\/uqactualites\/2010\/09\/30\/nouvelle-direction-au-projet-balsac\/","title":{"rendered":"Nouvelle direction au Projet BALSAC"},"content":{"rendered":"<p><figure id=\"attachment_19287\" aria-describedby=\"caption-attachment-19287\" style=\"width: 225px\" class=\"wp-caption alignright\"><a href=\"http:\/\/www.uqac.ca\/wp-content\/uploads\/2012\/03\/qV45tzaqnpxYdmTY.jpg\"><img loading=\"lazy\" decoding=\"async\" class=\"size-medium wp-image-19287\" title=\"qV45tzaqnpxYdmTY\" src=\"http:\/\/www.uqac.ca\/wp-content\/uploads\/2012\/03\/qV45tzaqnpxYdmTY-225x300.jpg\" width=\"225\" height=\"300\" alt=\"\" \/><\/a><figcaption id=\"caption-attachment-19287\" class=\"wp-caption-text\">La nouvelle directrice du Projet BALSAC, depuis le 1<sup>er<\/sup> septembre, madame H\u00e9l\u00e8ne V\u00e9zina<\/figcaption><\/figure>Le vice-recteur \u00e0 l&rsquo;enseignement et \u00e0 la recherche, madame Francine Belle-Isle, a le plaisir d&rsquo;annoncer la nomination de madame H\u00e9l\u00e8ne V\u00e9zina en tant que directrice du Projet BALSAC. Madame V\u00e9zina prend ainsi la rel\u00e8ve de monsieur G\u00e9rard Bouchard, fondateur du Projet. \u00c0 ce titre, elle a la responsabilit\u00e9 de continuer le d\u00e9veloppement et l&rsquo;exploitation du Projet BALSAC, en plus d&rsquo;assumer un leadership aupr\u00e8s de l&rsquo;\u00e9quipe compos\u00e9e d&rsquo;une vingtaine de personnes.<\/p>\n<p>Madame V\u00e9zina est titulaire d&rsquo;un baccalaur\u00e9at en anthropologie (University of British Columbia), d&rsquo;une ma\u00eetrise et d&rsquo;un doctorat en d\u00e9mographie (Universit\u00e9 de Montr\u00e9al). Elle prend la direction du Projet BALSAC avec une exp\u00e9rience de quinze ans comme professeure au D\u00e9partement des sciences humaines de l&rsquo;Universit\u00e9 du Qu\u00e9bec \u00e0 Chicoutimi. Comme chercheuse, elle exploite les donn\u00e9es du fichier de population BALSAC dans plusieurs projets de recherche subventionn\u00e9s, et ce, en collaboration avec des experts provenant de divers domaines : \u00e9pid\u00e9miologie g\u00e9n\u00e9tique, g\u00e9n\u00e9tique des populations et d\u00e9mographie historique. Depuis 2004, elle \u0153uvre dans plusieurs r\u00e9seaux de recherche, notamment comme responsable de l&rsquo;infrastructure G\u00e9n\u00e9tique des populations du R\u00e9seau de m\u00e9decine g\u00e9n\u00e9tique appliqu\u00e9e. Madame V\u00e9zina est \u00e9galement tr\u00e8s active tant dans le milieu communautaire que dans le milieu universitaire.<\/p>\n<p>Nous souhaitons \u00e0 madame V\u00e9zina tout le succ\u00e8s d\u00e9sir\u00e9 dans ses nouvelles fonctions.<\/p>\n","protected":false},"excerpt":{"rendered":"<p>Le vice-recteur \u00e0 l&rsquo;enseignement et \u00e0 la recherche, madame Francine Belle-Isle, a le plaisir d&rsquo;annoncer la nomination de madame H\u00e9l\u00e8ne V\u00e9zina en tant que directrice du Projet BALSAC. Madame V\u00e9zina prend ainsi la rel\u00e8ve de monsieur G\u00e9rard Bouchard, fondateur du Projet. \u00c0 ce titre, elle a la responsabilit\u00e9 de continuer le d\u00e9veloppement et l&rsquo;exploitation du [&hellip;]<\/p>\n","protected":false},"author":5,"featured_media":0,"comment_status":"closed","ping_status":"1","sticky":false,"template":"","format":"standard","meta":{"footnotes":""},"categories":[15],"tags":[],"yoast_head":"<!-- This site is optimized with the Yoast SEO plugin v24.2 - https:\/\/yoast.com\/wordpress\/plugins\/seo\/ -->\r\n<title>Nouvelle direction au Projet BALSAC - UQACtualit\u00e9s<\/title>\r\n<meta name=\"robots\" content=\"index, follow, max-snippet:-1, max-image-preview:large, max-video-preview:-1\" \/>\r\n<link rel=\"canonical\" href=\"https:\/\/www.uqac.ca\/uqactualites\/2010\/09\/30\/nouvelle-direction-au-projet-balsac\/\" \/>\r\n<meta property=\"og:locale\" content=\"fr_CA\" \/>\r\n<meta property=\"og:type\" content=\"article\" \/>\r\n<meta property=\"og:title\" content=\"Nouvelle direction au Projet BALSAC - UQACtualit\u00e9s\" \/>\r\n<meta property=\"og:description\" content=\"Le vice-recteur \u00e0 l&rsquo;enseignement et \u00e0 la recherche, madame Francine Belle-Isle, a le plaisir d&rsquo;annoncer la nomination de madame H\u00e9l\u00e8ne V\u00e9zina en tant que directrice du Projet BALSAC. Madame V\u00e9zina prend ainsi la rel\u00e8ve de monsieur G\u00e9rard Bouchard, fondateur du Projet. \u00c0 ce titre, elle a la responsabilit\u00e9 de continuer le d\u00e9veloppement et l&rsquo;exploitation du [&hellip;]\" \/>\r\n<meta property=\"og:url\" content=\"https:\/\/www.uqac.ca\/uqactualites\/2010\/09\/30\/nouvelle-direction-au-projet-balsac\/\" \/>\r\n<meta property=\"og:site_name\" content=\"UQACtualit\u00e9s\" \/>\r\n<meta property=\"article:published_time\" content=\"2010-09-30T20:08:46+00:00\" \/>\r\n<meta property=\"og:image\" content=\"http:\/\/www.uqac.ca\/wp-content\/uploads\/2012\/03\/qV45tzaqnpxYdmTY-225x300.jpg\" \/>\r\n<meta name=\"author\" content=\"Service des communications et des relations publiques\" \/>\r\n<meta name=\"twitter:card\" content=\"summary_large_image\" \/>\r\n<meta name=\"twitter:label1\" content=\"\u00c9crit par\" \/>\n\t<meta name=\"twitter:data1\" content=\"Service des communications et des relations publiques\" \/>\n\t<meta name=\"twitter:label2\" content=\"Estimation du temps de lecture\" \/>\n\t<meta name=\"twitter:data2\" content=\"1 minute\" \/>\r\n<script type=\"application\/ld+json\" class=\"yoast-schema-graph\">{\"@context\":\"https:\/\/schema.org\",\"@graph\":[{\"@type\":\"WebPage\",\"@id\":\"https:\/\/www.uqac.ca\/uqactualites\/2010\/09\/30\/nouvelle-direction-au-projet-balsac\/\",\"url\":\"https:\/\/www.uqac.ca\/uqactualites\/2010\/09\/30\/nouvelle-direction-au-projet-balsac\/\",\"name\":\"Nouvelle direction au Projet BALSAC - UQACtualit\u00e9s\",\"isPartOf\":{\"@id\":\"https:\/\/www.uqac.ca\/uqactualites\/#website\"},\"primaryImageOfPage\":{\"@id\":\"https:\/\/www.uqac.ca\/uqactualites\/2010\/09\/30\/nouvelle-direction-au-projet-balsac\/#primaryimage\"},\"image\":{\"@id\":\"https:\/\/www.uqac.ca\/uqactualites\/2010\/09\/30\/nouvelle-direction-au-projet-balsac\/#primaryimage\"},\"thumbnailUrl\":\"http:\/\/www.uqac.ca\/wp-content\/uploads\/2012\/03\/qV45tzaqnpxYdmTY-225x300.jpg\",\"datePublished\":\"2010-09-30T20:08:46+00:00\",\"dateModified\":\"2010-09-30T20:08:46+00:00\",\"author\":{\"@id\":\"https:\/\/www.uqac.ca\/uqactualites\/#\/schema\/person\/366c45a0c4f0e677b41b4af5886e2018\"},\"breadcrumb\":{\"@id\":\"https:\/\/www.uqac.ca\/uqactualites\/2010\/09\/30\/nouvelle-direction-au-projet-balsac\/#breadcrumb\"},\"inLanguage\":\"fr-CA\",\"potentialAction\":[{\"@type\":\"ReadAction\",\"target\":[\"https:\/\/www.uqac.ca\/uqactualites\/2010\/09\/30\/nouvelle-direction-au-projet-balsac\/\"]}]},{\"@type\":\"ImageObject\",\"inLanguage\":\"fr-CA\",\"@id\":\"https:\/\/www.uqac.ca\/uqactualites\/2010\/09\/30\/nouvelle-direction-au-projet-balsac\/#primaryimage\",\"url\":\"http:\/\/www.uqac.ca\/wp-content\/uploads\/2012\/03\/qV45tzaqnpxYdmTY-225x300.jpg\",\"contentUrl\":\"http:\/\/www.uqac.ca\/wp-content\/uploads\/2012\/03\/qV45tzaqnpxYdmTY-225x300.jpg\"},{\"@type\":\"BreadcrumbList\",\"@id\":\"https:\/\/www.uqac.ca\/uqactualites\/2010\/09\/30\/nouvelle-direction-au-projet-balsac\/#breadcrumb\",\"itemListElement\":[{\"@type\":\"ListItem\",\"position\":1,\"name\":\"Home\",\"item\":\"https:\/\/www.uqac.ca\/uqactualites\/\"},{\"@type\":\"ListItem\",\"position\":2,\"name\":\"Nouvelle direction au Projet BALSAC\"}]},{\"@type\":\"WebSite\",\"@id\":\"https:\/\/www.uqac.ca\/uqactualites\/#website\",\"url\":\"https:\/\/www.uqac.ca\/uqactualites\/\",\"name\":\"UQACtualit\u00e9s\",\"description\":\"Le portail des nouvelles de l&#039;UQAC\",\"potentialAction\":[{\"@type\":\"SearchAction\",\"target\":{\"@type\":\"EntryPoint\",\"urlTemplate\":\"https:\/\/www.uqac.ca\/uqactualites\/?s={search_term_string}\"},\"query-input\":{\"@type\":\"PropertyValueSpecification\",\"valueRequired\":true,\"valueName\":\"search_term_string\"}}],\"inLanguage\":\"fr-CA\"},{\"@type\":\"Person\",\"@id\":\"https:\/\/www.uqac.ca\/uqactualites\/#\/schema\/person\/366c45a0c4f0e677b41b4af5886e2018\",\"name\":\"Service des communications et des relations publiques\",\"image\":{\"@type\":\"ImageObject\",\"inLanguage\":\"fr-CA\",\"@id\":\"https:\/\/www.uqac.ca\/uqactualites\/#\/schema\/person\/image\/\",\"url\":\"https:\/\/secure.gravatar.com\/avatar\/20fbbda8a292f59f2d3461a5b999c00b?s=96&d=mm&r=g\",\"contentUrl\":\"https:\/\/secure.gravatar.com\/avatar\/20fbbda8a292f59f2d3461a5b999c00b?s=96&d=mm&r=g\",\"caption\":\"Service des communications et des relations publiques\"},\"url\":\"https:\/\/www.uqac.ca\/uqactualites\/author\/bap\/\"}]}<\/script>\r\n<!-- \/ Yoast SEO plugin. -->","yoast_head_json":{"title":"Nouvelle direction au Projet BALSAC - UQACtualit\u00e9s","robots":{"index":"index","follow":"follow","max-snippet":"max-snippet:-1","max-image-preview":"max-image-preview:large","max-video-preview":"max-video-preview:-1"},"canonical":"https:\/\/www.uqac.ca\/uqactualites\/2010\/09\/30\/nouvelle-direction-au-projet-balsac\/","og_locale":"fr_CA","og_type":"article","og_title":"Nouvelle direction au Projet BALSAC - UQACtualit\u00e9s","og_description":"Le vice-recteur \u00e0 l&rsquo;enseignement et \u00e0 la recherche, madame Francine Belle-Isle, a le plaisir d&rsquo;annoncer la nomination de madame H\u00e9l\u00e8ne V\u00e9zina en tant que directrice du Projet BALSAC. Madame V\u00e9zina prend ainsi la rel\u00e8ve de monsieur G\u00e9rard Bouchard, fondateur du Projet. \u00c0 ce titre, elle a la responsabilit\u00e9 de continuer le d\u00e9veloppement et l&rsquo;exploitation du [&hellip;]","og_url":"https:\/\/www.uqac.ca\/uqactualites\/2010\/09\/30\/nouvelle-direction-au-projet-balsac\/","og_site_name":"UQACtualit\u00e9s","article_published_time":"2010-09-30T20:08:46+00:00","og_image":[{"url":"http:\/\/www.uqac.ca\/wp-content\/uploads\/2012\/03\/qV45tzaqnpxYdmTY-225x300.jpg","type":"","width":"","height":""}],"author":"Service des communications et des relations publiques","twitter_card":"summary_large_image","twitter_misc":{"\u00c9crit par":"Service des communications et des relations publiques","Estimation du temps de lecture":"1 minute"},"schema":{"@context":"https:\/\/schema.org","@graph":[{"@type":"WebPage","@id":"https:\/\/www.uqac.ca\/uqactualites\/2010\/09\/30\/nouvelle-direction-au-projet-balsac\/","url":"https:\/\/www.uqac.ca\/uqactualites\/2010\/09\/30\/nouvelle-direction-au-projet-balsac\/","name":"Nouvelle direction au Projet BALSAC - UQACtualit\u00e9s","isPartOf":{"@id":"https:\/\/www.uqac.ca\/uqactualites\/#website"},"primaryImageOfPage":{"@id":"https:\/\/www.uqac.ca\/uqactualites\/2010\/09\/30\/nouvelle-direction-au-projet-balsac\/#primaryimage"},"image":{"@id":"https:\/\/www.uqac.ca\/uqactualites\/2010\/09\/30\/nouvelle-direction-au-projet-balsac\/#primaryimage"},"thumbnailUrl":"http:\/\/www.uqac.ca\/wp-content\/uploads\/2012\/03\/qV45tzaqnpxYdmTY-225x300.jpg","datePublished":"2010-09-30T20:08:46+00:00","dateModified":"2010-09-30T20:08:46+00:00","author":{"@id":"https:\/\/www.uqac.ca\/uqactualites\/#\/schema\/person\/366c45a0c4f0e677b41b4af5886e2018"},"breadcrumb":{"@id":"https:\/\/www.uqac.ca\/uqactualites\/2010\/09\/30\/nouvelle-direction-au-projet-balsac\/#breadcrumb"},"inLanguage":"fr-CA","potentialAction":[{"@type":"ReadAction","target":["https:\/\/www.uqac.ca\/uqactualites\/2010\/09\/30\/nouvelle-direction-au-projet-balsac\/"]}]},{"@type":"ImageObject","inLanguage":"fr-CA","@id":"https:\/\/www.uqac.ca\/uqactualites\/2010\/09\/30\/nouvelle-direction-au-projet-balsac\/#primaryimage","url":"http:\/\/www.uqac.ca\/wp-content\/uploads\/2012\/03\/qV45tzaqnpxYdmTY-225x300.jpg","contentUrl":"http:\/\/www.uqac.ca\/wp-content\/uploads\/2012\/03\/qV45tzaqnpxYdmTY-225x300.jpg"},{"@type":"BreadcrumbList","@id":"https:\/\/www.uqac.ca\/uqactualites\/2010\/09\/30\/nouvelle-direction-au-projet-balsac\/#breadcrumb","itemListElement":[{"@type":"ListItem","position":1,"name":"Home","item":"https:\/\/www.uqac.ca\/uqactualites\/"},{"@type":"ListItem","position":2,"name":"Nouvelle direction au Projet BALSAC"}]},{"@type":"WebSite","@id":"https:\/\/www.uqac.ca\/uqactualites\/#website","url":"https:\/\/www.uqac.ca\/uqactualites\/","name":"UQACtualit\u00e9s","description":"Le portail des nouvelles de l&#039;UQAC","potentialAction":[{"@type":"SearchAction","target":{"@type":"EntryPoint","urlTemplate":"https:\/\/www.uqac.ca\/uqactualites\/?s={search_term_string}"},"query-input":{"@type":"PropertyValueSpecification","valueRequired":true,"valueName":"search_term_string"}}],"inLanguage":"fr-CA"},{"@type":"Person","@id":"https:\/\/www.uqac.ca\/uqactualites\/#\/schema\/person\/366c45a0c4f0e677b41b4af5886e2018","name":"Service des communications et des relations publiques","image":{"@type":"ImageObject","inLanguage":"fr-CA","@id":"https:\/\/www.uqac.ca\/uqactualites\/#\/schema\/person\/image\/","url":"https:\/\/secure.gravatar.com\/avatar\/20fbbda8a292f59f2d3461a5b999c00b?s=96&d=mm&r=g","contentUrl":"https:\/\/secure.gravatar.com\/avatar\/20fbbda8a292f59f2d3461a5b999c00b?s=96&d=mm&r=g","caption":"Service des communications et des relations publiques"},"url":"https:\/\/www.uqac.ca\/uqactualites\/author\/bap\/"}]}},"_links":{"self":[{"href":"https:\/\/www.uqac.ca\/uqactualites\/wp-json\/wp\/v2\/posts\/19287"}],"collection":[{"href":"https:\/\/www.uqac.ca\/uqactualites\/wp-json\/wp\/v2\/posts"}],"about":[{"href":"https:\/\/www.uqac.ca\/uqactualites\/wp-json\/wp\/v2\/types\/post"}],"author":[{"embeddable":true,"href":"https:\/\/www.uqac.ca\/uqactualites\/wp-json\/wp\/v2\/users\/5"}],"replies":[{"embeddable":true,"href":"https:\/\/www.uqac.ca\/uqactualites\/wp-json\/wp\/v2\/comments?post=19287"}],"version-history":[{"count":0,"href":"https:\/\/www.uqac.ca\/uqactualites\/wp-json\/wp\/v2\/posts\/19287\/revisions"}],"wp:attachment":[{"href":"https:\/\/www.uqac.ca\/uqactualites\/wp-json\/wp\/v2\/media?parent=19287"}],"wp:term":[{"taxonomy":"category","embeddable":true,"href":"https:\/\/www.uqac.ca\/uqactualites\/wp-json\/wp\/v2\/categories?post=19287"},{"taxonomy":"post_tag","embeddable":true,"href":"https:\/\/www.uqac.ca\/uqactualites\/wp-json\/wp\/v2\/tags?post=19287"}],"curies":[{"name":"wp","href":"https:\/\/api.w.org\/{rel}","templated":true}]}}