{"id":19288,"date":"2010-09-29T08:25:08","date_gmt":"2010-09-29T13:55:08","guid":{"rendered":"http:\/\/uqactualite.odev.ca\/2010\/09\/le-cee-uqac-publie-aux-presses-de-laluminium\/"},"modified":"2010-09-29T08:25:08","modified_gmt":"2010-09-29T13:55:08","slug":"le-cee-uqac-publie-aux-presses-de-laluminium","status":"publish","type":"post","link":"https:\/\/www.uqac.ca\/uqactualites\/2010\/09\/29\/le-cee-uqac-publie-aux-presses-de-laluminium\/","title":{"rendered":"Le CEE-UQAC publie aux Presses de l&rsquo;aluminium"},"content":{"rendered":"<p><figure id=\"attachment_19288\" aria-describedby=\"caption-attachment-19288\" style=\"width: 300px\" class=\"wp-caption alignright\"><a href=\"http:\/\/www.uqac.ca\/wp-content\/uploads\/2012\/03\/NwCNnTi0OwzYuie4.jpg\"><img loading=\"lazy\" decoding=\"async\" class=\"size-medium wp-image-19288\" title=\"NwCNnTi0OwzYuie4\" src=\"http:\/\/www.uqac.ca\/wp-content\/uploads\/2012\/03\/NwCNnTi0OwzYuie4-300x224.jpg\" width=\"300\" height=\"224\" alt=\"\" \/><\/a><figcaption id=\"caption-attachment-19288\" class=\"wp-caption-text\"> Quelques-uns des auteurs : (de gauche \u00e0 droite)  Lise Plourde, professeure, UQAC; Pierre Desch\u00eanes, professeur, UQAC; Isabelle Maltais, CEE-UQAC; Marc Beaulieu, notaire; Marianne Bolduc, CEE-UQAC; Bernard Morin, CNRC-PARI; Louis Dussault, directeur g\u00e9n\u00e9ral, CEE-UQAC; Marc Priv\u00e9, enseignant, C\u00e9gep de Chicoutimi. <\/figcaption><\/figure>Dans le but de cr\u00e9er un document de r\u00e9f\u00e9rence bien structur\u00e9 autour d&rsquo;un m\u00eame th\u00e8me \u00ab l&rsquo;entrepreneuriat \u00bb, le CEE-UQAC vient de publier aux Presses de l&rsquo;aluminium son recueil de \u00ab Chroniques entrepreneuriales 1998-2009 \u00bb. <\/p>\n<p>Ce livre s&rsquo;adresse aux entrepreneurs, mais aussi \u00e0 toute personne qui se sent interpell\u00e9e par l&rsquo;entrepreneuriat. Il pr\u00e9sente une s\u00e9lection des soixante-dix-sept chroniques les plus pertinentes publi\u00e9es depuis ses tout d\u00e9buts, en 1998. Les chroniques sont subdivis\u00e9es en quatre grands th\u00e8mes : <strong>le processus de cr\u00e9ation d&rsquo;entreprise et le plan d&rsquo;affaires, les entrepreneurs vous parlent, la rel\u00e8ve entrepreneuriale ainsi que la gestion et les fonctions de l&rsquo;entreprise. <\/strong>Vous aurez donc la chance de lire plus d&rsquo;une cinquantaine d&rsquo;auteurs provenant de diff\u00e9rents milieux (\u00e9ducation, socio\u00e9conomique, affaires\u2026).<\/p>\n<p>Vous pouvez obtenir, gratuitement, une copie en communiquant avec les Presses de l&rsquo;aluminium (PRAL) au 418 545-5520 ou par courriel \u00e0 info@pral.ca.<\/p>\n","protected":false},"excerpt":{"rendered":"<p>Dans le but de cr\u00e9er un document de r\u00e9f\u00e9rence bien structur\u00e9 autour d&rsquo;un m\u00eame th\u00e8me \u00ab l&rsquo;entrepreneuriat \u00bb, le CEE-UQAC vient de publier aux Presses de l&rsquo;aluminium son recueil de \u00ab Chroniques entrepreneuriales 1998-2009 \u00bb. Ce livre s&rsquo;adresse aux entrepreneurs, mais aussi \u00e0 toute personne qui se sent interpell\u00e9e par l&rsquo;entrepreneuriat. Il pr\u00e9sente une s\u00e9lection [&hellip;]<\/p>\n","protected":false},"author":5,"featured_media":0,"comment_status":"closed","ping_status":"1","sticky":false,"template":"","format":"standard","meta":{"footnotes":""},"categories":[2],"tags":[],"yoast_head":"<!-- This site is optimized with the Yoast SEO plugin v24.2 - https:\/\/yoast.com\/wordpress\/plugins\/seo\/ -->\r\n<title>Le CEE-UQAC publie aux Presses de l&#039;aluminium - UQACtualit\u00e9s<\/title>\r\n<meta name=\"robots\" content=\"index, follow, max-snippet:-1, max-image-preview:large, max-video-preview:-1\" \/>\r\n<link rel=\"canonical\" href=\"https:\/\/www.uqac.ca\/uqactualites\/2010\/09\/29\/le-cee-uqac-publie-aux-presses-de-laluminium\/\" \/>\r\n<meta property=\"og:locale\" content=\"fr_CA\" \/>\r\n<meta property=\"og:type\" content=\"article\" \/>\r\n<meta property=\"og:title\" content=\"Le CEE-UQAC publie aux Presses de l&#039;aluminium - UQACtualit\u00e9s\" \/>\r\n<meta property=\"og:description\" content=\"Dans le but de cr\u00e9er un document de r\u00e9f\u00e9rence bien structur\u00e9 autour d&rsquo;un m\u00eame th\u00e8me \u00ab l&rsquo;entrepreneuriat \u00bb, le CEE-UQAC vient de publier aux Presses de l&rsquo;aluminium son recueil de \u00ab Chroniques entrepreneuriales 1998-2009 \u00bb. Ce livre s&rsquo;adresse aux entrepreneurs, mais aussi \u00e0 toute personne qui se sent interpell\u00e9e par l&rsquo;entrepreneuriat. Il pr\u00e9sente une s\u00e9lection [&hellip;]\" \/>\r\n<meta property=\"og:url\" content=\"https:\/\/www.uqac.ca\/uqactualites\/2010\/09\/29\/le-cee-uqac-publie-aux-presses-de-laluminium\/\" \/>\r\n<meta property=\"og:site_name\" content=\"UQACtualit\u00e9s\" \/>\r\n<meta property=\"article:published_time\" content=\"2010-09-29T13:55:08+00:00\" \/>\r\n<meta property=\"og:image\" content=\"http:\/\/www.uqac.ca\/wp-content\/uploads\/2012\/03\/NwCNnTi0OwzYuie4-300x224.jpg\" \/>\r\n<meta name=\"author\" content=\"Service des communications et des relations publiques\" \/>\r\n<meta name=\"twitter:card\" content=\"summary_large_image\" \/>\r\n<meta name=\"twitter:label1\" content=\"\u00c9crit par\" \/>\n\t<meta name=\"twitter:data1\" content=\"Service des communications et des relations publiques\" \/>\n\t<meta name=\"twitter:label2\" content=\"Estimation du temps de lecture\" \/>\n\t<meta name=\"twitter:data2\" content=\"1 minute\" \/>\r\n<script type=\"application\/ld+json\" class=\"yoast-schema-graph\">{\"@context\":\"https:\/\/schema.org\",\"@graph\":[{\"@type\":\"WebPage\",\"@id\":\"https:\/\/www.uqac.ca\/uqactualites\/2010\/09\/29\/le-cee-uqac-publie-aux-presses-de-laluminium\/\",\"url\":\"https:\/\/www.uqac.ca\/uqactualites\/2010\/09\/29\/le-cee-uqac-publie-aux-presses-de-laluminium\/\",\"name\":\"Le CEE-UQAC publie aux Presses de l'aluminium - UQACtualit\u00e9s\",\"isPartOf\":{\"@id\":\"https:\/\/www.uqac.ca\/uqactualites\/#website\"},\"primaryImageOfPage\":{\"@id\":\"https:\/\/www.uqac.ca\/uqactualites\/2010\/09\/29\/le-cee-uqac-publie-aux-presses-de-laluminium\/#primaryimage\"},\"image\":{\"@id\":\"https:\/\/www.uqac.ca\/uqactualites\/2010\/09\/29\/le-cee-uqac-publie-aux-presses-de-laluminium\/#primaryimage\"},\"thumbnailUrl\":\"http:\/\/www.uqac.ca\/wp-content\/uploads\/2012\/03\/NwCNnTi0OwzYuie4-300x224.jpg\",\"datePublished\":\"2010-09-29T13:55:08+00:00\",\"dateModified\":\"2010-09-29T13:55:08+00:00\",\"author\":{\"@id\":\"https:\/\/www.uqac.ca\/uqactualites\/#\/schema\/person\/366c45a0c4f0e677b41b4af5886e2018\"},\"breadcrumb\":{\"@id\":\"https:\/\/www.uqac.ca\/uqactualites\/2010\/09\/29\/le-cee-uqac-publie-aux-presses-de-laluminium\/#breadcrumb\"},\"inLanguage\":\"fr-CA\",\"potentialAction\":[{\"@type\":\"ReadAction\",\"target\":[\"https:\/\/www.uqac.ca\/uqactualites\/2010\/09\/29\/le-cee-uqac-publie-aux-presses-de-laluminium\/\"]}]},{\"@type\":\"ImageObject\",\"inLanguage\":\"fr-CA\",\"@id\":\"https:\/\/www.uqac.ca\/uqactualites\/2010\/09\/29\/le-cee-uqac-publie-aux-presses-de-laluminium\/#primaryimage\",\"url\":\"http:\/\/www.uqac.ca\/wp-content\/uploads\/2012\/03\/NwCNnTi0OwzYuie4-300x224.jpg\",\"contentUrl\":\"http:\/\/www.uqac.ca\/wp-content\/uploads\/2012\/03\/NwCNnTi0OwzYuie4-300x224.jpg\"},{\"@type\":\"BreadcrumbList\",\"@id\":\"https:\/\/www.uqac.ca\/uqactualites\/2010\/09\/29\/le-cee-uqac-publie-aux-presses-de-laluminium\/#breadcrumb\",\"itemListElement\":[{\"@type\":\"ListItem\",\"position\":1,\"name\":\"Home\",\"item\":\"https:\/\/www.uqac.ca\/uqactualites\/\"},{\"@type\":\"ListItem\",\"position\":2,\"name\":\"Le CEE-UQAC publie aux Presses de l&rsquo;aluminium\"}]},{\"@type\":\"WebSite\",\"@id\":\"https:\/\/www.uqac.ca\/uqactualites\/#website\",\"url\":\"https:\/\/www.uqac.ca\/uqactualites\/\",\"name\":\"UQACtualit\u00e9s\",\"description\":\"Le portail des nouvelles de l&#039;UQAC\",\"potentialAction\":[{\"@type\":\"SearchAction\",\"target\":{\"@type\":\"EntryPoint\",\"urlTemplate\":\"https:\/\/www.uqac.ca\/uqactualites\/?s={search_term_string}\"},\"query-input\":{\"@type\":\"PropertyValueSpecification\",\"valueRequired\":true,\"valueName\":\"search_term_string\"}}],\"inLanguage\":\"fr-CA\"},{\"@type\":\"Person\",\"@id\":\"https:\/\/www.uqac.ca\/uqactualites\/#\/schema\/person\/366c45a0c4f0e677b41b4af5886e2018\",\"name\":\"Service des communications et des relations publiques\",\"image\":{\"@type\":\"ImageObject\",\"inLanguage\":\"fr-CA\",\"@id\":\"https:\/\/www.uqac.ca\/uqactualites\/#\/schema\/person\/image\/\",\"url\":\"https:\/\/secure.gravatar.com\/avatar\/20fbbda8a292f59f2d3461a5b999c00b?s=96&d=mm&r=g\",\"contentUrl\":\"https:\/\/secure.gravatar.com\/avatar\/20fbbda8a292f59f2d3461a5b999c00b?s=96&d=mm&r=g\",\"caption\":\"Service des communications et des relations publiques\"},\"url\":\"https:\/\/www.uqac.ca\/uqactualites\/author\/bap\/\"}]}<\/script>\r\n<!-- \/ Yoast SEO plugin. -->","yoast_head_json":{"title":"Le CEE-UQAC publie aux Presses de l'aluminium - UQACtualit\u00e9s","robots":{"index":"index","follow":"follow","max-snippet":"max-snippet:-1","max-image-preview":"max-image-preview:large","max-video-preview":"max-video-preview:-1"},"canonical":"https:\/\/www.uqac.ca\/uqactualites\/2010\/09\/29\/le-cee-uqac-publie-aux-presses-de-laluminium\/","og_locale":"fr_CA","og_type":"article","og_title":"Le CEE-UQAC publie aux Presses de l'aluminium - UQACtualit\u00e9s","og_description":"Dans le but de cr\u00e9er un document de r\u00e9f\u00e9rence bien structur\u00e9 autour d&rsquo;un m\u00eame th\u00e8me \u00ab l&rsquo;entrepreneuriat \u00bb, le CEE-UQAC vient de publier aux Presses de l&rsquo;aluminium son recueil de \u00ab Chroniques entrepreneuriales 1998-2009 \u00bb. Ce livre s&rsquo;adresse aux entrepreneurs, mais aussi \u00e0 toute personne qui se sent interpell\u00e9e par l&rsquo;entrepreneuriat. Il pr\u00e9sente une s\u00e9lection [&hellip;]","og_url":"https:\/\/www.uqac.ca\/uqactualites\/2010\/09\/29\/le-cee-uqac-publie-aux-presses-de-laluminium\/","og_site_name":"UQACtualit\u00e9s","article_published_time":"2010-09-29T13:55:08+00:00","og_image":[{"url":"http:\/\/www.uqac.ca\/wp-content\/uploads\/2012\/03\/NwCNnTi0OwzYuie4-300x224.jpg","type":"","width":"","height":""}],"author":"Service des communications et des relations publiques","twitter_card":"summary_large_image","twitter_misc":{"\u00c9crit par":"Service des communications et des relations publiques","Estimation du temps de lecture":"1 minute"},"schema":{"@context":"https:\/\/schema.org","@graph":[{"@type":"WebPage","@id":"https:\/\/www.uqac.ca\/uqactualites\/2010\/09\/29\/le-cee-uqac-publie-aux-presses-de-laluminium\/","url":"https:\/\/www.uqac.ca\/uqactualites\/2010\/09\/29\/le-cee-uqac-publie-aux-presses-de-laluminium\/","name":"Le CEE-UQAC publie aux Presses de l'aluminium - UQACtualit\u00e9s","isPartOf":{"@id":"https:\/\/www.uqac.ca\/uqactualites\/#website"},"primaryImageOfPage":{"@id":"https:\/\/www.uqac.ca\/uqactualites\/2010\/09\/29\/le-cee-uqac-publie-aux-presses-de-laluminium\/#primaryimage"},"image":{"@id":"https:\/\/www.uqac.ca\/uqactualites\/2010\/09\/29\/le-cee-uqac-publie-aux-presses-de-laluminium\/#primaryimage"},"thumbnailUrl":"http:\/\/www.uqac.ca\/wp-content\/uploads\/2012\/03\/NwCNnTi0OwzYuie4-300x224.jpg","datePublished":"2010-09-29T13:55:08+00:00","dateModified":"2010-09-29T13:55:08+00:00","author":{"@id":"https:\/\/www.uqac.ca\/uqactualites\/#\/schema\/person\/366c45a0c4f0e677b41b4af5886e2018"},"breadcrumb":{"@id":"https:\/\/www.uqac.ca\/uqactualites\/2010\/09\/29\/le-cee-uqac-publie-aux-presses-de-laluminium\/#breadcrumb"},"inLanguage":"fr-CA","potentialAction":[{"@type":"ReadAction","target":["https:\/\/www.uqac.ca\/uqactualites\/2010\/09\/29\/le-cee-uqac-publie-aux-presses-de-laluminium\/"]}]},{"@type":"ImageObject","inLanguage":"fr-CA","@id":"https:\/\/www.uqac.ca\/uqactualites\/2010\/09\/29\/le-cee-uqac-publie-aux-presses-de-laluminium\/#primaryimage","url":"http:\/\/www.uqac.ca\/wp-content\/uploads\/2012\/03\/NwCNnTi0OwzYuie4-300x224.jpg","contentUrl":"http:\/\/www.uqac.ca\/wp-content\/uploads\/2012\/03\/NwCNnTi0OwzYuie4-300x224.jpg"},{"@type":"BreadcrumbList","@id":"https:\/\/www.uqac.ca\/uqactualites\/2010\/09\/29\/le-cee-uqac-publie-aux-presses-de-laluminium\/#breadcrumb","itemListElement":[{"@type":"ListItem","position":1,"name":"Home","item":"https:\/\/www.uqac.ca\/uqactualites\/"},{"@type":"ListItem","position":2,"name":"Le CEE-UQAC publie aux Presses de l&rsquo;aluminium"}]},{"@type":"WebSite","@id":"https:\/\/www.uqac.ca\/uqactualites\/#website","url":"https:\/\/www.uqac.ca\/uqactualites\/","name":"UQACtualit\u00e9s","description":"Le portail des nouvelles de l&#039;UQAC","potentialAction":[{"@type":"SearchAction","target":{"@type":"EntryPoint","urlTemplate":"https:\/\/www.uqac.ca\/uqactualites\/?s={search_term_string}"},"query-input":{"@type":"PropertyValueSpecification","valueRequired":true,"valueName":"search_term_string"}}],"inLanguage":"fr-CA"},{"@type":"Person","@id":"https:\/\/www.uqac.ca\/uqactualites\/#\/schema\/person\/366c45a0c4f0e677b41b4af5886e2018","name":"Service des communications et des relations publiques","image":{"@type":"ImageObject","inLanguage":"fr-CA","@id":"https:\/\/www.uqac.ca\/uqactualites\/#\/schema\/person\/image\/","url":"https:\/\/secure.gravatar.com\/avatar\/20fbbda8a292f59f2d3461a5b999c00b?s=96&d=mm&r=g","contentUrl":"https:\/\/secure.gravatar.com\/avatar\/20fbbda8a292f59f2d3461a5b999c00b?s=96&d=mm&r=g","caption":"Service des communications et des relations publiques"},"url":"https:\/\/www.uqac.ca\/uqactualites\/author\/bap\/"}]}},"_links":{"self":[{"href":"https:\/\/www.uqac.ca\/uqactualites\/wp-json\/wp\/v2\/posts\/19288"}],"collection":[{"href":"https:\/\/www.uqac.ca\/uqactualites\/wp-json\/wp\/v2\/posts"}],"about":[{"href":"https:\/\/www.uqac.ca\/uqactualites\/wp-json\/wp\/v2\/types\/post"}],"author":[{"embeddable":true,"href":"https:\/\/www.uqac.ca\/uqactualites\/wp-json\/wp\/v2\/users\/5"}],"replies":[{"embeddable":true,"href":"https:\/\/www.uqac.ca\/uqactualites\/wp-json\/wp\/v2\/comments?post=19288"}],"version-history":[{"count":0,"href":"https:\/\/www.uqac.ca\/uqactualites\/wp-json\/wp\/v2\/posts\/19288\/revisions"}],"wp:attachment":[{"href":"https:\/\/www.uqac.ca\/uqactualites\/wp-json\/wp\/v2\/media?parent=19288"}],"wp:term":[{"taxonomy":"category","embeddable":true,"href":"https:\/\/www.uqac.ca\/uqactualites\/wp-json\/wp\/v2\/categories?post=19288"},{"taxonomy":"post_tag","embeddable":true,"href":"https:\/\/www.uqac.ca\/uqactualites\/wp-json\/wp\/v2\/tags?post=19288"}],"curies":[{"name":"wp","href":"https:\/\/api.w.org\/{rel}","templated":true}]}}