{"id":19289,"date":"2010-09-21T16:42:31","date_gmt":"2010-09-21T22:12:31","guid":{"rendered":"http:\/\/uqactualite.odev.ca\/2010\/09\/ravie-de-pouvoir-vivre-en-region\/"},"modified":"2010-09-21T16:42:31","modified_gmt":"2010-09-21T22:12:31","slug":"ravie-de-pouvoir-vivre-en-region","status":"publish","type":"post","link":"https:\/\/www.uqac.ca\/uqactualites\/2010\/09\/21\/ravie-de-pouvoir-vivre-en-region\/","title":{"rendered":"Ravie de pouvoir vivre en r\u00e9gion"},"content":{"rendered":"<p><figure id=\"attachment_19289\" aria-describedby=\"caption-attachment-19289\" style=\"width: 218px\" class=\"wp-caption alignright\"><a href=\"http:\/\/www.uqac.ca\/wp-content\/uploads\/2012\/03\/HlByNyjWjFTPwxmB.jpg\"><img loading=\"lazy\" decoding=\"async\" class=\"size-medium wp-image-19289\" title=\"HlByNyjWjFTPwxmB\" src=\"http:\/\/www.uqac.ca\/wp-content\/uploads\/2012\/03\/HlByNyjWjFTPwxmB-218x300.jpg\" width=\"218\" height=\"300\" alt=\"\" \/><\/a><figcaption id=\"caption-attachment-19289\" class=\"wp-caption-text\">Apr\u00e8s son doctorat en psychologie \u00e0 l&#039;Universit\u00e9 de Montr\u00e9al, Linda Paquette enseigne maintenant sa passion \u00e0 l&#039;Universit\u00e9 du Qu\u00e9bec \u00e0 Chicoutimi. Photo Michel Tremblay<\/figcaption><\/figure>Linda Paquette a eu une chance unique; revenir dans sa r\u00e9gion afin d&rsquo;y enseigner sa passion, la psychologie. Apr\u00e8s s&rsquo;\u00eatre exil\u00e9e dans la m\u00e9tropole afin de compl\u00e9ter son doctorat, la jeune femme est ravie de retrouver l&rsquo;Universit\u00e9 du Qu\u00e9bec \u00e0 Chicoutimi (UQAC). <\/p>\n<p>L&rsquo;universit\u00e9 r\u00e9gionale, elle la conna\u00eet d&rsquo;ailleurs tr\u00e8s bien. Apr\u00e8s avoir \u00e9tudi\u00e9 en Arts et technologie des m\u00e9dias au C\u00e9gep de Jonqui\u00e8re, madame Paquette s&rsquo;est inscrite en litt\u00e9rature \u00e0 l&rsquo;UQAC. \u00c9trangement, c&rsquo;est le domaine des communications qui l&rsquo;a incit\u00e9 \u00e0 d\u00e9velopper son int\u00e9r\u00eat pour la psychologie. <\/p>\n<p>\u00ab Je me posais beaucoup de questions sur les probl\u00e8mes de la communication. De fil en aiguille, je me suis inscrite au baccalaur\u00e9at en psychologie afin d&rsquo;y trouver des r\u00e9ponses \u00bb, explique-t-elle. <\/p>\n<p>A-t-elle trouv\u00e9 des r\u00e9ponses \u00e0 ses questions? \u00ab Non, maintenant j&rsquo;ai encore plus de questions. Mais c&rsquo;est tant mieux, parce que c&rsquo;est \u00e0 la base de mon travail. Je ne ferais pas de recherche si je ne me posais pas de question. \u00bb <\/p>\n<p>Pourquoi avoir choisi l&rsquo;enseignement? La r\u00e9ponse est simple pour elle : la libert\u00e9 acad\u00e9mique. Lorsqu&rsquo;elle \u00e9tait \u00e0 Montr\u00e9al, madame Paquette travaillait avec de jeunes contrevenants, dans un encadrement tr\u00e8s serr\u00e9. Elle ne b\u00e9n\u00e9ficiait que de tr\u00e8s peu de marche de manoeuvre. Lorsqu&rsquo;elle a \u00e9t\u00e9 approch\u00e9e pour occuper un emploi de professeure, elle a saut\u00e9 sur l&rsquo;occasion. <\/p>\n<p>\u00ab Le travail d&rsquo;une professeure est tr\u00e8s diversifi\u00e9. Environ 25 \u00e0 30 pour cent de la t\u00e2che consiste \u00e0 l&rsquo;enseignement. Il y a une grande part de r\u00e9daction d&rsquo;articles scientifiques, de rencontres avec les \u00e9tudiants, de demande de subvention et de recherche proprement dites. Cette diversit\u00e9 est tr\u00e8s stimulante. \u00bb <\/p>\n<p>Difficile de partir d&rsquo;une universit\u00e9 de grands centres \u00e0 une universit\u00e9 r\u00e9gionale? Au contraire, affirme Linda Paquette. \u00ab L&rsquo;UQAC est une universit\u00e9 de taille humaine, o\u00f9 il est possible d&rsquo;\u00eatre consid\u00e9r\u00e9 de mani\u00e8re personnelle. Autant du c\u00f4t\u00e9 des professeurs que du c\u00f4t\u00e9 des \u00e9tudiants. \u00bb<\/p>\n<p>En effet, alors que les groupes d&rsquo;\u00e9tudiants exc\u00e8dent les 150 personnes dans les grands centres, ils regroupent plut\u00f4t une cinquantaine d&rsquo;\u00e9tudiants, \u00e0 l&rsquo;UQAC. Un avantage ind\u00e9niable, qui permet \u00ab un enseignement plus personnalis\u00e9 \u00bb et un encadrement plus ad\u00e9quat des \u00e9tudiants. Sans parler de la disponibilit\u00e9 accrue des professeurs. <\/p>\n<p>Petite anecdote qui illustre tr\u00e8s bien cette personnalisation du service. \u00ab Alors que je travaillais pour la clinique de psychologie de l&rsquo;Universit\u00e9 de Montr\u00e9al, obtenir un double de clef pour un local constituait un exercice laborieux qui pouvait prendre jusqu&rsquo;\u00e0 trois semaines. \u00c0 l&rsquo;UQAC, en \u00e0 peine deux jours j&rsquo;ai re\u00e7u un double \u00bb, relate-t-elle, sourire aux l\u00e8vres. <\/p>\n<p><strong>\u00c0 l&rsquo;UQAC et pas ailleurs <\/strong><\/p>\n<p>Un des plus importants avantages dont b\u00e9n\u00e9ficie la chercheuse est de disposer d&rsquo;un fonds de d\u00e9marrage pour ses recherches. \u00ab Je ne connais aucun autre endroit o\u00f9 un jeune professeur pourrait b\u00e9n\u00e9ficier d&rsquo;un fonds de recherche si rapidement. G\u00e9n\u00e9ralement, on doit attendre d&rsquo;avoir de l&rsquo;exp\u00e9rience et \u00e7a peut \u00eatre long. C&rsquo;est une chance unique qui m&rsquo;est offerte. \u00bb <\/p>\n<p>L&rsquo;UQAC est d&rsquo;ailleurs all\u00e9e chercher cette professeure en partie pour ses travaux de recherche. Le doctorat offert \u00e0 l&rsquo;UQAC forme des praticiens, pas des chercheurs. Le retour dans sa r\u00e9gion de Linda Paquette est donc une corde de plus \u00e0 l&rsquo;arc du d\u00e9partement de psychologie de l&rsquo;UQAC. <\/p>\n<p>De plus, la chercheuse b\u00e9n\u00e9ficie de la pr\u00e9sence de \u00ab mati\u00e8re premi\u00e8re \u00bb, via le baccalaur\u00e9at en plein air, alors que ses \u00e9tudes portent sur la prise de risque chez ceux qui pratiquent la planche \u00e0 neige et le ski alpin et la consommation de psychotropes. <\/p>\n<p>\u00ab Je dois avouer que la pr\u00e9sence du baccalaur\u00e9at en plein air a beaucoup jou\u00e9 sur ma d\u00e9cision. C&rsquo;est le seul endroit o\u00f9 l&rsquo;on effectue des recherches sur le plein air th\u00e9rapeutique. C&rsquo;est une occasion en or pour moi. \u00bb <\/p>\n<p><strong>Retour aux sources <\/strong><\/p>\n<p>Linda Paquette est saguen\u00e9enne d&rsquo;adoption. Elle est arriv\u00e9e dans la r\u00e9gion \u00e0 l&rsquo;\u00e2ge de 7 ans et ne l&rsquo;a quitt\u00e9e qu&rsquo;\u00e0 26 ans pour compl\u00e9ter son doctorat en psychologie \u00e0 l&rsquo;Universit\u00e9 de Montr\u00e9al. Bien qu&rsquo;elle ne soit \u00e0 l&rsquo;UQAC que depuis deux mois, elle souhaite y rester. <\/p>\n<p>\u00ab Le climat qui r\u00e8gne \u00e0 l&rsquo;UQAC m&rsquo;a s\u00e9duite imm\u00e9diatement. Je suis l&rsquo;une des premi\u00e8res de ma promotion \u00e0 \u00eatre revenue ici pour enseigner et je ne le regrette pas. On ne peut jamais \u00eatre certain de l&rsquo;avenir, mais j&rsquo;esp\u00e8re rester \u00e0 l&rsquo;UQAC. Si on m&rsquo;en offrait l&rsquo;occasion, je resterais. \u00bb <\/p>\n<p>Malgr\u00e9 tout, madame Paquette a parfois des \u00ab crises de la m\u00e9tropole \u00bb. \u00ab Le multiculturalisme de Montr\u00e9al me manque. Je m&rsquo;ennuie de mes restaurants indiens. Sur le campus, c&rsquo;est agr\u00e9able puisqu&rsquo;il y a une grande diversit\u00e9 culturelle, avec les \u00e9tudiants internationaux. Par contre, ce n&rsquo;est pas repr\u00e9sentatif de la population r\u00e9gionale \u00bb, d\u00e9plore-t-elle. Mais ce n&rsquo;est rien en comparaison avec le plaisir de se rapprocher de ses parents. <\/p>\n<p>Le contact avec les gens est une autre facette r\u00e9gionale qu&rsquo;elle a aim\u00e9 retrouver. \u00ab Dans la rue, comme \u00e0 l&rsquo;UQAC, les gens sont disponibles et ont le contact facile. \u00c0 Montr\u00e9al, ce n&rsquo;est pas toujours aussi \u00e9vident de socialiser, m\u00eame avec ses voisins. \u00bb<\/p>\n<p>Madame Paquette insiste sur l&rsquo;importance pour les jeunes de la r\u00e9gion de consid\u00e9rer l&rsquo;UQAC dans leur choix d&rsquo;\u00e9tablissement d&rsquo;enseignement car, comme le souligne Linda Paquette, \u00ab le contact initial avec l&rsquo;UQAC donne envie d&rsquo;y rester. \u00bb <\/p>\n<p>Le Quotidien, samedi 18 septembre 2010, p. 12<br \/>\nUn texte de Jimmy Trottier<\/p>\n","protected":false},"excerpt":{"rendered":"<p>Linda Paquette a eu une chance unique; revenir dans sa r\u00e9gion afin d&rsquo;y enseigner sa passion, la psychologie. Apr\u00e8s s&rsquo;\u00eatre exil\u00e9e dans la m\u00e9tropole afin de compl\u00e9ter son doctorat, la jeune femme est ravie de retrouver l&rsquo;Universit\u00e9 du Qu\u00e9bec \u00e0 Chicoutimi (UQAC). L&rsquo;universit\u00e9 r\u00e9gionale, elle la conna\u00eet d&rsquo;ailleurs tr\u00e8s bien. Apr\u00e8s avoir \u00e9tudi\u00e9 en Arts [&hellip;]<\/p>\n","protected":false},"author":5,"featured_media":0,"comment_status":"closed","ping_status":"1","sticky":false,"template":"","format":"standard","meta":{"footnotes":""},"categories":[2772],"tags":[],"yoast_head":"<!-- This site is optimized with the Yoast SEO plugin v24.2 - https:\/\/yoast.com\/wordpress\/plugins\/seo\/ -->\r\n<title>Ravie de pouvoir vivre en r\u00e9gion - UQACtualit\u00e9s<\/title>\r\n<meta name=\"robots\" content=\"index, follow, max-snippet:-1, max-image-preview:large, max-video-preview:-1\" \/>\r\n<link rel=\"canonical\" href=\"https:\/\/www.uqac.ca\/uqactualites\/2010\/09\/21\/ravie-de-pouvoir-vivre-en-region\/\" \/>\r\n<meta property=\"og:locale\" content=\"fr_CA\" \/>\r\n<meta property=\"og:type\" content=\"article\" \/>\r\n<meta property=\"og:title\" content=\"Ravie de pouvoir vivre en r\u00e9gion - UQACtualit\u00e9s\" \/>\r\n<meta property=\"og:description\" content=\"Linda Paquette a eu une chance unique; revenir dans sa r\u00e9gion afin d&rsquo;y enseigner sa passion, la psychologie. Apr\u00e8s s&rsquo;\u00eatre exil\u00e9e dans la m\u00e9tropole afin de compl\u00e9ter son doctorat, la jeune femme est ravie de retrouver l&rsquo;Universit\u00e9 du Qu\u00e9bec \u00e0 Chicoutimi (UQAC). L&rsquo;universit\u00e9 r\u00e9gionale, elle la conna\u00eet d&rsquo;ailleurs tr\u00e8s bien. Apr\u00e8s avoir \u00e9tudi\u00e9 en Arts [&hellip;]\" \/>\r\n<meta property=\"og:url\" content=\"https:\/\/www.uqac.ca\/uqactualites\/2010\/09\/21\/ravie-de-pouvoir-vivre-en-region\/\" \/>\r\n<meta property=\"og:site_name\" content=\"UQACtualit\u00e9s\" \/>\r\n<meta property=\"article:published_time\" content=\"2010-09-21T22:12:31+00:00\" \/>\r\n<meta property=\"og:image\" content=\"http:\/\/www.uqac.ca\/wp-content\/uploads\/2012\/03\/HlByNyjWjFTPwxmB-218x300.jpg\" \/>\r\n<meta name=\"author\" content=\"Service des communications et des relations publiques\" \/>\r\n<meta name=\"twitter:card\" content=\"summary_large_image\" \/>\r\n<meta name=\"twitter:label1\" content=\"\u00c9crit par\" \/>\n\t<meta name=\"twitter:data1\" content=\"Service des communications et des relations publiques\" \/>\n\t<meta name=\"twitter:label2\" content=\"Estimation du temps de lecture\" \/>\n\t<meta name=\"twitter:data2\" content=\"5 minutes\" \/>\r\n<script type=\"application\/ld+json\" class=\"yoast-schema-graph\">{\"@context\":\"https:\/\/schema.org\",\"@graph\":[{\"@type\":\"WebPage\",\"@id\":\"https:\/\/www.uqac.ca\/uqactualites\/2010\/09\/21\/ravie-de-pouvoir-vivre-en-region\/\",\"url\":\"https:\/\/www.uqac.ca\/uqactualites\/2010\/09\/21\/ravie-de-pouvoir-vivre-en-region\/\",\"name\":\"Ravie de pouvoir vivre en r\u00e9gion - UQACtualit\u00e9s\",\"isPartOf\":{\"@id\":\"https:\/\/www.uqac.ca\/uqactualites\/#website\"},\"primaryImageOfPage\":{\"@id\":\"https:\/\/www.uqac.ca\/uqactualites\/2010\/09\/21\/ravie-de-pouvoir-vivre-en-region\/#primaryimage\"},\"image\":{\"@id\":\"https:\/\/www.uqac.ca\/uqactualites\/2010\/09\/21\/ravie-de-pouvoir-vivre-en-region\/#primaryimage\"},\"thumbnailUrl\":\"http:\/\/www.uqac.ca\/wp-content\/uploads\/2012\/03\/HlByNyjWjFTPwxmB-218x300.jpg\",\"datePublished\":\"2010-09-21T22:12:31+00:00\",\"dateModified\":\"2010-09-21T22:12:31+00:00\",\"author\":{\"@id\":\"https:\/\/www.uqac.ca\/uqactualites\/#\/schema\/person\/366c45a0c4f0e677b41b4af5886e2018\"},\"breadcrumb\":{\"@id\":\"https:\/\/www.uqac.ca\/uqactualites\/2010\/09\/21\/ravie-de-pouvoir-vivre-en-region\/#breadcrumb\"},\"inLanguage\":\"fr-CA\",\"potentialAction\":[{\"@type\":\"ReadAction\",\"target\":[\"https:\/\/www.uqac.ca\/uqactualites\/2010\/09\/21\/ravie-de-pouvoir-vivre-en-region\/\"]}]},{\"@type\":\"ImageObject\",\"inLanguage\":\"fr-CA\",\"@id\":\"https:\/\/www.uqac.ca\/uqactualites\/2010\/09\/21\/ravie-de-pouvoir-vivre-en-region\/#primaryimage\",\"url\":\"http:\/\/www.uqac.ca\/wp-content\/uploads\/2012\/03\/HlByNyjWjFTPwxmB-218x300.jpg\",\"contentUrl\":\"http:\/\/www.uqac.ca\/wp-content\/uploads\/2012\/03\/HlByNyjWjFTPwxmB-218x300.jpg\"},{\"@type\":\"BreadcrumbList\",\"@id\":\"https:\/\/www.uqac.ca\/uqactualites\/2010\/09\/21\/ravie-de-pouvoir-vivre-en-region\/#breadcrumb\",\"itemListElement\":[{\"@type\":\"ListItem\",\"position\":1,\"name\":\"Home\",\"item\":\"https:\/\/www.uqac.ca\/uqactualites\/\"},{\"@type\":\"ListItem\",\"position\":2,\"name\":\"Ravie de pouvoir vivre en r\u00e9gion\"}]},{\"@type\":\"WebSite\",\"@id\":\"https:\/\/www.uqac.ca\/uqactualites\/#website\",\"url\":\"https:\/\/www.uqac.ca\/uqactualites\/\",\"name\":\"UQACtualit\u00e9s\",\"description\":\"Le portail des nouvelles de l&#039;UQAC\",\"potentialAction\":[{\"@type\":\"SearchAction\",\"target\":{\"@type\":\"EntryPoint\",\"urlTemplate\":\"https:\/\/www.uqac.ca\/uqactualites\/?s={search_term_string}\"},\"query-input\":{\"@type\":\"PropertyValueSpecification\",\"valueRequired\":true,\"valueName\":\"search_term_string\"}}],\"inLanguage\":\"fr-CA\"},{\"@type\":\"Person\",\"@id\":\"https:\/\/www.uqac.ca\/uqactualites\/#\/schema\/person\/366c45a0c4f0e677b41b4af5886e2018\",\"name\":\"Service des communications et des relations publiques\",\"image\":{\"@type\":\"ImageObject\",\"inLanguage\":\"fr-CA\",\"@id\":\"https:\/\/www.uqac.ca\/uqactualites\/#\/schema\/person\/image\/\",\"url\":\"https:\/\/secure.gravatar.com\/avatar\/20fbbda8a292f59f2d3461a5b999c00b?s=96&d=mm&r=g\",\"contentUrl\":\"https:\/\/secure.gravatar.com\/avatar\/20fbbda8a292f59f2d3461a5b999c00b?s=96&d=mm&r=g\",\"caption\":\"Service des communications et des relations publiques\"},\"url\":\"https:\/\/www.uqac.ca\/uqactualites\/author\/bap\/\"}]}<\/script>\r\n<!-- \/ Yoast SEO plugin. -->","yoast_head_json":{"title":"Ravie de pouvoir vivre en r\u00e9gion - UQACtualit\u00e9s","robots":{"index":"index","follow":"follow","max-snippet":"max-snippet:-1","max-image-preview":"max-image-preview:large","max-video-preview":"max-video-preview:-1"},"canonical":"https:\/\/www.uqac.ca\/uqactualites\/2010\/09\/21\/ravie-de-pouvoir-vivre-en-region\/","og_locale":"fr_CA","og_type":"article","og_title":"Ravie de pouvoir vivre en r\u00e9gion - UQACtualit\u00e9s","og_description":"Linda Paquette a eu une chance unique; revenir dans sa r\u00e9gion afin d&rsquo;y enseigner sa passion, la psychologie. Apr\u00e8s s&rsquo;\u00eatre exil\u00e9e dans la m\u00e9tropole afin de compl\u00e9ter son doctorat, la jeune femme est ravie de retrouver l&rsquo;Universit\u00e9 du Qu\u00e9bec \u00e0 Chicoutimi (UQAC). L&rsquo;universit\u00e9 r\u00e9gionale, elle la conna\u00eet d&rsquo;ailleurs tr\u00e8s bien. Apr\u00e8s avoir \u00e9tudi\u00e9 en Arts [&hellip;]","og_url":"https:\/\/www.uqac.ca\/uqactualites\/2010\/09\/21\/ravie-de-pouvoir-vivre-en-region\/","og_site_name":"UQACtualit\u00e9s","article_published_time":"2010-09-21T22:12:31+00:00","og_image":[{"url":"http:\/\/www.uqac.ca\/wp-content\/uploads\/2012\/03\/HlByNyjWjFTPwxmB-218x300.jpg","type":"","width":"","height":""}],"author":"Service des communications et des relations publiques","twitter_card":"summary_large_image","twitter_misc":{"\u00c9crit par":"Service des communications et des relations publiques","Estimation du temps de lecture":"5 minutes"},"schema":{"@context":"https:\/\/schema.org","@graph":[{"@type":"WebPage","@id":"https:\/\/www.uqac.ca\/uqactualites\/2010\/09\/21\/ravie-de-pouvoir-vivre-en-region\/","url":"https:\/\/www.uqac.ca\/uqactualites\/2010\/09\/21\/ravie-de-pouvoir-vivre-en-region\/","name":"Ravie de pouvoir vivre en r\u00e9gion - UQACtualit\u00e9s","isPartOf":{"@id":"https:\/\/www.uqac.ca\/uqactualites\/#website"},"primaryImageOfPage":{"@id":"https:\/\/www.uqac.ca\/uqactualites\/2010\/09\/21\/ravie-de-pouvoir-vivre-en-region\/#primaryimage"},"image":{"@id":"https:\/\/www.uqac.ca\/uqactualites\/2010\/09\/21\/ravie-de-pouvoir-vivre-en-region\/#primaryimage"},"thumbnailUrl":"http:\/\/www.uqac.ca\/wp-content\/uploads\/2012\/03\/HlByNyjWjFTPwxmB-218x300.jpg","datePublished":"2010-09-21T22:12:31+00:00","dateModified":"2010-09-21T22:12:31+00:00","author":{"@id":"https:\/\/www.uqac.ca\/uqactualites\/#\/schema\/person\/366c45a0c4f0e677b41b4af5886e2018"},"breadcrumb":{"@id":"https:\/\/www.uqac.ca\/uqactualites\/2010\/09\/21\/ravie-de-pouvoir-vivre-en-region\/#breadcrumb"},"inLanguage":"fr-CA","potentialAction":[{"@type":"ReadAction","target":["https:\/\/www.uqac.ca\/uqactualites\/2010\/09\/21\/ravie-de-pouvoir-vivre-en-region\/"]}]},{"@type":"ImageObject","inLanguage":"fr-CA","@id":"https:\/\/www.uqac.ca\/uqactualites\/2010\/09\/21\/ravie-de-pouvoir-vivre-en-region\/#primaryimage","url":"http:\/\/www.uqac.ca\/wp-content\/uploads\/2012\/03\/HlByNyjWjFTPwxmB-218x300.jpg","contentUrl":"http:\/\/www.uqac.ca\/wp-content\/uploads\/2012\/03\/HlByNyjWjFTPwxmB-218x300.jpg"},{"@type":"BreadcrumbList","@id":"https:\/\/www.uqac.ca\/uqactualites\/2010\/09\/21\/ravie-de-pouvoir-vivre-en-region\/#breadcrumb","itemListElement":[{"@type":"ListItem","position":1,"name":"Home","item":"https:\/\/www.uqac.ca\/uqactualites\/"},{"@type":"ListItem","position":2,"name":"Ravie de pouvoir vivre en r\u00e9gion"}]},{"@type":"WebSite","@id":"https:\/\/www.uqac.ca\/uqactualites\/#website","url":"https:\/\/www.uqac.ca\/uqactualites\/","name":"UQACtualit\u00e9s","description":"Le portail des nouvelles de l&#039;UQAC","potentialAction":[{"@type":"SearchAction","target":{"@type":"EntryPoint","urlTemplate":"https:\/\/www.uqac.ca\/uqactualites\/?s={search_term_string}"},"query-input":{"@type":"PropertyValueSpecification","valueRequired":true,"valueName":"search_term_string"}}],"inLanguage":"fr-CA"},{"@type":"Person","@id":"https:\/\/www.uqac.ca\/uqactualites\/#\/schema\/person\/366c45a0c4f0e677b41b4af5886e2018","name":"Service des communications et des relations publiques","image":{"@type":"ImageObject","inLanguage":"fr-CA","@id":"https:\/\/www.uqac.ca\/uqactualites\/#\/schema\/person\/image\/","url":"https:\/\/secure.gravatar.com\/avatar\/20fbbda8a292f59f2d3461a5b999c00b?s=96&d=mm&r=g","contentUrl":"https:\/\/secure.gravatar.com\/avatar\/20fbbda8a292f59f2d3461a5b999c00b?s=96&d=mm&r=g","caption":"Service des communications et des relations publiques"},"url":"https:\/\/www.uqac.ca\/uqactualites\/author\/bap\/"}]}},"_links":{"self":[{"href":"https:\/\/www.uqac.ca\/uqactualites\/wp-json\/wp\/v2\/posts\/19289"}],"collection":[{"href":"https:\/\/www.uqac.ca\/uqactualites\/wp-json\/wp\/v2\/posts"}],"about":[{"href":"https:\/\/www.uqac.ca\/uqactualites\/wp-json\/wp\/v2\/types\/post"}],"author":[{"embeddable":true,"href":"https:\/\/www.uqac.ca\/uqactualites\/wp-json\/wp\/v2\/users\/5"}],"replies":[{"embeddable":true,"href":"https:\/\/www.uqac.ca\/uqactualites\/wp-json\/wp\/v2\/comments?post=19289"}],"version-history":[{"count":0,"href":"https:\/\/www.uqac.ca\/uqactualites\/wp-json\/wp\/v2\/posts\/19289\/revisions"}],"wp:attachment":[{"href":"https:\/\/www.uqac.ca\/uqactualites\/wp-json\/wp\/v2\/media?parent=19289"}],"wp:term":[{"taxonomy":"category","embeddable":true,"href":"https:\/\/www.uqac.ca\/uqactualites\/wp-json\/wp\/v2\/categories?post=19289"},{"taxonomy":"post_tag","embeddable":true,"href":"https:\/\/www.uqac.ca\/uqactualites\/wp-json\/wp\/v2\/tags?post=19289"}],"curies":[{"name":"wp","href":"https:\/\/api.w.org\/{rel}","templated":true}]}}