{"id":19309,"date":"2010-04-20T13:51:08","date_gmt":"2010-04-20T19:21:08","guid":{"rendered":"http:\/\/uqactualite.odev.ca\/2010\/04\/la-mort-musulmane-objet-dun-colloque\/"},"modified":"2010-04-20T13:51:08","modified_gmt":"2010-04-20T19:21:08","slug":"la-mort-musulmane-objet-dun-colloque","status":"publish","type":"post","link":"https:\/\/www.uqac.ca\/uqactualites\/2010\/04\/20\/la-mort-musulmane-objet-dun-colloque\/","title":{"rendered":"La mort musulmane objet d&rsquo;un colloque"},"content":{"rendered":"<p>Le port du voile, la demande d&rsquo;une alimentation halal dans les caf\u00e9t\u00e9rias scolaires ou la s\u00e9paration des hommes et des femmes dans certaines piscines publiques ont \u00e9t\u00e9  une source de tensions entre les Qu\u00e9b\u00e9cois et les immigr\u00e9s musulmans, ces derni\u00e8res ann\u00e9es. Pour la premi\u00e8re fois au Qu\u00e9bec, le sujet de la mort musulmane en contexte d&rsquo;immigration et d&rsquo;islam minoritaire sera trait\u00e9, les 26 et 27 avril, dans le cadre d&rsquo;un colloque. <\/p>\n<p>\u00ab Nous avons constat\u00e9 qu&rsquo;il y a une grande pr\u00e9occupation dans les communaut\u00e9s, affirme le professeur titulaire de la Chaire d&rsquo;enseignement et de recherches interethniques et interculturels (CERII), Khadiyatoulah Fall. Toute culture a ses rituels, sa mani\u00e8re de rendre hommage aux morts, et ceux des musulmans ne sont pas les m\u00eames que ceux des catholiques. Nous sommes devant un nouveau ph\u00e9nom\u00e8ne qui sera sans cesse grandissant. Il y aura de plus en plus de musulmans au Qu\u00e9bec, puisque le Qu\u00e9bec favorise l&rsquo;immigration francophone. La probl\u00e9matique de la mort musulmane est vierge au Qu\u00e9bec, il n&rsquo;y a pas eu d&rsquo;\u00e9tudes \u00e0 ce sujet. \u00bb <\/p>\n<p>Dans la ville de Qu\u00e9bec, par exemple, il n&rsquo;y a aucun cimeti\u00e8re musulman, de sorte que plusieurs personnes se font enterrer \u00e0 Montr\u00e9al, et ce, m\u00eame si leur famille r\u00e9side \u00e0 Qu\u00e9bec. Les proches se rendent donc r\u00e9guli\u00e8rement dans la m\u00e9tropole afin de se recueillir. Dans l&rsquo;esprit de l&rsquo;islam, le d\u00e9funt est un organe biologique inerte, mais qui a la capacit\u00e9 de sentir et d&rsquo;entendre? <\/p>\n<p>\u00ab Les rites \u00e0 suivre sont d\u00e9crits dans notre livre saint. Nous n&rsquo;allons pas dans un cercueil, par exemple. La tombe est enterr\u00e9e \u00e0 une profondeur d\u00e9finie et est orient\u00e9e vers La Mecque. En France, ils font des \u00ab carr\u00e9s \u00bb musulmans. Seuls les pratiquants de l&rsquo;islam y sont enterr\u00e9s. Il s&rsquo;agit des conditions pr\u00e9f\u00e9rables. Nous sommes conscients que de nouvelles religions arrivent dans l&rsquo;espace canadien et qu&rsquo;elles am\u00e8nent avec elles de nouveaux rites, poursuit monsieur Fall. Le Qu\u00e9bec va \u00eatre confront\u00e9 \u00e0 cette r\u00e9alit\u00e9. Les immigrants vieillissent, ils ont eu des enfants ici. \u00bb <\/p>\n<p>Le professeur juge que l&rsquo;immigration musulmane en est une de peuplement. Elle n&rsquo;est donc pas seulement de passage et a de forts risques de mourir ici, entour\u00e9e de sa famille qui, elle aussi, s&rsquo;est implant\u00e9e au pays. <\/p>\n<p>\u00ab Les gens veulent faire du sol qu\u00e9b\u00e9cois le sol o\u00f9 ils vont mourir. Ils appartiennent au Qu\u00e9bec. \u00bb <\/p>\n<p>Dans un \u00e9crit concernant le colloque, monsieur Fall souligne que \u00ab l&rsquo;une des craintes les plus fortes du musulman est de ne pas \u00eatre trait\u00e9 conform\u00e9ment \u00e0 la tradition islamique, ce qui serait un obstacle \u00e0 la bonne transition vers la vie \u00e9ternelle. \u00bb <\/p>\n<p>\u00ab Avant de venir au Saguenay, plusieurs personnes nous demandent s&rsquo;il y a une mosqu\u00e9e. Oui, il y en a une. Elles sont toutefois d\u00e9\u00e7ues d&rsquo;apprendre qu&rsquo;il n&rsquo;y a pas de cimeti\u00e8re musulman. Ce serait un \u00e9l\u00e9ment d&rsquo;attraction. S&rsquo;il y en avait un \u00e0 Qu\u00e9bec, ce serait d\u00e9j\u00e0 un grand pas de fait. \u00bb <\/p>\n<p><strong>\u00c0 Montr\u00e9al <\/strong><\/p>\n<p>La demande \u00e9tait forte aupr\u00e8s de monsieur Fall afin que le colloque se d\u00e9roule \u00e0 Montr\u00e9al. Il a refus\u00e9 cette option. \u00ab Nous sommes dans une dynamique de r\u00e9gionalisation de l&rsquo;immigration. De plus, nous avons un chercheur \u00e9minent ici en la personne de G\u00e9rard Bouchard. Comme l&rsquo;initiative de ce colloque international avait \u00e9t\u00e9 prise en r\u00e9gion, nous voulions que ce soit ici qu&rsquo;il se d\u00e9roule. \u00bb <\/p>\n<p>Monsieur Fall s&rsquo;attend \u00e0 ce qu&rsquo;une centaine de personnes assistent \u00e0 chacun des ateliers. Il mentionne que le colloque, qui se tiendra \u00e0 l&rsquo;H\u00f4tel Chicoutimi, n&rsquo;est pas r\u00e9serv\u00e9 uniquement aux musulmans. <\/p>\n<p>Le colloque sera pr\u00e9c\u00e9d\u00e9 de trois conf\u00e9rences publiques, dont deux \u00e0 Montr\u00e9al et une \u00e0 Qu\u00e9bec. <\/p>\n<p>Des sommit\u00e9s dans le domaine du multiculturalisme comme Atmane Aggoun (chercheur associ\u00e9 au CNRS, France) et Uli Windisch (Universit\u00e9 de Gen\u00e8ve, Suisse) seront de passage dans la r\u00e9gion. <\/p>\n<p>Le Quotidien, 17 avril 2010<br \/>\nUn texte de <a href=\"mailto:kbelley-murray@lequotidien.com\">Katerine Belley-Murray<\/a><\/p>\n","protected":false},"excerpt":{"rendered":"<p>Le port du voile, la demande d&rsquo;une alimentation halal dans les caf\u00e9t\u00e9rias scolaires ou la s\u00e9paration des hommes et des femmes dans certaines piscines publiques ont \u00e9t\u00e9 une source de tensions entre les Qu\u00e9b\u00e9cois et les immigr\u00e9s musulmans, ces derni\u00e8res ann\u00e9es. Pour la premi\u00e8re fois au Qu\u00e9bec, le sujet de la mort musulmane en contexte [&hellip;]<\/p>\n","protected":false},"author":5,"featured_media":0,"comment_status":"closed","ping_status":"1","sticky":false,"template":"","format":"standard","meta":{"footnotes":""},"categories":[2772],"tags":[],"yoast_head":"<!-- This site is optimized with the Yoast SEO plugin v24.2 - https:\/\/yoast.com\/wordpress\/plugins\/seo\/ -->\r\n<title>La mort musulmane objet d&#039;un colloque - UQACtualit\u00e9s<\/title>\r\n<meta name=\"robots\" content=\"index, follow, max-snippet:-1, max-image-preview:large, max-video-preview:-1\" \/>\r\n<link rel=\"canonical\" href=\"https:\/\/www.uqac.ca\/uqactualites\/2010\/04\/20\/la-mort-musulmane-objet-dun-colloque\/\" \/>\r\n<meta property=\"og:locale\" content=\"fr_CA\" \/>\r\n<meta property=\"og:type\" content=\"article\" \/>\r\n<meta property=\"og:title\" content=\"La mort musulmane objet d&#039;un colloque - UQACtualit\u00e9s\" \/>\r\n<meta property=\"og:description\" content=\"Le port du voile, la demande d&rsquo;une alimentation halal dans les caf\u00e9t\u00e9rias scolaires ou la s\u00e9paration des hommes et des femmes dans certaines piscines publiques ont \u00e9t\u00e9 une source de tensions entre les Qu\u00e9b\u00e9cois et les immigr\u00e9s musulmans, ces derni\u00e8res ann\u00e9es. Pour la premi\u00e8re fois au Qu\u00e9bec, le sujet de la mort musulmane en contexte [&hellip;]\" \/>\r\n<meta property=\"og:url\" content=\"https:\/\/www.uqac.ca\/uqactualites\/2010\/04\/20\/la-mort-musulmane-objet-dun-colloque\/\" \/>\r\n<meta property=\"og:site_name\" content=\"UQACtualit\u00e9s\" \/>\r\n<meta property=\"article:published_time\" content=\"2010-04-20T19:21:08+00:00\" \/>\r\n<meta name=\"author\" content=\"Service des communications et des relations publiques\" \/>\r\n<meta name=\"twitter:card\" content=\"summary_large_image\" \/>\r\n<meta name=\"twitter:label1\" content=\"\u00c9crit par\" \/>\n\t<meta name=\"twitter:data1\" content=\"Service des communications et des relations publiques\" \/>\n\t<meta name=\"twitter:label2\" content=\"Estimation du temps de lecture\" \/>\n\t<meta name=\"twitter:data2\" content=\"3 minutes\" \/>\r\n<script type=\"application\/ld+json\" class=\"yoast-schema-graph\">{\"@context\":\"https:\/\/schema.org\",\"@graph\":[{\"@type\":\"WebPage\",\"@id\":\"https:\/\/www.uqac.ca\/uqactualites\/2010\/04\/20\/la-mort-musulmane-objet-dun-colloque\/\",\"url\":\"https:\/\/www.uqac.ca\/uqactualites\/2010\/04\/20\/la-mort-musulmane-objet-dun-colloque\/\",\"name\":\"La mort musulmane objet d'un colloque - UQACtualit\u00e9s\",\"isPartOf\":{\"@id\":\"https:\/\/www.uqac.ca\/uqactualites\/#website\"},\"datePublished\":\"2010-04-20T19:21:08+00:00\",\"dateModified\":\"2010-04-20T19:21:08+00:00\",\"author\":{\"@id\":\"https:\/\/www.uqac.ca\/uqactualites\/#\/schema\/person\/366c45a0c4f0e677b41b4af5886e2018\"},\"breadcrumb\":{\"@id\":\"https:\/\/www.uqac.ca\/uqactualites\/2010\/04\/20\/la-mort-musulmane-objet-dun-colloque\/#breadcrumb\"},\"inLanguage\":\"fr-CA\",\"potentialAction\":[{\"@type\":\"ReadAction\",\"target\":[\"https:\/\/www.uqac.ca\/uqactualites\/2010\/04\/20\/la-mort-musulmane-objet-dun-colloque\/\"]}]},{\"@type\":\"BreadcrumbList\",\"@id\":\"https:\/\/www.uqac.ca\/uqactualites\/2010\/04\/20\/la-mort-musulmane-objet-dun-colloque\/#breadcrumb\",\"itemListElement\":[{\"@type\":\"ListItem\",\"position\":1,\"name\":\"Home\",\"item\":\"https:\/\/www.uqac.ca\/uqactualites\/\"},{\"@type\":\"ListItem\",\"position\":2,\"name\":\"La mort musulmane objet d&rsquo;un colloque\"}]},{\"@type\":\"WebSite\",\"@id\":\"https:\/\/www.uqac.ca\/uqactualites\/#website\",\"url\":\"https:\/\/www.uqac.ca\/uqactualites\/\",\"name\":\"UQACtualit\u00e9s\",\"description\":\"Le portail des nouvelles de l&#039;UQAC\",\"potentialAction\":[{\"@type\":\"SearchAction\",\"target\":{\"@type\":\"EntryPoint\",\"urlTemplate\":\"https:\/\/www.uqac.ca\/uqactualites\/?s={search_term_string}\"},\"query-input\":{\"@type\":\"PropertyValueSpecification\",\"valueRequired\":true,\"valueName\":\"search_term_string\"}}],\"inLanguage\":\"fr-CA\"},{\"@type\":\"Person\",\"@id\":\"https:\/\/www.uqac.ca\/uqactualites\/#\/schema\/person\/366c45a0c4f0e677b41b4af5886e2018\",\"name\":\"Service des communications et des relations publiques\",\"image\":{\"@type\":\"ImageObject\",\"inLanguage\":\"fr-CA\",\"@id\":\"https:\/\/www.uqac.ca\/uqactualites\/#\/schema\/person\/image\/\",\"url\":\"https:\/\/secure.gravatar.com\/avatar\/20fbbda8a292f59f2d3461a5b999c00b?s=96&d=mm&r=g\",\"contentUrl\":\"https:\/\/secure.gravatar.com\/avatar\/20fbbda8a292f59f2d3461a5b999c00b?s=96&d=mm&r=g\",\"caption\":\"Service des communications et des relations publiques\"},\"url\":\"https:\/\/www.uqac.ca\/uqactualites\/author\/bap\/\"}]}<\/script>\r\n<!-- \/ Yoast SEO plugin. -->","yoast_head_json":{"title":"La mort musulmane objet d'un colloque - UQACtualit\u00e9s","robots":{"index":"index","follow":"follow","max-snippet":"max-snippet:-1","max-image-preview":"max-image-preview:large","max-video-preview":"max-video-preview:-1"},"canonical":"https:\/\/www.uqac.ca\/uqactualites\/2010\/04\/20\/la-mort-musulmane-objet-dun-colloque\/","og_locale":"fr_CA","og_type":"article","og_title":"La mort musulmane objet d'un colloque - UQACtualit\u00e9s","og_description":"Le port du voile, la demande d&rsquo;une alimentation halal dans les caf\u00e9t\u00e9rias scolaires ou la s\u00e9paration des hommes et des femmes dans certaines piscines publiques ont \u00e9t\u00e9 une source de tensions entre les Qu\u00e9b\u00e9cois et les immigr\u00e9s musulmans, ces derni\u00e8res ann\u00e9es. Pour la premi\u00e8re fois au Qu\u00e9bec, le sujet de la mort musulmane en contexte [&hellip;]","og_url":"https:\/\/www.uqac.ca\/uqactualites\/2010\/04\/20\/la-mort-musulmane-objet-dun-colloque\/","og_site_name":"UQACtualit\u00e9s","article_published_time":"2010-04-20T19:21:08+00:00","author":"Service des communications et des relations publiques","twitter_card":"summary_large_image","twitter_misc":{"\u00c9crit par":"Service des communications et des relations publiques","Estimation du temps de lecture":"3 minutes"},"schema":{"@context":"https:\/\/schema.org","@graph":[{"@type":"WebPage","@id":"https:\/\/www.uqac.ca\/uqactualites\/2010\/04\/20\/la-mort-musulmane-objet-dun-colloque\/","url":"https:\/\/www.uqac.ca\/uqactualites\/2010\/04\/20\/la-mort-musulmane-objet-dun-colloque\/","name":"La mort musulmane objet d'un colloque - UQACtualit\u00e9s","isPartOf":{"@id":"https:\/\/www.uqac.ca\/uqactualites\/#website"},"datePublished":"2010-04-20T19:21:08+00:00","dateModified":"2010-04-20T19:21:08+00:00","author":{"@id":"https:\/\/www.uqac.ca\/uqactualites\/#\/schema\/person\/366c45a0c4f0e677b41b4af5886e2018"},"breadcrumb":{"@id":"https:\/\/www.uqac.ca\/uqactualites\/2010\/04\/20\/la-mort-musulmane-objet-dun-colloque\/#breadcrumb"},"inLanguage":"fr-CA","potentialAction":[{"@type":"ReadAction","target":["https:\/\/www.uqac.ca\/uqactualites\/2010\/04\/20\/la-mort-musulmane-objet-dun-colloque\/"]}]},{"@type":"BreadcrumbList","@id":"https:\/\/www.uqac.ca\/uqactualites\/2010\/04\/20\/la-mort-musulmane-objet-dun-colloque\/#breadcrumb","itemListElement":[{"@type":"ListItem","position":1,"name":"Home","item":"https:\/\/www.uqac.ca\/uqactualites\/"},{"@type":"ListItem","position":2,"name":"La mort musulmane objet d&rsquo;un colloque"}]},{"@type":"WebSite","@id":"https:\/\/www.uqac.ca\/uqactualites\/#website","url":"https:\/\/www.uqac.ca\/uqactualites\/","name":"UQACtualit\u00e9s","description":"Le portail des nouvelles de l&#039;UQAC","potentialAction":[{"@type":"SearchAction","target":{"@type":"EntryPoint","urlTemplate":"https:\/\/www.uqac.ca\/uqactualites\/?s={search_term_string}"},"query-input":{"@type":"PropertyValueSpecification","valueRequired":true,"valueName":"search_term_string"}}],"inLanguage":"fr-CA"},{"@type":"Person","@id":"https:\/\/www.uqac.ca\/uqactualites\/#\/schema\/person\/366c45a0c4f0e677b41b4af5886e2018","name":"Service des communications et des relations publiques","image":{"@type":"ImageObject","inLanguage":"fr-CA","@id":"https:\/\/www.uqac.ca\/uqactualites\/#\/schema\/person\/image\/","url":"https:\/\/secure.gravatar.com\/avatar\/20fbbda8a292f59f2d3461a5b999c00b?s=96&d=mm&r=g","contentUrl":"https:\/\/secure.gravatar.com\/avatar\/20fbbda8a292f59f2d3461a5b999c00b?s=96&d=mm&r=g","caption":"Service des communications et des relations publiques"},"url":"https:\/\/www.uqac.ca\/uqactualites\/author\/bap\/"}]}},"_links":{"self":[{"href":"https:\/\/www.uqac.ca\/uqactualites\/wp-json\/wp\/v2\/posts\/19309"}],"collection":[{"href":"https:\/\/www.uqac.ca\/uqactualites\/wp-json\/wp\/v2\/posts"}],"about":[{"href":"https:\/\/www.uqac.ca\/uqactualites\/wp-json\/wp\/v2\/types\/post"}],"author":[{"embeddable":true,"href":"https:\/\/www.uqac.ca\/uqactualites\/wp-json\/wp\/v2\/users\/5"}],"replies":[{"embeddable":true,"href":"https:\/\/www.uqac.ca\/uqactualites\/wp-json\/wp\/v2\/comments?post=19309"}],"version-history":[{"count":0,"href":"https:\/\/www.uqac.ca\/uqactualites\/wp-json\/wp\/v2\/posts\/19309\/revisions"}],"wp:attachment":[{"href":"https:\/\/www.uqac.ca\/uqactualites\/wp-json\/wp\/v2\/media?parent=19309"}],"wp:term":[{"taxonomy":"category","embeddable":true,"href":"https:\/\/www.uqac.ca\/uqactualites\/wp-json\/wp\/v2\/categories?post=19309"},{"taxonomy":"post_tag","embeddable":true,"href":"https:\/\/www.uqac.ca\/uqactualites\/wp-json\/wp\/v2\/tags?post=19309"}],"curies":[{"name":"wp","href":"https:\/\/api.w.org\/{rel}","templated":true}]}}